{"id":153230,"date":"2026-01-27T02:53:09","date_gmt":"2026-01-27T02:53:09","guid":{"rendered":"https:\/\/www.europesays.com\/fi\/153230\/"},"modified":"2026-01-27T02:53:09","modified_gmt":"2026-01-27T02:53:09","slug":"aku-hirviniemi-tapasi-legendaarisen-poliitikon","status":"publish","type":"post","link":"https:\/\/www.europesays.com\/fi\/153230\/","title":{"rendered":"Aku Hirviniemi tapasi legendaarisen poliitikon"},"content":{"rendered":"<p class=\"article-content article-content-width !bg-background\">N\u00e4yttelij\u00e4 , 42, tunnetaan nykyisin my\u00f6s kelloyrtitt\u00e4j\u00e4n\u00e4, mutta my\u00f6s toimiviksi todetut vanhat vitsit ja hahmot taipuvat miehelt\u00e4 edelleen rahoiksi asti.<\/p>\n<p class=\"font-weight-bold m-font-weight-bold article-content article-content-width !bg-background\">Katso my\u00f6s! Aku Hirviniemi perusti kultakaupan:<\/p>\n<p class=\"article-content article-content-width !bg-background\">Tammikuun lopulle mahtui my\u00f6s yksi viihdekeikka sketsihahmo Usko Eevertti Luttisena, ja vitsi\u00e4 v\u00e4\u00e4nnettiin edellisen kansanedustajankin edess\u00e4.<\/p>\n<p>Pilkkaa valtioneuvoksen edess\u00e4<\/p>\n<p class=\"article-content article-content-width !bg-background\">Vuonna 2010 Aku hypp\u00e4si mukaan viihdeohjelma Putoukseen, jossa h\u00e4n hauskuutti kansaa toinen toistaan kekseli\u00e4\u00e4mmill\u00e4 sketsihahmoillaan ja nousi auttamatta koko kansan tietoisuuteen. Ohjelma poiki vuosien varrella useita sketsimaailman helmihahmoja, joista osalla Aku ly\u00f6 edelleen t\u00e4n\u00e4kin p\u00e4iv\u00e4n\u00e4 rahoiksi.\u00a0<\/p>\n<p>        <a itemprop=\"url\" href=\"https:\/\/www.seiska.fi\/kotimaa\/aku-hirviniemi-myi-omaisuuttaan-huikea-hintalappu\/1288676\" rel=\"nofollow noopener\" target=\"_blank\"><\/p>\n<p class=\"section-date\">\n        <strong class=\"article-section\" data-section=\"kotimaa\"><br \/>\n            kotimaa<br \/>\n        <\/strong><br \/>\n        6.3.2024 14:41\n    <\/p>\n<p>Aku Hirviniemi myi omaisuuttaan \u2013 huikea hintalappu\n    <\/p>\n<p itemprop=\"description\" class=\"subtitle \">\n    Aku pisti \u00f6kykellonsa myyntiin Facebookissa.\n<\/p>\n<p>        <\/a><\/p>\n<p class=\"article-content article-content-width !bg-background\">Tammikuun lopulla Aku n\u00e4htiin j\u00e4lleen Puotuksesta aikanaan tutuksi tulleina hahmoina: pastoreista pilkkaa tekev\u00e4n\u00e4 Usko Eevertti Luttisena sek\u00e4 rakennusalan yritt\u00e4j\u00e4\u00e4 imitoivana Timo Harjakaisena. Kyseess\u00e4 oli Puolen vuosisadan bileet -niminen tapahtuma, jossa vieraana oli my\u00f6s Kokoomuksen pitk\u00e4aikainen kansanedustaja ja eduskunnan entinen puhemies sek\u00e4 opetusministeri , 83. Aku julkaisi tapaamisesta yhteiskuvan omalle <a href=\"https:\/\/www.instagram.com\/akuhirviniemiofficial\/\" target=\"_blank\" rel=\"nofollow noopener\">Instagram-tililleen<\/a>.<\/p>\n<p class=\"article-content article-content-width !bg-background\">Kuvassa Aku ja valtioneuvos Riitta poseeraavat vierekk\u00e4in kameralle hymyss\u00e4suin poseeraten.<\/p>\n<p class=\"article-content article-content-width !bg-background\"> \u2013 Pastorin ja Valtioneuvoksen l\u00e4mmin kohtaaminen Imatran y\u00f6ss\u00e4. Illasta tuli puhdas ja aatteellinen. Oli suuri kunnia!\u00a0Aku kirjoittaa julkaisussaan. <\/p>\n<p>                <img decoding=\"async\" src=\"https:\/\/www.europesays.com\/fi\/wp-content\/uploads\/2026\/01\/2057033.webp.jpeg\" width=\"576\" height=\"735\" alt=\"Nelj\u00e4ll\u00e4 vuosikymmenell\u00e4 poliittista uraa painanut Riitta oli ensimm\u00e4inen nainen Suomessa, joka sai valtioneuvoksen arvon. Kuvassa Riitta ja h\u00e4nen nyt jo edesmennyt aviomiehens\u00e4 Topi Uosukainen Presidentinlinnassa Itsen\u00e4isyysp\u00e4iv\u00e4n juhlavastaanotolla vuonna 2002.\" loading=\"lazy\" \/>            <\/p>\n<p>            Nelj\u00e4ll\u00e4 vuosikymmenell\u00e4 poliittista uraa painanut Riitta oli ensimm\u00e4inen nainen Suomessa, joka sai valtioneuvoksen arvon. Kuvassa Riitta ja h\u00e4nen nyt jo edesmennyt aviomiehens\u00e4  Presidentinlinnassa Itsen\u00e4isyysp\u00e4iv\u00e4n juhlavastaanotolla vuonna 2002.<br \/>\n            Matti Matikainen<\/p>\n<p>Kellobisnes Helsingiss\u00e4<\/p>\n<p class=\"article-content article-content-width !bg-background\">Viime vuosina toisinaan suhteellisen hiljaa julkisuudesta pysytellyt Aku tempaisi vuonna 2024 koko kansaa yll\u00e4tt\u00e4neen liikkeen: mies pisti pystyyn oman Helsingin kello ja kulta -liikkeen Helsingin Punavuoreen.<\/p>\n<p>        <a itemprop=\"url\" href=\"https:\/\/www.seiska.fi\/vain-seiskassa\/julkisuudesta-kadonnut-aku-hirviniemi-nayttaytyi-tutussa-paikassa-vaivaantunut-tunnelma\/1283122\" rel=\"nofollow noopener\" target=\"_blank\"><\/p>\n<p>\nVain Seiskassa!\n<\/p>\n<p class=\"section-date\">\n        <strong class=\"article-section\" data-section=\"vain seiskassa\"><br \/>\n            vain seiskassa<br \/>\n        <\/strong><br \/>\n        2.3.2024 06:00\n    <\/p>\n<p>Julkisuudesta kadonnut Aku Hirviniemi n\u00e4ytt\u00e4ytyi tutussa paikassa \u2013 vaivaantunut tunnelma\n    <\/p>\n<p itemprop=\"description\" class=\"subtitle \">\n    Silminn\u00e4kij\u00e4n mukaan Aku vaikutti hieman vaivaantuneelta, sill\u00e4 h\u00e4n vilkuili jatkuvasti ymp\u00e4rilleen.\n<\/p>\n<p>        <\/a><\/p>\n<p>                <img decoding=\"async\" src=\"https:\/\/www.europesays.com\/fi\/wp-content\/uploads\/2026\/01\/2057095.webp.jpeg\" width=\"576\" height=\"720\" alt=\"Akun kultasep\u00e4nt\u00f6iden ja kellojen v\u00e4hitt\u00e4iskauppaa tekev\u00e4 kivijalkaliike sijaitsee Helsingin hienostoalueella.\" loading=\"lazy\" \/>            <\/p>\n<p>\n            Akun kultasep\u00e4nt\u00f6iden ja kellojen v\u00e4hitt\u00e4iskauppaa tekev\u00e4 kivijalkaliike sijaitsee Helsingin hienostoalueella.<br \/>\n            KAI JORONEN\n        <\/p>\n<p class=\"article-content article-content-width !bg-background\">Kultasep\u00e4nt\u00f6iden ja kellojen v\u00e4hitt\u00e4iskauppaa py\u00f6ritt\u00e4v\u00e4 bisnes on pystyss\u00e4 edelleen, mutta Aku ly\u00f6 samalla rahoiksi my\u00f6s rakastetuilla ja toimiviksi todetuilla sketsihahmoillaan. Aku on mahdollista tilata tapahtumiin esiintym\u00e4\u00e4n ohjelmatoimisto Ohjelmakaupan kautta. Kyseisen toimiston listoilta l\u00f6ytyy Akun lis\u00e4ksi my\u00f6s liuta muita suomalaisia k\u00e4rkinimi\u00e4, muun muassa juontaja  sek\u00e4 Duudsonien  my\u00f6ten.<\/p>\n<p><script async src=\"\/\/www.instagram.com\/embed.js\"><\/script><\/p>\n","protected":false},"excerpt":{"rendered":"N\u00e4yttelij\u00e4 , 42, tunnetaan nykyisin my\u00f6s kelloyrtitt\u00e4j\u00e4n\u00e4, mutta my\u00f6s toimiviksi todetut vanhat vitsit ja hahmot taipuvat miehelt\u00e4 edelleen&hellip;\n","protected":false},"author":2,"featured_media":153231,"comment_status":"","ping_status":"","sticky":false,"template":"","format":"standard","meta":{"footnotes":"","_share_on_mastodon":"0"},"categories":[136],"tags":[4887,407,137,33,31,30,408,25826,212,11443,25827,25828,32,109],"class_list":["post-153230","post","type-post","status-publish","format-standard","has-post-thumbnail","category-julkkikset","tag-aku-hirviniemi","tag-celebrities","tag-entertainment","tag-fi","tag-finland","tag-finnish","tag-julkkikset","tag-kellobisnes","tag-lifestyle","tag-putous","tag-riitta-uosukainen","tag-sketsihahmot","tag-suomi","tag-viihde"],"share_on_mastodon":{"url":"https:\/\/pubeurope.com\/@fi\/115964805315558991","error":""},"_links":{"self":[{"href":"https:\/\/www.europesays.com\/fi\/wp-json\/wp\/v2\/posts\/153230","targetHints":{"allow":["GET"]}}],"collection":[{"href":"https:\/\/www.europesays.com\/fi\/wp-json\/wp\/v2\/posts"}],"about":[{"href":"https:\/\/www.europesays.com\/fi\/wp-json\/wp\/v2\/types\/post"}],"author":[{"embeddable":true,"href":"https:\/\/www.europesays.com\/fi\/wp-json\/wp\/v2\/users\/2"}],"replies":[{"embeddable":true,"href":"https:\/\/www.europesays.com\/fi\/wp-json\/wp\/v2\/comments?post=153230"}],"version-history":[{"count":0,"href":"https:\/\/www.europesays.com\/fi\/wp-json\/wp\/v2\/posts\/153230\/revisions"}],"wp:featuredmedia":[{"embeddable":true,"href":"https:\/\/www.europesays.com\/fi\/wp-json\/wp\/v2\/media\/153231"}],"wp:attachment":[{"href":"https:\/\/www.europesays.com\/fi\/wp-json\/wp\/v2\/media?parent=153230"}],"wp:term":[{"taxonomy":"category","embeddable":true,"href":"https:\/\/www.europesays.com\/fi\/wp-json\/wp\/v2\/categories?post=153230"},{"taxonomy":"post_tag","embeddable":true,"href":"https:\/\/www.europesays.com\/fi\/wp-json\/wp\/v2\/tags?post=153230"}],"curies":[{"name":"wp","href":"https:\/\/api.w.org\/{rel}","templated":true}]}}