{"id":153398,"date":"2026-01-27T07:22:07","date_gmt":"2026-01-27T07:22:07","guid":{"rendered":"https:\/\/www.europesays.com\/fi\/153398\/"},"modified":"2026-01-27T07:22:07","modified_gmt":"2026-01-27T07:22:07","slug":"sam-raimin-unohdettu-marvelin-supersankari-tekee-paluun-uusi-elokuva-tulossa","status":"publish","type":"post","link":"https:\/\/www.europesays.com\/fi\/153398\/","title":{"rendered":"Sam Raimin unohdettu Marvelin supersankari tekee paluun \u2013 uusi elokuva tulossa"},"content":{"rendered":"<p><strong>Sam Raimi <\/strong>teki vuonna 1990 supersankarielokuvan, jonka yhteydess\u00e4 julkaistiin kolme sarjakuvaa.<\/p>\n<p>Vuonna 1996 julkaistiin kuuden numeron minisarjis. Dynamite Entertainment julkaisi viel\u00e4 2006 crossover-sarjiksen, jossa t\u00e4m\u00e4 hahmo l\u00f6i hynttyyt yhteen Raimin luoman ja<strong> Bruce Campbellin <\/strong>esitt\u00e4m\u00e4n Evil Dead -hahmo Ash Williamsin kanssa.<\/p>\n<p>Lue my\u00f6s: <a href=\"https:\/\/www.episodi.fi\/uutiset\/sam-raimi-kertoo-huhutusta-neljannesta-tobey-maguiren-tahdittamasta-spider-man-elokuvastaan\/\" title=\"Sam Raimi kertoo huhutusta nelj\u00e4nnest\u00e4 Tobey Maguiren t\u00e4hditt\u00e4m\u00e4st\u00e4 Spider-Man-elokuvastaan\" class=\"underline-custom !font-montserrat !font-bold !underline-offset-4 !decoration-4 !decoration-episodi-blue !text-md\" rel=\"nofollow noopener\" target=\"_blank\">Sam Raimi kertoo huhutusta nelj\u00e4nnest\u00e4 Tobey Maguiren t\u00e4hditt\u00e4m\u00e4st\u00e4 Spider-Man-elokuvastaan<\/a><\/p>\n<p>Lue my\u00f6s: <a href=\"https:\/\/www.episodi.fi\/uutiset\/evil-dead-mestari-sam-raimin-kauhuleffasta-julkaistiin-uusia-videoita\/\" title=\"Evil Dead -mestari Sam Raimin kauhuleffasta julkaistiin uusia videoita\" class=\"underline-custom !font-montserrat !font-bold !underline-offset-4 !decoration-4 !decoration-episodi-blue !text-md\" rel=\"nofollow noopener\" target=\"_blank\">Evil Dead -mestari Sam Raimin kauhuleffasta julkaistiin uusia videoita<\/a><\/p>\n<p>Kyse on tietenkin Darkmanista, joka on ehk\u00e4 elokuvahistorian aliarvostetuin supersankari- tai antisankarielokuva.<\/p>\n<p><strong>Liam Neeson<\/strong> esitti elokuvassa Darkmania. Mukana olivat my\u00f6s <strong>Frances McDormand, Colin Friels<\/strong> ja <strong>Larry Drake.<\/strong><\/p>\n<p>Darkman sai kaksi suoraan videolle julkaistua jatko-osaa vuosina 1995 ja 1996.<\/p>\n<p>Raimi on nyt tuottamassa Ghost House Pictures -tuotantoyhti\u00f6ns\u00e4 kautta uuden Darkman-elokuvan, jonka <strong>Brian Netto<\/strong> ja <strong>Adam Schindler <\/strong>ohjaavat.<\/p>\n<p>Raimi ty\u00f6skenteli kaksikon kanssa ensimm\u00e4isen kerran Quibin sarjassa 50 States of Fright, mik\u00e4 johti siihen, ett\u00e4 Ghost House tuotti heid\u00e4n Don\u2019t Move -elokuvansa.<\/p>\n<p>L\u00e4hde: <a href=\"https:\/\/geektyrant.com\/news\/sam-raimis-darkman-is-coming-back-with-a-new-movie-and-new-directors\" type=\"link\" id=\"https:\/\/geektyrant.com\/news\/sam-raimis-darkman-is-coming-back-with-a-new-movie-and-new-directors\" target=\"_blank\" rel=\"noreferrer noopener nofollow\">Geek Tyrant<\/a><\/p>\n<p>Lue my\u00f6s: <a href=\"https:\/\/www.episodi.fi\/uutiskirje\/?uutiskirjemainos=tekstilinkkimainos\" title=\"Tilaa Episodin uutiskirje ja voit voittaa leffalippuja! Nappaa tv-vinkit suoraan s\u00e4hk\u00f6postiin t\u00e4st\u00e4.\" class=\"underline-custom !font-montserrat !font-bold !underline-offset-4 !decoration-4 !decoration-episodi-blue !text-md\" rel=\"nofollow noopener\" target=\"_blank\">Tilaa Episodin uutiskirje ja voit voittaa leffalippuja! Nappaa katseluvinkit suoraan s\u00e4hk\u00f6postiin t\u00e4st\u00e4.<\/a><\/p>\n","protected":false},"excerpt":{"rendered":"Sam Raimi teki vuonna 1990 supersankarielokuvan, jonka yhteydess\u00e4 julkaistiin kolme sarjakuvaa. Vuonna 1996 julkaistiin kuuden numeron minisarjis. Dynamite&hellip;\n","protected":false},"author":2,"featured_media":153399,"comment_status":"","ping_status":"","sticky":false,"template":"","format":"standard","meta":{"footnotes":"","_share_on_mastodon":"0"},"categories":[130],"tags":[25840,25841,25842,137,33,31,30,4754,32,109],"class_list":["post-153398","post","type-post","status-publish","format-standard","has-post-thumbnail","category-viihde","tag-adam-schindler","tag-brian-netto","tag-darkman","tag-entertainment","tag-fi","tag-finland","tag-finnish","tag-sam-raimi","tag-suomi","tag-viihde"],"share_on_mastodon":{"url":"https:\/\/pubeurope.com\/@fi\/115965863009992254","error":""},"_links":{"self":[{"href":"https:\/\/www.europesays.com\/fi\/wp-json\/wp\/v2\/posts\/153398","targetHints":{"allow":["GET"]}}],"collection":[{"href":"https:\/\/www.europesays.com\/fi\/wp-json\/wp\/v2\/posts"}],"about":[{"href":"https:\/\/www.europesays.com\/fi\/wp-json\/wp\/v2\/types\/post"}],"author":[{"embeddable":true,"href":"https:\/\/www.europesays.com\/fi\/wp-json\/wp\/v2\/users\/2"}],"replies":[{"embeddable":true,"href":"https:\/\/www.europesays.com\/fi\/wp-json\/wp\/v2\/comments?post=153398"}],"version-history":[{"count":0,"href":"https:\/\/www.europesays.com\/fi\/wp-json\/wp\/v2\/posts\/153398\/revisions"}],"wp:featuredmedia":[{"embeddable":true,"href":"https:\/\/www.europesays.com\/fi\/wp-json\/wp\/v2\/media\/153399"}],"wp:attachment":[{"href":"https:\/\/www.europesays.com\/fi\/wp-json\/wp\/v2\/media?parent=153398"}],"wp:term":[{"taxonomy":"category","embeddable":true,"href":"https:\/\/www.europesays.com\/fi\/wp-json\/wp\/v2\/categories?post=153398"},{"taxonomy":"post_tag","embeddable":true,"href":"https:\/\/www.europesays.com\/fi\/wp-json\/wp\/v2\/tags?post=153398"}],"curies":[{"name":"wp","href":"https:\/\/api.w.org\/{rel}","templated":true}]}}