{"id":153443,"date":"2026-01-27T08:21:07","date_gmt":"2026-01-27T08:21:07","guid":{"rendered":"https:\/\/www.europesays.com\/fi\/153443\/"},"modified":"2026-01-27T08:21:07","modified_gmt":"2026-01-27T08:21:07","slug":"kolme-nayttelya-helsinki-luonto-ja-ujous-ovat-taiteen-kautta-esilla-helmikuussa-paikalliset","status":"publish","type":"post","link":"https:\/\/www.europesays.com\/fi\/153443\/","title":{"rendered":"Kolme n\u00e4yttely\u00e4: Helsinki, luonto ja ujous ovat taiteen kautta esill\u00e4 helmikuussa | Paikalliset"},"content":{"rendered":"<p>Helsingin kaupungin tapahtumakalenterin mukaan helmikuussa j\u00e4rjestet\u00e4\u00e4n kolme n\u00e4yttely\u00e4, jotka tarjoavat k\u00e4vij\u00f6ille erilaisia n\u00e4k\u00f6kulmia kaupunkiymp\u00e4rist\u00f6\u00f6n ja ihmismieleen.<\/p>\n<p><strong class=\"diks-storyline__impact\">Palohein\u00e4n<\/strong> kirjastossa on 3.\u201327. helmikuuta esill\u00e4 Moni-ilmeinen Helsinki -akvarellin\u00e4yttely. Se esittelee vesiv\u00e4rimaalauksia, joissa Helsingin keskustan muuttuvat maisemat, rakennettu ymp\u00e4rist\u00f6 sek\u00e4 kaupunkiluonto ja arki lomittuvat toisiinsa. Teoksissa korostuvat vesiymp\u00e4rist\u00f6t, kuten meren rannat ja satamat, jotka tuovat maisemiin avaruutta ja heijastuksia.<\/p>\n<p><strong class=\"diks-storyline__impact\">Maunula-talossa <\/strong>2.\u201328. helmikuuta n\u00e4ht\u00e4v\u00e4 N\u00e4yttely: Herbert Yrj\u00f6l\u00e4, Kes\u00e4, Maunula ja luonto kunnioittaa Maunulan suunnittelijoita ja alueen luontoa. N\u00e4yttelyss\u00e4 on esill\u00e4 valokuvia, jotka tuovat esiin puistokaupunkiajatuksen sek\u00e4 luonnon merkityksen kaupunkiasumisessa. Esille nousevat my\u00f6s Maunulan ja muiden helsinkil\u00e4isten l\u00e4hi\u00f6iden historia sek\u00e4 pohdinta luonnon roolista hyvinvoinnin ja yhteis\u00f6llisyyden tukena.<\/p>\n<p><strong class=\"diks-storyline__impact\">Rikhardinkadun<\/strong> kirjastossa 1.\u201326. helmikuuta j\u00e4rjestett\u00e4v\u00e4 Ben Vale: Ole Ujo! Taiden\u00e4yttely ujoudesta k\u00e4sittelee ujouden kokemuksia taiteen kautta. Kuvataiteilija <strong>Ben Vale<\/strong> on ker\u00e4nnyt tarinoita ujoilta ihmisilt\u00e4 ja toteuttanut niiden pohjalta viisi \u00f6ljyv\u00e4rimaalausta, joiden tavoitteena on rikkoa ujouteen liittyvi\u00e4 ennakkoluuloja ja tuoda esiin aiheen monipuolisuutta.<\/p>\n<p class=\"diks-storyline__additional-information\">Teksti on luotu teko\u00e4lyll\u00e4. Toimittaja on tarkistanut tekstin.<\/p>\n","protected":false},"excerpt":{"rendered":"Helsingin kaupungin tapahtumakalenterin mukaan helmikuussa j\u00e4rjestet\u00e4\u00e4n kolme n\u00e4yttely\u00e4, jotka tarjoavat k\u00e4vij\u00f6ille erilaisia n\u00e4k\u00f6kulmia kaupunkiymp\u00e4rist\u00f6\u00f6n ja ihmismieleen. Palohein\u00e4n kirjastossa&hellip;\n","protected":false},"author":2,"featured_media":153444,"comment_status":"","ping_status":"","sticky":false,"template":"","format":"standard","meta":{"footnotes":"","_share_on_mastodon":"0"},"categories":[117],"tags":[33,31,30,104,72,3092,476,118,32,119,25450,477],"class_list":["post-153443","post","type-post","status-publish","format-standard","has-post-thumbnail","category-luonto","tag-fi","tag-finland","tag-finnish","tag-helsinki","tag-luonto","tag-maunula","tag-nature","tag-science","tag-suomi","tag-tiede","tag-uutissahkeet","tag-wildlife"],"share_on_mastodon":{"url":"https:\/\/pubeurope.com\/@fi\/115966095009389052","error":""},"_links":{"self":[{"href":"https:\/\/www.europesays.com\/fi\/wp-json\/wp\/v2\/posts\/153443","targetHints":{"allow":["GET"]}}],"collection":[{"href":"https:\/\/www.europesays.com\/fi\/wp-json\/wp\/v2\/posts"}],"about":[{"href":"https:\/\/www.europesays.com\/fi\/wp-json\/wp\/v2\/types\/post"}],"author":[{"embeddable":true,"href":"https:\/\/www.europesays.com\/fi\/wp-json\/wp\/v2\/users\/2"}],"replies":[{"embeddable":true,"href":"https:\/\/www.europesays.com\/fi\/wp-json\/wp\/v2\/comments?post=153443"}],"version-history":[{"count":0,"href":"https:\/\/www.europesays.com\/fi\/wp-json\/wp\/v2\/posts\/153443\/revisions"}],"wp:featuredmedia":[{"embeddable":true,"href":"https:\/\/www.europesays.com\/fi\/wp-json\/wp\/v2\/media\/153444"}],"wp:attachment":[{"href":"https:\/\/www.europesays.com\/fi\/wp-json\/wp\/v2\/media?parent=153443"}],"wp:term":[{"taxonomy":"category","embeddable":true,"href":"https:\/\/www.europesays.com\/fi\/wp-json\/wp\/v2\/categories?post=153443"},{"taxonomy":"post_tag","embeddable":true,"href":"https:\/\/www.europesays.com\/fi\/wp-json\/wp\/v2\/tags?post=153443"}],"curies":[{"name":"wp","href":"https:\/\/api.w.org\/{rel}","templated":true}]}}