{"id":153473,"date":"2026-01-27T09:09:08","date_gmt":"2026-01-27T09:09:08","guid":{"rendered":"https:\/\/www.europesays.com\/fi\/153473\/"},"modified":"2026-01-27T09:09:08","modified_gmt":"2026-01-27T09:09:08","slug":"digitan-iot-liiketoiminnalle-on-myonnetty-tietoturvasertifikaatti-iso27001","status":"publish","type":"post","link":"https:\/\/www.europesays.com\/fi\/153473\/","title":{"rendered":"Digitan IoT-liiketoiminnalle on my\u00f6nnetty tietoturvasertifikaatti ISO27001"},"content":{"rendered":"<p>\t\t\t\t\t\t<img loading=\"lazy\" width=\"1920\" height=\"1080\" class=\"single-to-date-page__main-section__img single-to-date-page__main-section__img__web\" alt=\"\" decoding=\"async\" src=\"https:\/\/www.europesays.com\/fi\/wp-content\/uploads\/2026\/01\/ISO-IEC27001.png\"  data- data-lazy=\"\"\/>\t\t\t\t\t\t<img width=\"1920\" height=\"1080\" class=\"single-to-date-page__main-section__img single-to-date-page__main-section__img__mobile\" alt=\"\" decoding=\"async\" fetchpriority=\"high\" src=\"https:\/\/www.europesays.com\/fi\/wp-content\/uploads\/2026\/01\/ISO-IEC27001.png\"  data- data-lazy=\"\"\/>\t\t\t\t\t<\/p>\n<p class=\"single-to-date-page__main-sectio__date\">\n<p>\t\t\t\t\t\t\t<strong><br \/>\n\t\t\t\t\t\t\tJulkaistu:\t\t\t\t\t\t\t27.1.2026\t\t\t\t\t\t\t<\/strong><\/p>\n<p><strong>Digitassa saatettiin p\u00e4\u00e4t\u00f6kseen loppuvuodesta 2025 Tietoturvallisuuden hallintaj\u00e4rjestelm\u00e4n sertifiointiprojekti IoT-palveluiden osalta. IoT:n osalta sertifiointi kattaa tukiasemaverkon, alustan ja hallinnolliset prosessit. Auditoijana toimi Kiwa Inspecta.<\/strong><\/p>\n<p>Prosessin toteutukseen ja ulkoisiin auditointeihin osallistui laatutiimin ja liiketoiminnan lis\u00e4ksi iso joukko digitalaisia, jotka ovat tuottaneet arvokasta tietoa ja asiantuntemusta sertifiointiprosessiin.<\/p>\n<p>\u201dSertifioinnilla varmistamme, ett\u00e4 tietoturva on toteutettu Digitassa parhaiden k\u00e4yt\u00e4nt\u00f6jen mukaisesti ja ett\u00e4 ohjaamme asiakkaidemme ja sidosryhmiemme kanssa toimintaamme samoilla periaatteilla. Tietoturva on koko Digitan henkil\u00f6st\u00f6n asia, joka ulottuu johtamisesta arkip\u00e4iv\u00e4n tekemiseen\u201d, kertoo liiketoimintajohtaja Janne Rannikko.<\/p>\n<p>\u201dDigitan ehdottomia vahvuuksia ovat luotettavuus ja turvallisuus kaikessa toiminnassamme, ja tietoturvastandardi lis\u00e4\u00e4 tietoturvamme luotettavuutta entisest\u00e4\u00e4n\u201d, jatkaa Rannikko.<\/p>\n<p><a href=\"https:\/\/www.digita.fi\/palvelut-yrityksille\/digitan-iot-palvelut\/\" rel=\"nofollow noopener\" target=\"_blank\">IoT-palvelut<\/a> on nyt liitetty Digitan hallintaj\u00e4rjestelm\u00e4\u00e4n, mik\u00e4 tarkoittaa jatkuvan parantamisen kehitt\u00e4mist\u00e4 ja yll\u00e4pitoa suunnitelmallisesti. Normaaliin tapaan my\u00f6s IoT-palvelut auditoidaan vuosittain, seuraava auditointi tehd\u00e4\u00e4n huhtikuussa 2026. Keskeist\u00e4 on my\u00f6s henkil\u00f6st\u00f6n koulutus.<\/p>\n<p>Digitan tietoturvan hallintaj\u00e4rjestelm\u00e4ss\u00e4 on sertifioitu t\u00e4ll\u00e4 hetkell\u00e4 IoT-palveluiden lis\u00e4ksi Data Center-, Radio-, TV-, 5G-privaattiverkko- ja Valvontapalvelut tietoturvan osalta.<\/p>\n<p>Digita \/ Viestint\u00e4<\/p>\n<p>\u00a0<\/p>\n","protected":false},"excerpt":{"rendered":"Julkaistu: 27.1.2026 Digitassa saatettiin p\u00e4\u00e4t\u00f6kseen loppuvuodesta 2025 Tietoturvallisuuden hallintaj\u00e4rjestelm\u00e4n sertifiointiprojekti IoT-palveluiden osalta. IoT:n osalta sertifiointi kattaa tukiasemaverkon, alustan&hellip;\n","protected":false},"author":2,"featured_media":153474,"comment_status":"","ping_status":"","sticky":false,"template":"","format":"standard","meta":{"footnotes":""},"categories":[76],"tags":[79,77,33,31,30,32,78],"class_list":{"0":"post-153473","1":"post","2":"type-post","3":"status-publish","4":"format-standard","5":"has-post-thumbnail","7":"category-talous","8":"tag-business","9":"tag-economy","10":"tag-fi","11":"tag-finland","12":"tag-finnish","13":"tag-suomi","14":"tag-talous"},"share_on_mastodon":{"url":"https:\/\/pubeurope.com\/@fi\/115966283939040656","error":""},"_links":{"self":[{"href":"https:\/\/www.europesays.com\/fi\/wp-json\/wp\/v2\/posts\/153473","targetHints":{"allow":["GET"]}}],"collection":[{"href":"https:\/\/www.europesays.com\/fi\/wp-json\/wp\/v2\/posts"}],"about":[{"href":"https:\/\/www.europesays.com\/fi\/wp-json\/wp\/v2\/types\/post"}],"author":[{"embeddable":true,"href":"https:\/\/www.europesays.com\/fi\/wp-json\/wp\/v2\/users\/2"}],"replies":[{"embeddable":true,"href":"https:\/\/www.europesays.com\/fi\/wp-json\/wp\/v2\/comments?post=153473"}],"version-history":[{"count":0,"href":"https:\/\/www.europesays.com\/fi\/wp-json\/wp\/v2\/posts\/153473\/revisions"}],"wp:featuredmedia":[{"embeddable":true,"href":"https:\/\/www.europesays.com\/fi\/wp-json\/wp\/v2\/media\/153474"}],"wp:attachment":[{"href":"https:\/\/www.europesays.com\/fi\/wp-json\/wp\/v2\/media?parent=153473"}],"wp:term":[{"taxonomy":"category","embeddable":true,"href":"https:\/\/www.europesays.com\/fi\/wp-json\/wp\/v2\/categories?post=153473"},{"taxonomy":"post_tag","embeddable":true,"href":"https:\/\/www.europesays.com\/fi\/wp-json\/wp\/v2\/tags?post=153473"}],"curies":[{"name":"wp","href":"https:\/\/api.w.org\/{rel}","templated":true}]}}