{"id":15353,"date":"2025-08-25T00:52:07","date_gmt":"2025-08-25T00:52:07","guid":{"rendered":"https:\/\/www.europesays.com\/fi\/15353\/"},"modified":"2025-08-25T00:52:07","modified_gmt":"2025-08-25T00:52:07","slug":"paakirjoitus-kela-kokeilu-65-vuotta-tayttaneille-voi-olla-hyva-alku-paakirjoitus-mielipide","status":"publish","type":"post","link":"https:\/\/www.europesays.com\/fi\/15353\/","title":{"rendered":"P\u00e4\u00e4kirjoitus | Kela-kokeilu 65 vuotta t\u00e4ytt\u00e4neille voi olla hyv\u00e4 alku | P\u00e4\u00e4kirjoitus &#038; mielipide"},"content":{"rendered":"<p>Syyskuun alusta noin 1,3 miljoonaa suomalaista voi asioida yksityisell\u00e4 yleisl\u00e4\u00e4k\u00e4rill\u00e4 julkisen asiakasmaksun hinnalla. T\u00e4m\u00e4 tarkoittaa sit\u00e4, ett\u00e4 65 vuotta t\u00e4ytt\u00e4neet p\u00e4\u00e4sev\u00e4t enint\u00e4\u00e4n kolme kertaa vuodessa yksityisl\u00e4\u00e4k\u00e4rille noin 28 eurolla. He saavat my\u00f6s puoleen hintaan muutamia l\u00e4\u00e4k\u00e4rin m\u00e4\u00e4r\u00e4\u00e4mi\u00e4 perustutkimuksia.<\/p>\n<p>Kelan p\u00e4\u00e4johtajan Lasse Lehtosen mukaan Suomi ottaa kaksivuotisen kokeilun my\u00f6t\u00e4 askeleita eurooppalaiseen k\u00e4yt\u00e4nt\u00f6\u00f6n ja omal\u00e4\u00e4k\u00e4rimalliin.<\/p>\n<p>Historiallista kokeilussa on hintas\u00e4\u00e4tely. Yksityisille palveluntuottajille on asetettu hintakatto: l\u00e4\u00e4k\u00e4rin l\u00e4hivastaanotto saa maksaa enint\u00e4\u00e4n 100 euroa. Hoitajien portinvartijan rooli on j\u00e4tetty pois, eli asiakas voi varata ajan suoraan l\u00e4\u00e4k\u00e4rille.<\/p>\n<p>Elokuun 18. p\u00e4iv\u00e4\u00e4n menness\u00e4 kokeiluun oli ilmoittautunut mukaan noin 400 l\u00e4\u00e4k\u00e4riasemaa. Yrityksiss\u00e4 ty\u00f6skentelev\u00e4t l\u00e4\u00e4k\u00e4rit ovat itse saaneet p\u00e4\u00e4tt\u00e4\u00e4, ovatko he mukana kokeilussa.<\/p>\n<blockquote class=\"voice-no-read rs_skip diks-blockquote\">\n<p class=\"diks-blockquote__text\">Historiallista kokeilussa on hintas\u00e4\u00e4tely.<\/p>\n<\/blockquote>\n<p>Ensivaikutelma kertoo, ettei alueellinen tasa-arvo toteudu ainakaan kokeilun alussa. Kun Helsingist\u00e4 mukaan oli ilmoittautunut 33 l\u00e4\u00e4k\u00e4riasemaa, Pohjois-Karjalassa mukaan oli l\u00e4htem\u00e4ss\u00e4 vasta nelj\u00e4. Pohjois-Pohjanmaalla l\u00e4\u00e4k\u00e4riasemia oli l\u00e4hd\u00f6ss\u00e4 mukaan l\u00e4hes 40. Tuottajien m\u00e4\u00e4r\u00e4 voi viel\u00e4 muuttua, koska mukaan voi tulla my\u00f6s kokeilun aikana.<\/p>\n<p>Kokeilu palvelee varmasti heit\u00e4, jotka tarvitsevat l\u00e4\u00e4k\u00e4ripalveluja harvoin. Pitk\u00e4aikaissairaita tai monisairaita ei niink\u00e4\u00e4n, koska he tarvitsevat usein terveyspalveluja.<\/p>\n<p>Kokeilu voi my\u00f6s tuoda vastaanotoille asiakkaita, jotka eiv\u00e4t ole taloudellisista syist\u00e4 hakeutuneet l\u00e4\u00e4k\u00e4riin pitk\u00e4\u00e4n aikaan. 28 euroa huomioidaan perustoimeentulotuessa.<\/p>\n<p>Kela-korvausten edellinen s\u00e4\u00e4t\u00e4minen kahdeksasta eurosta 30 euroon vuoden 2024 alussa sen sijaan piti asiakaskunnan ja k\u00e4yntim\u00e4\u00e4r\u00e4t ennallaan. Erityisen ik\u00e4v\u00e4\u00e4 oli se, ett\u00e4 osa l\u00e4\u00e4k\u00e4riasemista vain nosti kasvaneiden korvausten my\u00f6t\u00e4 hintojaan.<\/p>\n<p>Kokeilussa haasteeksi voivat muodostua k\u00e4yntim\u00e4\u00e4r\u00e4t: riitt\u00e4v\u00e4tk\u00f6 ne ja pysyv\u00e4tk\u00f6 asiakkaat niist\u00e4 kartalla? Riskin\u00e4 voi olla my\u00f6s se, ett\u00e4 yleisl\u00e4\u00e4k\u00e4rit m\u00e4\u00e4r\u00e4\u00e4v\u00e4t asiakkaille hintavia jatkok\u00e4yntej\u00e4 erikoisl\u00e4\u00e4k\u00e4reille tai kalliita tutkimuksia, joita Kela ei korvaa.<\/p>\n<p>Hyv\u00e4\u00e4 on se, ett\u00e4 ik\u00e4\u00e4ntyv\u00e4t p\u00e4\u00e4sev\u00e4t nyt varmuudella ja kohtuuhinnalla l\u00e4\u00e4k\u00e4riin ja ett\u00e4 Kela tutkii kokeilun onnistumista.<\/p>\n<p>Jatkossa l\u00e4\u00e4k\u00e4rin vastaanottoja voisi avata Kela-korvauksen turvin my\u00f6s nuoremmille ik\u00e4luokille. Vasta se lis\u00e4isi laajasti ja oikeudenmukaisesti valinnanvapautta ja parantaisi perusterveydenhuollon l\u00e4\u00e4k\u00e4riin p\u00e4\u00e4sy\u00e4.<\/p>\n","protected":false},"excerpt":{"rendered":"Syyskuun alusta noin 1,3 miljoonaa suomalaista voi asioida yksityisell\u00e4 yleisl\u00e4\u00e4k\u00e4rill\u00e4 julkisen asiakasmaksun hinnalla. T\u00e4m\u00e4 tarkoittaa sit\u00e4, ett\u00e4 65&hellip;\n","protected":false},"author":2,"featured_media":15354,"comment_status":"","ping_status":"","sticky":false,"template":"","format":"standard","meta":{"footnotes":""},"categories":[12],"tags":[22,23,26,27,33,31,30,17,104,587,24,25,28,29,15,18,21,126,32,502,516,4855,167,19,20,16],"class_list":{"0":"post-15353","1":"post","2":"type-post","3":"status-publish","4":"format-standard","5":"has-post-thumbnail","7":"category-suomi","8":"tag-breaking-news","9":"tag-breakingnews","10":"tag-featured-news","11":"tag-featurednews","12":"tag-fi","13":"tag-finland","14":"tag-finnish","15":"tag-headlines","16":"tag-helsinki","17":"tag-koyhyys-ja-sosiaaliturva","18":"tag-latest-news","19":"tag-latestnews","20":"tag-main-news","21":"tag-mainnews","22":"tag-news","23":"tag-otsikot","24":"tag-paauutiset","25":"tag-pohjois-pohjanmaan-maakunta","26":"tag-suomi","27":"tag-terveydenhoito","28":"tag-terveydenhoitoala","29":"tag-terveydenhuolto-ja-sosiaalipalvelut","30":"tag-terveys","31":"tag-top-stories","32":"tag-topstories","33":"tag-uutiset"},"share_on_mastodon":{"url":"","error":""},"_links":{"self":[{"href":"https:\/\/www.europesays.com\/fi\/wp-json\/wp\/v2\/posts\/15353","targetHints":{"allow":["GET"]}}],"collection":[{"href":"https:\/\/www.europesays.com\/fi\/wp-json\/wp\/v2\/posts"}],"about":[{"href":"https:\/\/www.europesays.com\/fi\/wp-json\/wp\/v2\/types\/post"}],"author":[{"embeddable":true,"href":"https:\/\/www.europesays.com\/fi\/wp-json\/wp\/v2\/users\/2"}],"replies":[{"embeddable":true,"href":"https:\/\/www.europesays.com\/fi\/wp-json\/wp\/v2\/comments?post=15353"}],"version-history":[{"count":0,"href":"https:\/\/www.europesays.com\/fi\/wp-json\/wp\/v2\/posts\/15353\/revisions"}],"wp:featuredmedia":[{"embeddable":true,"href":"https:\/\/www.europesays.com\/fi\/wp-json\/wp\/v2\/media\/15354"}],"wp:attachment":[{"href":"https:\/\/www.europesays.com\/fi\/wp-json\/wp\/v2\/media?parent=15353"}],"wp:term":[{"taxonomy":"category","embeddable":true,"href":"https:\/\/www.europesays.com\/fi\/wp-json\/wp\/v2\/categories?post=15353"},{"taxonomy":"post_tag","embeddable":true,"href":"https:\/\/www.europesays.com\/fi\/wp-json\/wp\/v2\/tags?post=15353"}],"curies":[{"name":"wp","href":"https:\/\/api.w.org\/{rel}","templated":true}]}}