{"id":15357,"date":"2025-08-25T00:55:08","date_gmt":"2025-08-25T00:55:08","guid":{"rendered":"https:\/\/www.europesays.com\/fi\/15357\/"},"modified":"2025-08-25T00:55:08","modified_gmt":"2025-08-25T00:55:08","slug":"vaitostutkimus-suomalainen-susi-on-vaarassa-kadota","status":"publish","type":"post","link":"https:\/\/www.europesays.com\/fi\/15357\/","title":{"rendered":"V\u00e4it\u00f6stutkimus: Suomalainen susi on vaarassa kadota"},"content":{"rendered":"<p>        Julkaistu yli kolme vuotta sitten<\/p>\n<p><a title=\"Oulun yliopisto\" href=\"http:\/\/www.hallinto.oulu.fi\/viestin\/vaitos13\/jansson.html\" target=\"_blank\" rel=\"nofollow noopener\">Oulun yliopistossa<\/a> tarkastetaan t\u00e4n\u00e4\u00e4n FM <strong>Eeva Janssonin <\/strong>v\u00e4it\u00f6skirja Suomen susipopulaation geneettisest\u00e4 monimuotoisuudesta.<\/p>\n<p>Janssonin tulokset ovat hyyt\u00e4v\u00e4\u00e4 luettavaa, vaikka pitk\u00e4lti ne vain vahvistavat sen, mit\u00e4 asiasta on <a title=\"Tarinoita tieteest\u00e4\" href=\"https:\/\/suomenkuvalehti.fi\/tarinoitatieteesta\/2012\/01\/16\/sudenkaataja-mene-itseesi\/\" target=\"_blank\" rel=\"nofollow noopener\">ehditty jo uumoilla<\/a>.<\/p>\n<p>V\u00e4it\u00f6stutkimuksen ydinkohdat ovat t\u00e4ss\u00e4:<\/p>\n<ul class=\"wp-block-list\">\n<li>Suomalainen susikanta on ollut perim\u00e4lt\u00e4\u00e4n l\u00e4ht\u00f6kohtaisesti monimuotoista. Se on siis saanut alkunsa elinvoimaisesta susikannasta. Susikanta olikin hyvin vahva 1800-luvulla, jonka j\u00e4lkeen se romahti, mutta toipui elinvoimaiseksi 1990-luvun aikana. Romahdus n\u00e4kyi susissa perinn\u00f6llisen muuntelun v\u00e4henemisen\u00e4.<\/li>\n<li>Susikanta voi 1990-luvun nousun j\u00e4lkeen hyvin vuoteen 2006 saakka, jolloin kannan koko oli suurimmillaan sitten 1800-luvun. Susia oli vuonna 2006 v\u00e4hint\u00e4\u00e4n 250.<\/li>\n<li>Vuoden 2006 j\u00e4lkeen kannan koko on romahtanut. Nyt susiemme geneettinen muuntelu on v\u00e4hentynyt huolestuttavan alhaiselle tasolle.<\/li>\n<li>Jansson arvioi Suomen susikannan ns. efektiivisen populaatiokoon alle 50:ksi. T\u00e4ll\u00e4 tarkoitetaan, ett\u00e4 geneettist\u00e4 muuntelua on kannassa liikkeell\u00e4 vain alle 50 lis\u00e4\u00e4ntyv\u00e4n susiyksil\u00f6n verran.  Suomalaisen susipopulaation mahdollisuudet selvit\u00e4 ovat siksi todellisessa vaarassa. Kannan elinvoiman takaavana efektiivisen\u00e4 populaatiokokona pidet\u00e4\u00e4n v\u00e4hint\u00e4\u00e4n 100 yksil\u00f6\u00e4.<\/li>\n<li>Sis\u00e4siitos susien joukossa alkaa olla huomattavaa. Nuoret yksil\u00f6t p\u00e4\u00e4tyv\u00e4t usein lis\u00e4\u00e4ntyviksi yksil\u00f6iksi vanhempiensa laumaan. Ilmi\u00f6 vahvistui huomattavasti vuoden 2006 j\u00e4lkeen.<\/li>\n<li>Ven\u00e4j\u00e4n Karjalasta ei en\u00e4\u00e4 tule geenivirtaa Suomen susikantaan. Susien mets\u00e4stys on lis\u00e4\u00e4ntynyt alueella, eik\u00e4 nuorilla susilla ole en\u00e4\u00e4 painetta muuttaa rajan yli. Eeva Janssonin tekemien dna-tutkimusten mukaan Suomen susipopulaatio eroaa jo selv\u00e4sti ven\u00e4l\u00e4isest\u00e4 susikannasta.<\/li>\n<\/ul>\n<p>Salamets\u00e4stys sek\u00e4 huonosti koordinoidut lailliset kaadot ovat vaarantaneet suomalaisen suden tulevaisuuden. Tarvitaan nopeita toimia.<\/p>\n<p>      <img decoding=\"async\" class=\"free-sample awpo-lazy\" src=\"https:\/\/suomenkuvalehti.fi\/tarinoitatieteesta\/wp-content\/themes\/om-suomenkuvalehti-theme\/assets\/images\/free-sample-banner.svg\"\/><\/p>\n","protected":false},"excerpt":{"rendered":"Julkaistu yli kolme vuotta sitten Oulun yliopistossa tarkastetaan t\u00e4n\u00e4\u00e4n FM Eeva Janssonin v\u00e4it\u00f6skirja Suomen susipopulaation geneettisest\u00e4 monimuotoisuudesta. Janssonin&hellip;\n","protected":false},"author":2,"featured_media":431,"comment_status":"","ping_status":"","sticky":false,"template":"","format":"standard","meta":{"footnotes":""},"categories":[116],"tags":[33,31,30,456,457,118,32,119],"class_list":{"0":"post-15357","1":"post","2":"type-post","3":"status-publish","4":"format-standard","5":"has-post-thumbnail","7":"category-perinnollisyystiede","8":"tag-fi","9":"tag-finland","10":"tag-finnish","11":"tag-genetics","12":"tag-perinnollisyystiede","13":"tag-science","14":"tag-suomi","15":"tag-tiede"},"share_on_mastodon":{"url":"","error":""},"_links":{"self":[{"href":"https:\/\/www.europesays.com\/fi\/wp-json\/wp\/v2\/posts\/15357","targetHints":{"allow":["GET"]}}],"collection":[{"href":"https:\/\/www.europesays.com\/fi\/wp-json\/wp\/v2\/posts"}],"about":[{"href":"https:\/\/www.europesays.com\/fi\/wp-json\/wp\/v2\/types\/post"}],"author":[{"embeddable":true,"href":"https:\/\/www.europesays.com\/fi\/wp-json\/wp\/v2\/users\/2"}],"replies":[{"embeddable":true,"href":"https:\/\/www.europesays.com\/fi\/wp-json\/wp\/v2\/comments?post=15357"}],"version-history":[{"count":0,"href":"https:\/\/www.europesays.com\/fi\/wp-json\/wp\/v2\/posts\/15357\/revisions"}],"wp:featuredmedia":[{"embeddable":true,"href":"https:\/\/www.europesays.com\/fi\/wp-json\/wp\/v2\/media\/431"}],"wp:attachment":[{"href":"https:\/\/www.europesays.com\/fi\/wp-json\/wp\/v2\/media?parent=15357"}],"wp:term":[{"taxonomy":"category","embeddable":true,"href":"https:\/\/www.europesays.com\/fi\/wp-json\/wp\/v2\/categories?post=15357"},{"taxonomy":"post_tag","embeddable":true,"href":"https:\/\/www.europesays.com\/fi\/wp-json\/wp\/v2\/tags?post=15357"}],"curies":[{"name":"wp","href":"https:\/\/api.w.org\/{rel}","templated":true}]}}