{"id":15362,"date":"2025-08-25T01:17:08","date_gmt":"2025-08-25T01:17:08","guid":{"rendered":"https:\/\/www.europesays.com\/fi\/15362\/"},"modified":"2025-08-25T01:17:08","modified_gmt":"2025-08-25T01:17:08","slug":"trump-laajentaa-suunnitelmiaan-osa-kansalliskaartin-sotilaista-alkaa-kantamaan-asetta","status":"publish","type":"post","link":"https:\/\/www.europesays.com\/fi\/15362\/","title":{"rendered":"Trump laajentaa suunnitelmiaan \u2013 Osa kansalliskaartin sotilaista alkaa kantamaan asetta"},"content":{"rendered":"<p>Yhdysvaltain presidentti Donald Trump m\u00e4\u00e4r\u00e4si kansalliskaartilaiset Washingtonin kaduille aiemmin elokuussa. Sunnuntaina Trump uhkasi l\u00e4hett\u00e4\u00e4 kansalliskaartin joukkoja Baltimoreen.<\/p>\n<p><img decoding=\"async\" class=\"image image-show image-preview\" src=\"https:\/\/www.europesays.com\/fi\/wp-content\/uploads\/2025\/08\/3101affd8496d58be2ae65a16763de61a2d7905ce60a94268e5778dd44c47b24.jpg\" alt=\"\"\/><img decoding=\"async\" class=\"image image-show\" src=\"https:\/\/www.europesays.com\/fi\/wp-content\/uploads\/2025\/08\/1756084628_185_3101affd8496d58be2ae65a16763de61a2d7905ce60a94268e5778dd44c47b24.jpg\" alt=\"\"\/><\/p>\n<p>Sunnuntaina Trump uhkasi l\u00e4hett\u00e4\u00e4 kansalliskaartin sotilaita Marylandin osavaltiossa sijaitsevaan Baltimoreen. EPA \/ AOP<\/p>\n<p class=\"paragraph\">Yhdysvaltain presidentti <strong>Donald Trump<\/strong> l\u00e4hetti viime viikolla kansalliskaartin partioimaan Washington D.C:n katuja. Osa kansalliskaartin sotilaista on alkanut sunnuntaista l\u00e4htien kantaa asetta, kertoo muun muassa <a href=\"https:\/\/www.nbcnews.com\/politics\/politics-news\/national-guard-troops-dc-begin-carrying-firearms-rcna226890\" target=\"_blank\" rel=\"noopener nofollow\">NBC News<\/a>.<\/p>\n<p class=\"paragraph\">NBC:n l\u00e4hteen mukaan suurin osa kansalliskaartilaisista kantaa M17-pistooleja, kun taas pieni osa sotilaista aseistetaan M4-kiv\u00e4\u00e4reill\u00e4. Kansalliskaartin joukoilla on oikeus k\u00e4ytt\u00e4\u00e4 aseita itsepuolustukseen.<\/p>\n<p class=\"paragraph\">Perjantaina Yhdysvaltain puolustusministeri <strong>Pete Hegseth<\/strong> m\u00e4\u00e4r\u00e4si, ett\u00e4 Washingtoniin l\u00e4hetetyt kansalliskaartilaiset saavat k\u00e4ytt\u00e4\u00e4 asetta. Vasta viime viikolla puolustusministeri\u00f6 ja armeija ilmoittivat, etteiv\u00e4t joukot kanna aseita, kertoo <a href=\"https:\/\/www.cbsnews.com\/news\/national-guard-washington-dc-armed\/\" target=\"_blank\" rel=\"noopener nofollow\">CBS<\/a>.<\/p>\n<p class=\"paragraph\">Trump perustelee toimiaan rikollisuuden ja maahanmuutosta aiheutuvien ongelmien torjumisella. Trump on kuvaillut Washingtonin tilannetta muun muassa \u201drikosepidemiaksi\u201d.<\/p>\n<p class=\"paragraph\">Kaupunkiin on sijoitettu 2\u00a0000 kansalliskaartilaista. My\u00f6s liittovaltion agentit ovat partioineet kaduilla.<\/p>\n<p class=\"paragraph\">Viel\u00e4 on ep\u00e4selv\u00e4\u00e4, tarkoittaako aseistaminen muutosta kansalliskaartin roolissa. Joukot eiv\u00e4t ole osallistuneet lainavalvontaan ja ovat p\u00e4\u00e4asiassa suojelleet maamerkkej\u00e4 sek\u00e4 auttaneet v\u00e4kijoukkojen hallinnassa.<\/p>\n<p class=\"paragraph\">CBS:n mukaan osa kansalliskaartin sotilaista on n\u00e4hty ruokkimassa oravia, juomassa kahvia ja ottamassa valokuvia ohikulkijoiden kanssa. Er\u00e4s kansalliskaartilainen auttoi naista kantamaan tavaroitaan alas rautatieaseman portaita.<\/p>\n<p class=\"paragraph\">Sunnuntaina Trump uhkasi l\u00e4hett\u00e4\u00e4 kansalliskaartin joukkoja my\u00f6s Marylandin osavaltiossa sijaitsevaan Baltimoren kaupunkiin, kertoo AFP. Perjantaina Trump ilmoitti harkitsevansa kansalliskaartilaisten l\u00e4hett\u00e4mist\u00e4 Chicagoon ja New Yorkiin.<\/p>\n<p class=\"paragraph\">\u2013 Aiomme tehd\u00e4 kaupungeistamme eritt\u00e4in, eritt\u00e4in turvallisia. Luulen, ett\u00e4 Chicago on seuraava, ja sitten autamme New Yorkia, Trump sanoi.<\/p>\n","protected":false},"excerpt":{"rendered":"Yhdysvaltain presidentti Donald Trump m\u00e4\u00e4r\u00e4si kansalliskaartilaiset Washingtonin kaduille aiemmin elokuussa. Sunnuntaina Trump uhkasi l\u00e4hett\u00e4\u00e4 kansalliskaartin joukkoja Baltimoreen. Sunnuntaina&hellip;\n","protected":false},"author":2,"featured_media":15363,"comment_status":"","ping_status":"","sticky":false,"template":"","format":"standard","meta":{"footnotes":""},"categories":[14],"tags":[35,802,22,23,26,27,33,31,30,17,24,25,803,28,29,15,18,21,637,144,32,19,20,56,16,59,60,61,143],"class_list":{"0":"post-15362","1":"post","2":"type-post","3":"status-publish","4":"format-standard","5":"has-post-thumbnail","7":"category-ulkomaat","8":"tag-24h","9":"tag-armeijat-ja-aseelliset-joukot","10":"tag-breaking-news","11":"tag-breakingnews","12":"tag-featured-news","13":"tag-featurednews","14":"tag-fi","15":"tag-finland","16":"tag-finnish","17":"tag-headlines","18":"tag-latest-news","19":"tag-latestnews","20":"tag-levottomuudet-ja-sodat","21":"tag-main-news","22":"tag-mainnews","23":"tag-news","24":"tag-otsikot","25":"tag-paauutiset","26":"tag-politiikka","27":"tag-presidentti","28":"tag-suomi","29":"tag-top-stories","30":"tag-topstories","31":"tag-ulkomaat","32":"tag-uutiset","33":"tag-world","34":"tag-world-news","35":"tag-worldnews","36":"tag-yhdysvaltain-politiikka"},"share_on_mastodon":{"url":"","error":""},"_links":{"self":[{"href":"https:\/\/www.europesays.com\/fi\/wp-json\/wp\/v2\/posts\/15362","targetHints":{"allow":["GET"]}}],"collection":[{"href":"https:\/\/www.europesays.com\/fi\/wp-json\/wp\/v2\/posts"}],"about":[{"href":"https:\/\/www.europesays.com\/fi\/wp-json\/wp\/v2\/types\/post"}],"author":[{"embeddable":true,"href":"https:\/\/www.europesays.com\/fi\/wp-json\/wp\/v2\/users\/2"}],"replies":[{"embeddable":true,"href":"https:\/\/www.europesays.com\/fi\/wp-json\/wp\/v2\/comments?post=15362"}],"version-history":[{"count":0,"href":"https:\/\/www.europesays.com\/fi\/wp-json\/wp\/v2\/posts\/15362\/revisions"}],"wp:featuredmedia":[{"embeddable":true,"href":"https:\/\/www.europesays.com\/fi\/wp-json\/wp\/v2\/media\/15363"}],"wp:attachment":[{"href":"https:\/\/www.europesays.com\/fi\/wp-json\/wp\/v2\/media?parent=15362"}],"wp:term":[{"taxonomy":"category","embeddable":true,"href":"https:\/\/www.europesays.com\/fi\/wp-json\/wp\/v2\/categories?post=15362"},{"taxonomy":"post_tag","embeddable":true,"href":"https:\/\/www.europesays.com\/fi\/wp-json\/wp\/v2\/tags?post=15362"}],"curies":[{"name":"wp","href":"https:\/\/api.w.org\/{rel}","templated":true}]}}