{"id":15371,"date":"2025-08-25T01:43:08","date_gmt":"2025-08-25T01:43:08","guid":{"rendered":"https:\/\/www.europesays.com\/fi\/15371\/"},"modified":"2025-08-25T01:43:08","modified_gmt":"2025-08-25T01:43:08","slug":"zelenskyi-tapaaminen-putinin-kanssa-olisi-tehokkain-tapa-edistaa-rauhaa-lavrov-antoi-ymmartaa-ettei-putin-allekirjoittaisi-rauhansopimusta-zelenskyin-kanssa-uutissuomalainen","status":"publish","type":"post","link":"https:\/\/www.europesays.com\/fi\/15371\/","title":{"rendered":"Zelenskyi: Tapaaminen Putinin kanssa olisi &#8221;tehokkain tapa&#8221; edist\u00e4\u00e4 rauhaa \u2013 Lavrov antoi ymm\u00e4rt\u00e4\u00e4, ettei Putin allekirjoittaisi rauhansopimusta Zelenskyin kanssa | Uutissuomalainen"},"content":{"rendered":"<p>Ukrainan presidentin Volodymyr Zelenskyin mukaan tapaaminen Ven\u00e4j\u00e4n presidentin Vladimir Putinin kanssa olisi nyt tehokkain tapa edist\u00e4\u00e4 rauhaa.<\/p>\n<p>Ukrainan itsen\u00e4isyysp\u00e4iv\u00e4n puheessaan sunnuntaina Zelenskyi lupasi patistaa Ven\u00e4j\u00e4\u00e4 rauhaan.<\/p>\n<p>Seremoniaan Kiovassa osallistui my\u00f6s Yhdysvaltain Ukrainan-erityisl\u00e4hettil\u00e4s Keith Kellogg. Lis\u00e4ksi Kiovaan saapui sunnuntaina Kanadan p\u00e4\u00e4ministeri Mark Carney.<\/p>\n<p>Ven\u00e4j\u00e4n ulkoministeri Sergei Lavrov ei kuitenkaan n\u00e4ytt\u00e4nyt vihre\u00e4\u00e4 valoa Putinin ja Zelenskyin tapaamiselle l\u00e4hiaikoina, kun h\u00e4n puhui asiasta t\u00e4n\u00e4\u00e4n julkaistussa <a href=\"https:\/\/www.nbcnews.com\/meet-the-press\/video\/russia-s-lavrov-says-putin-wants-peace-even-as-strikes-on-ukraine-ramp-up-full-interview-245660741587\" rel=\"nofollow noopener\" target=\"_blank\">NBC-kanavan erikoishaastattelussa<\/a>. H\u00e4n jopa antoi ymm\u00e4rt\u00e4\u00e4, ett\u00e4 Putin ei allekirjoittaisi rauhansopimusta Zelenskyin kanssa.<\/p>\n<p>H\u00e4n sanoi, ettei Zelenskyill\u00e4 olisi t\u00e4ll\u00e4 hetkell\u00e4 Ukrainan perustuslain mukaan toimivaltaa eik\u00e4 h\u00e4n voisi n\u00e4in ollen allekirjoittaa rauhansopimusta. Kaikkien osapuolten pit\u00e4isi olla yht\u00e4 mielt\u00e4 allekirjoittajan toimivallasta kun kyseess\u00e4 on t\u00e4rkeit\u00e4 papereita, h\u00e4n sanoi.<\/p>\n<p>\t\t\t\tLavrov kyseenalaisti Zelenskyin<\/p>\n<p>Ven\u00e4j\u00e4 on aiemminkin kyseenalaistanut Zelenskyin toimivallan presidenttin\u00e4 ja haluaa Ukrainaan vaalit. Ukrainassa sotatilalaki est\u00e4\u00e4 uudet vaalit ennen sodan loppumista.<\/p>\n<p>\u2013\u2009Kun saavutamme vaiheen, jossa asiakirjoja on allekirjoitettava, kaikilla osapuolilla on oltava selv\u00e4 yhteisymm\u00e4rrys siit\u00e4, ett\u00e4 allekirjoittajalla on toimivalta, h\u00e4n sanoi.<\/p>\n<p>\u2013\u2009Ukrainan perustuslain mukaan herra Zelenskyi ei ole t\u00e4ll\u00e4 hetkell\u00e4 (toimivaltainen), h\u00e4n sanoi.<\/p>\n<p>Kun haastattelija kysyi Lavrovilta suoraan, eik\u00f6 Putin tunnusta Zelenskyi\u00e4 Ukrainan presidenttin\u00e4, Lavrov vastasi, ett\u00e4 Putin ja Zelenskyi voivat tavata jossain vaiheessa, kunhan silloin ollaan valmiita sopimaan joistain konkreettisista asioista.<\/p>\n<p>\t\t\t\tUkraina sai vallattua takaisin kyli\u00e4<\/p>\n<p>Ukrainassa vietet\u00e4\u00e4n t\u00e4n\u00e4\u00e4n nelj\u00e4tt\u00e4 itsen\u00e4isyysp\u00e4iv\u00e4\u00e4 Ven\u00e4j\u00e4n k\u00e4ynnist\u00e4m\u00e4n hy\u00f6kk\u00e4yssodan keskell\u00e4.<\/p>\n<p>Ukraina sanoi sunnuntaina vallanneensa Ven\u00e4j\u00e4lt\u00e4 takaisin kolme kyl\u00e4\u00e4 Donetskin alueella. Ukrainan joukkojen komentaja Oleksandr Syrskyin mukaan ukrainalaiset saivat vallattua takaisin viime vuonna vallatun Mykhailivkan kyl\u00e4n sek\u00e4 Zelenyi Hain ja Volodymyrivkan.<\/p>\n<p>Uutinen oli tervetullut Ukrainalle, sill\u00e4 Ven\u00e4j\u00e4n joukot ovat viime aikoina edenneet syvemm\u00e4lle it\u00e4iseen Ukrainaan. Ven\u00e4j\u00e4 sanoi eilen vallanneensa Donetskin alueella kaksi kyl\u00e4\u00e4, joista yksi sijaitsi Ukrainalle t\u00e4rke\u00e4n Kramatorskin kaupungin tien varrella.<\/p>\n<p>L\u00e4hteen\u00e4 my\u00f6s AFP.<\/p>\n","protected":false},"excerpt":{"rendered":"Ukrainan presidentin Volodymyr Zelenskyin mukaan tapaaminen Ven\u00e4j\u00e4n presidentin Vladimir Putinin kanssa olisi nyt tehokkain tapa edist\u00e4\u00e4 rauhaa. Ukrainan&hellip;\n","protected":false},"author":2,"featured_media":15372,"comment_status":"","ping_status":"","sticky":false,"template":"","format":"standard","meta":{"footnotes":""},"categories":[14],"tags":[22,23,26,27,33,31,30,17,3488,24,25,28,29,15,18,21,142,637,144,32,19,20,549,56,16,638,2257,59,60,61],"class_list":{"0":"post-15371","1":"post","2":"type-post","3":"status-publish","4":"format-standard","5":"has-post-thumbnail","7":"category-ulkomaat","8":"tag-breaking-news","9":"tag-breakingnews","10":"tag-featured-news","11":"tag-featurednews","12":"tag-fi","13":"tag-finland","14":"tag-finnish","15":"tag-headlines","16":"tag-kiova","17":"tag-latest-news","18":"tag-latestnews","19":"tag-main-news","20":"tag-mainnews","21":"tag-news","22":"tag-otsikot","23":"tag-paauutiset","24":"tag-poliitikot","25":"tag-politiikka","26":"tag-presidentti","27":"tag-suomi","28":"tag-top-stories","29":"tag-topstories","30":"tag-ukrainan-sota","31":"tag-ulkomaat","32":"tag-uutiset","33":"tag-valtiovalta","34":"tag-vladimir-putin","35":"tag-world","36":"tag-world-news","37":"tag-worldnews"},"share_on_mastodon":{"url":"","error":""},"_links":{"self":[{"href":"https:\/\/www.europesays.com\/fi\/wp-json\/wp\/v2\/posts\/15371","targetHints":{"allow":["GET"]}}],"collection":[{"href":"https:\/\/www.europesays.com\/fi\/wp-json\/wp\/v2\/posts"}],"about":[{"href":"https:\/\/www.europesays.com\/fi\/wp-json\/wp\/v2\/types\/post"}],"author":[{"embeddable":true,"href":"https:\/\/www.europesays.com\/fi\/wp-json\/wp\/v2\/users\/2"}],"replies":[{"embeddable":true,"href":"https:\/\/www.europesays.com\/fi\/wp-json\/wp\/v2\/comments?post=15371"}],"version-history":[{"count":0,"href":"https:\/\/www.europesays.com\/fi\/wp-json\/wp\/v2\/posts\/15371\/revisions"}],"wp:featuredmedia":[{"embeddable":true,"href":"https:\/\/www.europesays.com\/fi\/wp-json\/wp\/v2\/media\/15372"}],"wp:attachment":[{"href":"https:\/\/www.europesays.com\/fi\/wp-json\/wp\/v2\/media?parent=15371"}],"wp:term":[{"taxonomy":"category","embeddable":true,"href":"https:\/\/www.europesays.com\/fi\/wp-json\/wp\/v2\/categories?post=15371"},{"taxonomy":"post_tag","embeddable":true,"href":"https:\/\/www.europesays.com\/fi\/wp-json\/wp\/v2\/tags?post=15371"}],"curies":[{"name":"wp","href":"https:\/\/api.w.org\/{rel}","templated":true}]}}