{"id":15379,"date":"2025-08-25T02:08:09","date_gmt":"2025-08-25T02:08:09","guid":{"rendered":"https:\/\/www.europesays.com\/fi\/15379\/"},"modified":"2025-08-25T02:08:09","modified_gmt":"2025-08-25T02:08:09","slug":"mika-ihamuotila-vaitti-myyneensa-teslan-elon-muskin-takia-osti-yli-120-000-euron-bensahirmun-kuvat","status":"publish","type":"post","link":"https:\/\/www.europesays.com\/fi\/15379\/","title":{"rendered":"Mika Ihamuotila v\u00e4itti myyneens\u00e4 Teslan Elon Muskin takia \u2013 osti yli 120 000 euron bensahirmun! Kuvat!"},"content":{"rendered":"<p>            PANU H\u00d6RKK\u00d6\n        <\/p>\n<p class=\"subtitle \">S\u00e4hk\u00f6autoilua hehkuttanut mr. Marimekko k\u00e4\u00e4nsi p\u00e4\u00e4ns\u00e4 jostain syyst\u00e4.<\/p>\n<p class=\"article-content article-content-width !bg-background\">Marimekon hallituksen puheenjohtaja ja suuromistaja  kertoi maaliskuussa X-palvelussa, ett\u00e4 oli myynyt Teslansa, koska oli suuttunut .\u00a0<\/p>\n<blockquote class=\"twitter-tweet\">\n<p lang=\"fi\" dir=\"ltr\">Kyll\u00e4 yritystoiminnassa johdon arvoilla on merkityst\u00e4. Olin yksi Suomen ensimm\u00e4isist\u00e4 Teslan omistajista. Tuntui hyv\u00e4lt\u00e4 ajaa puhtaasti s\u00e4hk\u00f6ll\u00e4. Oheinen Elon Muskin tweetti oli liikaa. Myin Teslani t\u00e4n\u00e4\u00e4n. Vieress\u00e4ni on nyt yst\u00e4v\u00e4ni, joka teki juuri samoin. Good buy Elon! <a href=\"https:\/\/t.co\/gx6bLxKQxQ\" rel=\"nofollow\">pic.twitter.com\/gx6bLxKQxQ<\/a><\/p>\n<p>\u2014 Mika Ihamuotila (@MikaIhamuotila) <a href=\"https:\/\/twitter.com\/MikaIhamuotila\/status\/1897998454644752669?ref_src=twsrc%5Etfw\" rel=\"nofollow noopener\" target=\"_blank\">March 7, 2025<\/a><\/p><\/blockquote>\n<p class=\"article-content article-content-width !bg-background\">Ihamuotila hehkutti sit\u00e4, kuinka kivaa oli ajaa puhtaasti s\u00e4hk\u00f6ll\u00e4 Suomen ensimm\u00e4isten Tesla-omistajien joukossa. Mieli kuitenkin kuulemma muuttui, kun Musk teki twiitin, josta Ihamuotila ei pit\u00e4nyt.<\/p>\n<p>        <a itemprop=\"url\" href=\"https:\/\/www.seiska.fi\/vain-seiskassa\/harvinainen-yhteiskuva-mika-ihamuotilasta-ja-linda-rakkaasta-miljonaarilla-kasittamattoman-nopea-auto\/1371634\" rel=\"nofollow noopener\" target=\"_blank\"><\/p>\n<p class=\"section-date\">\n        <strong class=\"article-section\" data-section=\"vain seiskassa\"><br \/>\n            vain seiskassa<br \/>\n        <\/strong><br \/>\n        9.6.2024 16:00\n    <\/p>\n<p>    Harvinainen yhteiskuva Mika Ihamuotilasta ja Linda-rakkaasta &#8211; miljon\u00e4\u00e4rill\u00e4 k\u00e4sitt\u00e4m\u00e4tt\u00f6m\u00e4n nopea auto<\/p>\n<p itemprop=\"description\" class=\"subtitle \">\n    Mika Ihamuotilaa on vaikea tunnistaa Seiskan tuoreista paparazzikuvista.\n<\/p>\n<p>        <\/a><\/p>\n<p>Tesla j\u00e4tti nolosti pientareelle<\/p>\n<p class=\"article-content article-content-width !bg-background\">Todellisuudessa Ihamuotila saattoi olla kyll\u00e4stynyt puhtaaseen s\u00e4hk\u00f6autoiluun jo huomattavasti aiemmin, sek\u00e4 aivan muista syist\u00e4.\u00a0<\/p>\n<p>                <img decoding=\"async\" src=\"https:\/\/www.europesays.com\/fi\/wp-content\/uploads\/2025\/08\/1906058.webp\" width=\"576\" height=\"360\" alt=\"Tesla j\u00e4tti miljon\u00e4\u00e4rin nolosti tien pientareelle marraskuussa 2024.\" loading=\"lazy\" \/>            <\/p>\n<p>\n            Tesla j\u00e4tti miljon\u00e4\u00e4rin nolosti tien pientareelle marraskuussa 2024.<br \/>\n            PANU H\u00d6RKK\u00d6\n        <\/p>\n<p class=\"article-content article-content-width !bg-background\">Seiskan paparazzi bongasi Mikan marraskuussa 2024 L\u00e4nsiv\u00e4yl\u00e4n pientareelta, kun miljon\u00e4\u00e4ri odotti hinausapua nolosti hyytyneelle s\u00e4hk\u00f6autolleen. Sammumisen syy j\u00e4i pimentoon.<\/p>\n<p>        <a itemprop=\"url\" href=\"https:\/\/www.seiska.fi\/vain-seiskassa\/marimekko-miljonaari-kiipelissa-mika-ihamuotilan-tesla-hyytyi-moottoritielle-kuvat\/1508812\" rel=\"nofollow noopener\" target=\"_blank\"><\/p>\n<p class=\"section-date\">\n        <strong class=\"article-section\" data-section=\"vain seiskassa\"><br \/>\n            vain seiskassa<br \/>\n        <\/strong><br \/>\n        6.11.2024 06:30\n    <\/p>\n<p>    Marimekko-miljon\u00e4\u00e4ri kiipeliss\u00e4! Mika Ihamuotilan Tesla hyytyi moottoritielle \u2013 kuvat!<\/p>\n<p itemprop=\"description\" class=\"subtitle \">\n    Mr. Marimekko joutui soittamaan apua, kun h\u00e4nen \u00f6kyautonsa sanoi sopimuksen irti.\n<\/p>\n<p>        <\/a><\/p>\n<p>                <img decoding=\"async\" src=\"https:\/\/www.europesays.com\/fi\/wp-content\/uploads\/2025\/08\/1906164.webp\" width=\"576\" height=\"351\" alt=\"Mika k\u00e4vi moikkaamassa Linda-vaimoaan uudella menopelill\u00e4.\" loading=\"lazy\" \/>            <\/p>\n<p>\n            Mika k\u00e4vi moikkaamassa Linda-vaimoaan uudella menopelill\u00e4.<br \/>\n            PANU H\u00d6RKK\u00d6\n        <\/p>\n<p>Tehokas turbomottori<\/p>\n<p class=\"article-content article-content-width !bg-background\">Nyt Ihamuotila on hankkinut uuden menopelin Teslansa tilalle. Uusi auto on Range Rover Sport -merkkinen \u00f6kyauto, jonka hinta ilman lis\u00e4varusteita on yli 120 000 euroa. Runsailla varusteilla hinta kohoaa jopa kymmenill\u00e4 tuhansilla.\u00a0<\/p>\n<p>        <a itemprop=\"url\" href=\"https:\/\/www.seiska.fi\/vain-seiskassa\/vau-mika-sporttipimu-suomalaismiljonaarin-urheilijavaimo-hikilenkilla-paparazzikuvat\/1853786\" rel=\"nofollow noopener\" target=\"_blank\"><\/p>\n<p>\nPaparazzikuvat!\n<\/p>\n<p class=\"section-date\">\n        <strong class=\"article-section\" data-section=\"vain seiskassa\"><br \/>\n            vain seiskassa<br \/>\n        <\/strong><br \/>\n        5.7. 11:00\n    <\/p>\n<p>    Vau, mik\u00e4 sporttipimu! Suomalaismiljon\u00e4\u00e4rin urheilijavaimo hikilenkill\u00e4 \u2013 paparazzikuvat!<\/p>\n<p itemprop=\"description\" class=\"subtitle \">\n    Mika &#8221;Mr. Marimekko&#8221; Ihamuotilan Linda-vaimo k\u00e4\u00e4nsi katseita Helsingiss\u00e4.\n<\/p>\n<p>        <\/a><\/p>\n<p>                <img decoding=\"async\" src=\"https:\/\/www.europesays.com\/fi\/wp-content\/uploads\/2025\/08\/1906166.webp\" width=\"576\" height=\"706\" alt=\"Linda on entinen maajoukkuetason k\u00e4sipalloilija.\" loading=\"lazy\" \/>            <\/p>\n<p>\n            Linda on entinen maajoukkuetason k\u00e4sipalloilija.<br \/>\n            PANU H\u00d6RKK\u00d6\n        <\/p>\n<p class=\"article-content article-content-width !bg-background\">Ihamuotilan autossa kolmelitrainen bensakone, joka tuottaa noin 400 hevosvoimaa.\u00a0<\/p>\n<p>                <img decoding=\"async\" src=\"https:\/\/www.europesays.com\/fi\/wp-content\/uploads\/2025\/08\/1906182.webp\" width=\"576\" height=\"620\" alt=\"Linda moiskautti tuoreelle Range Rover -miehelle pusun!\" loading=\"lazy\" \/>            <\/p>\n<p>\n            Linda moiskautti tuoreelle Range Rover -miehelle pusun!<br \/>\n            PANU H\u00d6RKK\u00d6\n        <\/p>\n<p class=\"article-content article-content-width !bg-background\">Kuusisylinterinen turbomoottori kiihdytt\u00e4\u00e4 auton reilussa viidess\u00e4 sekunnissa nollasta sataan.\u00a0<\/p>\n<p>                <img decoding=\"async\" src=\"https:\/\/www.europesays.com\/fi\/wp-content\/uploads\/2025\/08\/1906168.webp\" width=\"576\" height=\"327\" alt=\"Mikan uusi Range Rover on komea ilmestys.\" loading=\"lazy\" \/>            <\/p>\n<p>\n            Mikan uusi Range Rover on komea ilmestys.<br \/>\n            PANU H\u00d6RKK\u00d6\n        <\/p>\n<p>H\u00f6rpp\u00e4\u00e4 bensaa tuhdisti<\/p>\n<p class=\"article-content article-content-width !bg-background\">Autossa on my\u00f6s pieni s\u00e4hk\u00f6moottori, joka tuo menopeliin tehoa lis\u00e4\u00e4 noin 60 hevosvoimaa, jos sit\u00e4 muistaa s\u00e4\u00e4nn\u00f6llisesti ladata.\u00a0<\/p>\n<p class=\"article-content article-content-width !bg-background\">Range Rover h\u00f6rpp\u00e4\u00e4 maltillisessa kaupunkiajossa noin 9 litraa satasella. Jos kaasua painaa v\u00e4h\u00e4n rivakammin, niin kulutus nousee hurjasti.\u00a0<\/p>\n<p>                <img decoding=\"async\" src=\"https:\/\/www.europesays.com\/fi\/wp-content\/uploads\/2025\/08\/1906180.webp\" width=\"576\" height=\"471\" alt=\"Mika ja Linda vihittiin kev\u00e4\u00e4ll\u00e4 2023.\" loading=\"lazy\" \/>            <\/p>\n<p>\n            Mika ja Linda vihittiin kev\u00e4\u00e4ll\u00e4 2023.<br \/>\n            PANU H\u00d6RKK\u00d6\n        <\/p>\n<p class=\"article-content article-content-width !bg-background\">Ihamuotila vieritti syyn Teslan myynnist\u00e4 Muskin harteille, mutta vaikuttaa silt\u00e4, ettei s\u00e4hk\u00f6autoilu en\u00e4\u00e4 maistu. Jos miljon\u00e4\u00e4ri olisi halunnut jatkaa puhtaasti s\u00e4hk\u00f6ll\u00e4 ajelua, niin h\u00e4n olisi voinut valita jonkun muun s\u00e4hk\u00f6automerkin kuin Teslan.\u00a0<\/p>\n<p class=\"article-content article-content-width !bg-background\">\u00a0\u00a0<\/p>\n<p><script async src=\"https:\/\/platform.twitter.com\/widgets.js\" charset=\"utf-8\"><\/script><\/p>\n","protected":false},"excerpt":{"rendered":"PANU H\u00d6RKK\u00d6 S\u00e4hk\u00f6autoilua hehkuttanut mr. Marimekko k\u00e4\u00e4nsi p\u00e4\u00e4ns\u00e4 jostain syyst\u00e4. Marimekon hallituksen puheenjohtaja ja suuromistaja kertoi maaliskuussa X-palvelussa,&hellip;\n","protected":false},"author":2,"featured_media":15380,"comment_status":"","ping_status":"","sticky":false,"template":"","format":"standard","meta":{"footnotes":""},"categories":[76],"tags":[648,79,77,1797,33,31,30,6010,6008,6009,32,78,6011],"class_list":{"0":"post-15379","1":"post","2":"type-post","3":"status-publish","4":"format-standard","5":"has-post-thumbnail","7":"category-talous","8":"tag-autot","9":"tag-business","10":"tag-economy","11":"tag-elon-musk","12":"tag-fi","13":"tag-finland","14":"tag-finnish","15":"tag-mika-ihamuotila","16":"tag-range-rover-sport","17":"tag-sahkoautoilu","18":"tag-suomi","19":"tag-talous","20":"tag-tesla"},"share_on_mastodon":{"url":"","error":""},"_links":{"self":[{"href":"https:\/\/www.europesays.com\/fi\/wp-json\/wp\/v2\/posts\/15379","targetHints":{"allow":["GET"]}}],"collection":[{"href":"https:\/\/www.europesays.com\/fi\/wp-json\/wp\/v2\/posts"}],"about":[{"href":"https:\/\/www.europesays.com\/fi\/wp-json\/wp\/v2\/types\/post"}],"author":[{"embeddable":true,"href":"https:\/\/www.europesays.com\/fi\/wp-json\/wp\/v2\/users\/2"}],"replies":[{"embeddable":true,"href":"https:\/\/www.europesays.com\/fi\/wp-json\/wp\/v2\/comments?post=15379"}],"version-history":[{"count":0,"href":"https:\/\/www.europesays.com\/fi\/wp-json\/wp\/v2\/posts\/15379\/revisions"}],"wp:featuredmedia":[{"embeddable":true,"href":"https:\/\/www.europesays.com\/fi\/wp-json\/wp\/v2\/media\/15380"}],"wp:attachment":[{"href":"https:\/\/www.europesays.com\/fi\/wp-json\/wp\/v2\/media?parent=15379"}],"wp:term":[{"taxonomy":"category","embeddable":true,"href":"https:\/\/www.europesays.com\/fi\/wp-json\/wp\/v2\/categories?post=15379"},{"taxonomy":"post_tag","embeddable":true,"href":"https:\/\/www.europesays.com\/fi\/wp-json\/wp\/v2\/tags?post=15379"}],"curies":[{"name":"wp","href":"https:\/\/api.w.org\/{rel}","templated":true}]}}