{"id":153799,"date":"2026-01-27T17:43:06","date_gmt":"2026-01-27T17:43:06","guid":{"rendered":"https:\/\/www.europesays.com\/fi\/153799\/"},"modified":"2026-01-27T17:43:06","modified_gmt":"2026-01-27T17:43:06","slug":"monen-jo-unohtama-1990-luvun-supersankarielokuva-on-menossa-kierratykseen-meilla-on-kasikirjoitus-ja-kaksi-hienoa-ohjaajaa","status":"publish","type":"post","link":"https:\/\/www.europesays.com\/fi\/153799\/","title":{"rendered":"Monen jo unohtama 1990-luvun supersankarielokuva on menossa kierr\u00e4tykseen: \u201cMeill\u00e4 on k\u00e4sikirjoitus ja kaksi hienoa ohjaajaa\u201d"},"content":{"rendered":"<p>Darkman saattaa saada jatkoa.<\/p>\n<p>Ennen kuin <a href=\"https:\/\/muropaketti.com\/avainsana\/sam-raimi\/\" rel=\"nofollow noopener\" target=\"_blank\">Sam Raimi<\/a> teki Spider-Man-elokuvia, h\u00e4n ohjasi vuonna 1990 Liam Neesonin t\u00e4hditt\u00e4m\u00e4n supersankarielokuvan Darkman. Elokuvalle tehtiin ilman Raimin osallisuutta kaksi suoraan videolla julkaistua jatko-osaa, mutta pitk\u00e4\u00e4n on huhuttu my\u00f6s \u201cvirallisemmasta\u201d jatko-osasta.<\/p>\n<p><a href=\"https:\/\/movieweb.com\/sam-raimi-confirms-superhero-movie-darkman-sequel-in-development-exclusive\/\" target=\"_blank\" rel=\"noreferrer noopener nofollow\">MovieWebin<\/a> haastattelussa Raimi paljastaa, ett\u00e4 todella suunnittelee jatko-osaa Darkmanille.<\/p>\n<p>\u201cKyll\u00e4, Ghost House Pictures, yritys, jonka kanssa ty\u00f6skentelen, yritt\u00e4\u00e4 nyt tehd\u00e4 jatko-osaa. Meill\u00e4 on k\u00e4sikirjoitus ja kaksi loistavaa ohjaajaa, mutta meill\u00e4 on edelleen pieni\u00e4 vaikeuksia rahoituksen kanssa. Elokuvabisneksess\u00e4 on aina tuo sama juttu\u201d, Raimi kertoo.<\/p>\n<p>Vuonna 1990 julkaistu Darkman oli Raimin itsens\u00e4 ohjaama ja yhdess\u00e4 Chuck Pfarrerin, Ivan Raimin, Daniel &amp; Joshua Goldinin kanssa k\u00e4sikirjoittama elokuva, jossa p\u00e4\u00e4osaa esitt\u00e4v\u00e4n Neesonin lis\u00e4ksi n\u00e4ytteliv\u00e4t muun muassa Frances McDormand ja Larry Drake.<\/p>\n<p>T\u00e4ll\u00e4 viikolla Raimilta julkaistaan Suomenkin valkokankailla trilleri Send Help, jonka p\u00e4\u00e4osia esitt\u00e4v\u00e4t Rachel McAdams ja Dylan O\u2019Brien.<\/p>\n","protected":false},"excerpt":{"rendered":"Darkman saattaa saada jatkoa. Ennen kuin Sam Raimi teki Spider-Man-elokuvia, h\u00e4n ohjasi vuonna 1990 Liam Neesonin t\u00e4hditt\u00e4m\u00e4n supersankarielokuvan&hellip;\n","protected":false},"author":2,"featured_media":153800,"comment_status":"","ping_status":"","sticky":false,"template":"","format":"standard","meta":{"footnotes":"","_share_on_mastodon":"0"},"categories":[131],"tags":[155,137,33,173,31,30,2081,172,4754,32,109],"class_list":["post-153799","post","type-post","status-publish","format-standard","has-post-thumbnail","category-elokuvat","tag-elokuvat","tag-entertainment","tag-fi","tag-film","tag-finland","tag-finnish","tag-liam-neeson","tag-movies","tag-sam-raimi","tag-suomi","tag-viihde"],"share_on_mastodon":{"url":"https:\/\/pubeurope.com\/@fi\/115968304933519445","error":""},"_links":{"self":[{"href":"https:\/\/www.europesays.com\/fi\/wp-json\/wp\/v2\/posts\/153799","targetHints":{"allow":["GET"]}}],"collection":[{"href":"https:\/\/www.europesays.com\/fi\/wp-json\/wp\/v2\/posts"}],"about":[{"href":"https:\/\/www.europesays.com\/fi\/wp-json\/wp\/v2\/types\/post"}],"author":[{"embeddable":true,"href":"https:\/\/www.europesays.com\/fi\/wp-json\/wp\/v2\/users\/2"}],"replies":[{"embeddable":true,"href":"https:\/\/www.europesays.com\/fi\/wp-json\/wp\/v2\/comments?post=153799"}],"version-history":[{"count":0,"href":"https:\/\/www.europesays.com\/fi\/wp-json\/wp\/v2\/posts\/153799\/revisions"}],"wp:featuredmedia":[{"embeddable":true,"href":"https:\/\/www.europesays.com\/fi\/wp-json\/wp\/v2\/media\/153800"}],"wp:attachment":[{"href":"https:\/\/www.europesays.com\/fi\/wp-json\/wp\/v2\/media?parent=153799"}],"wp:term":[{"taxonomy":"category","embeddable":true,"href":"https:\/\/www.europesays.com\/fi\/wp-json\/wp\/v2\/categories?post=153799"},{"taxonomy":"post_tag","embeddable":true,"href":"https:\/\/www.europesays.com\/fi\/wp-json\/wp\/v2\/tags?post=153799"}],"curies":[{"name":"wp","href":"https:\/\/api.w.org\/{rel}","templated":true}]}}