{"id":153812,"date":"2026-01-27T18:04:08","date_gmt":"2026-01-27T18:04:08","guid":{"rendered":"https:\/\/www.europesays.com\/fi\/153812\/"},"modified":"2026-01-27T18:04:08","modified_gmt":"2026-01-27T18:04:08","slug":"alma-hatosen-ja-jaakko-ohtosen-10-vuotisjuhla-parisuhdepaljastuksia-ja-rakkaustarina","status":"publish","type":"post","link":"https:\/\/www.europesays.com\/fi\/153812\/","title":{"rendered":"Alma H\u00e4t\u00f6sen ja Jaakko Ohtosen 10-vuotisjuhla: Parisuhdepaljastuksia ja rakkaustarina"},"content":{"rendered":"<p>\n            20230213, Helsinki. Kuutamolla -ohjelman ja Kuokkavieras Katajan mediap\u00e4iv\u00e4. Kuvassa Alma H\u00e4t\u00f6nen.<br \/>\n            TIMO KORHONEN\n        <\/p>\n<p class=\"subtitle \">Italiassa asuva juontaja kertoo podcastissaan muun muassa, miten tapasi miehens\u00e4.<\/p>\n<p class=\"article-content article-content-width !bg-background\">Juontaja \u00a0ja h\u00e4nen puolisonsa, n\u00e4yttelij\u00e4  saavuttivat merkitt\u00e4v\u00e4n rajapyykin, kun he juhlivat 10. vuosip\u00e4iv\u00e4\u00e4ns\u00e4.<\/p>\n<p class=\"article-content article-content-width !bg-background\">Sen kunniaksi, tai tiimoilta, Alma teki parisuhdepaljastuksia omassa Postikortteja Roomasta -podcastissaan, kun h\u00e4n intoutui puhumaan kuulijoilleen rakkaudesta.<\/p>\n<p class=\"article-content article-content-width !bg-background\">Aihe ei ole ihme, sill\u00e4 tammikuun alussa Alma kuvaili <a href=\"https:\/\/www.instagram.com\/almahatonen\/\" aria-label=\"Alma H\u00e4t\u00f6sen Instagram\" target=\"_blank\" rel=\"nofollow noopener\">Instagramissaan<\/a> ottavansa podcastin kuulijan mukaan matkalle, jossa h\u00e4n &#8221;pohtii henkisyytt\u00e4, oman nahan luomista, henkisi\u00e4 prosesseja sek\u00e4 muutosta Roomasta k\u00e4sin.&#8221;\u00a0<\/p>\n<p>        <a itemprop=\"url\" href=\"https:\/\/www.seiska.fi\/kotimaa\/jenni-poikelus-puhuu-suoraan-suhteestaan-alma-hatoseen\/1996074\" rel=\"nofollow noopener\" target=\"_blank\"><\/p>\n<p>\nJenni Poikelus:\n<\/p>\n<p class=\"section-date\">\n        <strong class=\"article-section\" data-section=\"kotimaa\"><br \/>\n            kotimaa<br \/>\n        <\/strong><br \/>\n        20.11.2025 06:00\n    <\/p>\n<p>Jenni Poikelus puhuu suoraan suhteestaan Alma H\u00e4t\u00f6seen\n    <\/p>\n<p itemprop=\"description\" class=\"subtitle \">\n    Jo pidemm\u00e4n aikaa on kai ollut valtakunnansalaisuutena kaksi asiaa: Mika Lintil\u00e4n WhatsApp-jutut sek\u00e4 Jennin ja &#8221;K\u00f6pin&#8221; eli Juuso Kallion suhde.\n<\/p>\n<p>        <\/a><\/p>\n<p class=\"article-content article-content-width !bg-background\">Tuoreimmassa jaksossa Alma kertoo parin rakkaustarinan.<\/p>\n<p>N\u00e4in he tapasivat<\/p>\n<p class=\"article-content article-content-width !bg-background\">Alma kertoo, ett\u00e4 pariskunta tapasi vuosikymmen sitten Tinderiss\u00e4.<\/p>\n<p class=\"article-content article-content-width !bg-background\">Vuotta aiemmin he t\u00f6rm\u00e4siv\u00e4t yhteisen yst\u00e4v\u00e4ns\u00e4, radiojuontaja , kautta. Jenni ja Jaakko ovat opiskelukavereita.<\/p>\n<p class=\"article-content article-content-width !bg-background\"> \u2013 Jaakko oli tietenkin sen j\u00e4lkeen seurannut Jenspan el\u00e4m\u00e4\u00e4, ett\u00e4 mit\u00e4 h\u00e4n tekee ja miten h\u00e4nell\u00e4 menee.\u00a0<\/p>\n<p>                <img decoding=\"async\" src=\"https:\/\/www.europesays.com\/fi\/wp-content\/uploads\/2026\/01\/2029701.webp.jpeg\" width=\"576\" height=\"720\" title=\"Radiojuontaja Jenni 'Jenspa' Poikelus on Jaakon vanha opiskelukaveri, ja Alman ty\u00f6kaveri Ylelt\u00e4.\" alt=\"Jenni Poikelus.\" loading=\"lazy\" \/>            <\/p>\n<p>\n            Radiojuontaja Jenni &#8221;Jenspa&#8221; Poikelus on Jaakon vanha opiskelukaveri, ja Alman ty\u00f6kaveri Ylelt\u00e4.<br \/>\n            ATTE KAJOVA\n        <\/p>\n<p class=\"article-content article-content-width !bg-background\">Jossain vaiheessa h\u00e4n oli huomannut, ett\u00e4 Jenni oli alkanut tekem\u00e4\u00e4n radio-ohjelmaa Alman kanssa, ja iskenyt silm\u00e4ns\u00e4 Almaan jo somen perusteella.<\/p>\n<p>        <a itemprop=\"url\" href=\"https:\/\/www.seiska.fi\/kotimaa\/italiaan-muuttanut-alma-hatonen-jymy-yllatys\/2037617\" rel=\"nofollow noopener\" target=\"_blank\"><\/p>\n<p>\nItaliaan muuttanut Alma H\u00e4t\u00f6nen\n<\/p>\n<p class=\"section-date\">\n        <strong class=\"article-section\" data-section=\"kotimaa\"><br \/>\n            kotimaa<br \/>\n        <\/strong><br \/>\n        5.1. 11:59\n    <\/p>\n<p>Italiaan muuttanut Alma H\u00e4t\u00f6nen: Jymy-yll\u00e4tys!\n    <\/p>\n<p itemprop=\"description\" class=\"subtitle \">\n    Ty\u00f6tt\u00f6m\u00e4ksi heitt\u00e4ytyneell\u00e4 Almalla on iloisia uutisia kerrottavanaan.\n<\/p>\n<p>        <\/a><\/p>\n<p class=\"article-content article-content-width !bg-background\">Elettiin vuotta 2015.<\/p>\n<p>Viimeinen mahdollisuus<\/p>\n<p class=\"article-content article-content-width !bg-background\">Alma kertoo l\u00e4hteneens\u00e4 Nicaraguaan surffaamaan muutamaksi viikoksi.<\/p>\n<p class=\"article-content article-content-width !bg-background\">Palattuaan alkuvuodesta 2016 h\u00e4n koki olevansa v\u00e4synyt deittailuun. Siit\u00e4 huolimatta h\u00e4n p\u00e4\u00e4tti katsoa viel\u00e4 kerran Tinderi\u00e4.<\/p>\n<p class=\"article-content article-content-width !bg-background\">Vastaan tuli vieh\u00e4tt\u00e4v\u00e4 mies, jolla oli upeat kuvat\u00a0 \u2013 h\u00e4n oli Jaakko.<\/p>\n<p>                <img decoding=\"async\" src=\"https:\/\/www.europesays.com\/fi\/wp-content\/uploads\/2026\/01\/1975874.webp.jpeg\" width=\"576\" height=\"720\" title=\"Alma H\u00e4t\u00f6nen ja Jaakko Ohtonen kuvattuna vuonna 2022.\" alt=\"Alma H\u00e4t\u00f6nen ja Jaakko Ohtonen.\" loading=\"lazy\" \/>            <\/p>\n<p>\n            Alma H\u00e4t\u00f6nen ja Jaakko Ohtonen kuvattuna vuonna 2022.<br \/>\n            ATTE KAJOVA\n        <\/p>\n<p class=\"article-content article-content-width !bg-background\"> \u2013 Kuvat olivat niin hyv\u00e4t, ett\u00e4 luulin sen olevan feikkitili, Alma kertoo.<\/p>\n<p>        <a itemprop=\"url\" href=\"https:\/\/www.seiska.fi\/kotimaa\/alma-hatonen-teki-radikaalin-muutoksen-karmeat-vieroitusoireet\/2018924\" rel=\"nofollow noopener\" target=\"_blank\"><\/p>\n<p>\nAlma H\u00e4t\u00f6nen\n<\/p>\n<p class=\"section-date\">\n        <strong class=\"article-section\" data-section=\"kotimaa\"><br \/>\n            kotimaa<br \/>\n        <\/strong><br \/>\n        11.12.2025 15:27\n    <\/p>\n<p>Alma H\u00e4t\u00f6nen teki radikaalin muutoksen \u2013 karmeat vieroitusoireet\n    <\/p>\n<p itemprop=\"description\" class=\"subtitle \">\n    Juontajakaunotar kertoo hurjista oireistaan.\n<\/p>\n<p>        <\/a><\/p>\n<p class=\"article-content article-content-width !bg-background\">Kymmenen vuotta sitten Tinderiss\u00e4 oli kuitenkin ominaisuus, joka n\u00e4ytti yhteiset yhteydet: Alma huomasi, ett\u00e4 paria yhdisti Jenspa.<\/p>\n<p class=\"article-content article-content-width !bg-background\"> \u2013 Olin ett\u00e4: Ai t\u00e4m\u00e4 on se Jaakko. Swaippasin, ja laitoin puhelimen pois.<\/p>\n<p class=\"article-content article-content-width !bg-background\">Samaan aikaan toisaalla, Jaakko oli kyll\u00e4stynyt Tinderiin. H\u00e4n kuitenkin bongasi profiilien joukosta Alman, ja niin seuranhakupalvelu yhdisti heid\u00e4t.<\/p>\n<p>        <a itemprop=\"url\" href=\"https:\/\/www.seiska.fi\/kotimaa\/alma-hatonen-ilouutinen\/1975813\" rel=\"nofollow noopener\" target=\"_blank\"><\/p>\n<p>\nAlma H\u00e4t\u00f6nen\n<\/p>\n<p class=\"section-date\">\n        <strong class=\"article-section\" data-section=\"kotimaa\"><br \/>\n            kotimaa<br \/>\n        <\/strong><br \/>\n        29.10.2025 08:31\n    <\/p>\n<p>Alma H\u00e4t\u00f6nen: Ilouutinen!\n    <\/p>\n<p itemprop=\"description\" class=\"subtitle \">\n    \u2013 T\u00e4ytt\u00e4\u00e4 syd\u00e4men niin valtavalla onnella, Alma hehkuttaa.\n<\/p>\n<p>        <\/a><\/p>\n<p class=\"article-content article-content-width !bg-background\">Jaakko ajatteli laittavansa viesti\u00e4 seuraavana p\u00e4iv\u00e4n\u00e4, mutta Almapa ehti ensin:<\/p>\n<p class=\"article-content article-content-width !bg-background\"> \u2013 Laitoin, ett\u00e4 moi, oot se Jenspan kaveri. Ollaan vissiin tavattu joskus aikaisemmin.<\/p>\n<p>Eteniv\u00e4t nopeasti<\/p>\n<p class=\"article-content article-content-width !bg-background\">Rakkaustarina eteni vauhdilla.<\/p>\n<p class=\"article-content article-content-width !bg-background\"> \u2013 Ensimm\u00e4isill\u00e4 treffeill\u00e4 olin jo ihan myyty.\u00a0<\/p>\n<p class=\"article-content article-content-width !bg-background\"> \u2013 Toisille treffeille Kiasmaan Jaakko saapui laastari poskessaan, koska ensimm\u00e4inen albumi, mink\u00e4 olen koskaan omistanut oli Nellyn levy \u2013 ja h\u00e4nell\u00e4 oli laastari poskessa.\u00a0<\/p>\n<p>        <a itemprop=\"url\" href=\"https:\/\/www.seiska.fi\/kotimaa\/kuin-kaksi-marjaa-talta-nayttaa-alma-hatosen-aiti\/2031369\" rel=\"nofollow noopener\" target=\"_blank\"><\/p>\n<p>\nKuin kaksi marjaa!\n<\/p>\n<p class=\"section-date\">\n        <strong class=\"article-section\" data-section=\"kotimaa\"><br \/>\n            kotimaa<br \/>\n        <\/strong><br \/>\n        27.12.2025 11:30\n    <\/p>\n<p>Kuin kaksi marjaa! T\u00e4lt\u00e4 n\u00e4ytt\u00e4\u00e4 Alma H\u00e4t\u00f6sen \u00e4iti\n    <\/p>\n<p itemprop=\"description\" class=\"subtitle \">\n    Juontajan \u00e4iti on eritt\u00e4in tyylik\u00e4s.\n<\/p>\n<p>        <\/a><\/p>\n<p class=\"article-content article-content-width !bg-background\"> \u2013 Nauroin niin paljon, kun tapasimme Kiasman ulkopuolella. Minulla oli niin n\u00e4hty olo: t\u00e4m\u00e4 toinen ihminen kertoi hauskalla tavalla olevansa kiinnostunut, ja ett\u00e4 min\u00e4 olen kiinnostava.\u00a0<\/p>\n<p class=\"article-content article-content-width !bg-background\">Kolmansilla treffeill\u00e4 Alma toi Jaakon ty\u00f6tapahtumaan, ja Jaakko tapasi tulevan vaimonsa kollegat.<\/p>\n<p class=\"article-content article-content-width !bg-background\">Nelj\u00e4nsill\u00e4 treffeill\u00e4 kaksikko kertoi toisilleen rakastavansa toisiaan.<\/p>\n<p class=\"article-content article-content-width !bg-background\"> \u2013 T\u00e4m\u00e4 kaikki tapahtui kahden viikon sis\u00e4ll\u00e4.<\/p>\n<p class=\"article-content article-content-width !bg-background\">Alma toteaa, ettei nopeasti eteneminen ole aina automaattisesti ongelma.<\/p>\n<p class=\"article-content article-content-width !bg-background\"> \u2013 Joskus sen vain tiet\u00e4\u00e4, ett\u00e4 t\u00e4m\u00e4 on minun ihmiseni.<\/p>\n<p class=\"italic m-italic article-content article-content-width !bg-background\"><a href=\"https:\/\/open.spotify.com\/show\/33kLvrEw1SGXZ4lhQ7TEOA\" aria-label=\"Postikortteja Roomasta -podcast Spotifyssa\" target=\"_blank\" rel=\"nofollow noopener\">Postikortteja Roomasta<\/a> -podcast kuunneltavissa <a href=\"https:\/\/open.spotify.com\/\" aria-label=\"Spotify\" target=\"_blank\" rel=\"nofollow noopener\">Spotifyssa<\/a>.<\/p>\n<p><script async src=\"\/\/www.instagram.com\/embed.js\"><\/script><\/p>\n","protected":false},"excerpt":{"rendered":"20230213, Helsinki. Kuutamolla -ohjelman ja Kuokkavieras Katajan mediap\u00e4iv\u00e4. Kuvassa Alma H\u00e4t\u00f6nen. TIMO KORHONEN Italiassa asuva juontaja kertoo podcastissaan&hellip;\n","protected":false},"author":2,"featured_media":153813,"comment_status":"","ping_status":"","sticky":false,"template":"","format":"standard","meta":{"footnotes":"","_share_on_mastodon":"0"},"categories":[136],"tags":[14692,407,137,33,31,30,14358,408,1496,23609,32,16833,109],"class_list":["post-153812","post","type-post","status-publish","format-standard","has-post-thumbnail","category-julkkikset","tag-alma-hatonen","tag-celebrities","tag-entertainment","tag-fi","tag-finland","tag-finnish","tag-jaakko-ohtonen","tag-julkkikset","tag-parisuhde","tag-postikortteja-roomasta","tag-suomi","tag-tinder","tag-viihde"],"share_on_mastodon":{"url":"https:\/\/pubeurope.com\/@fi\/115968387540194924","error":""},"_links":{"self":[{"href":"https:\/\/www.europesays.com\/fi\/wp-json\/wp\/v2\/posts\/153812","targetHints":{"allow":["GET"]}}],"collection":[{"href":"https:\/\/www.europesays.com\/fi\/wp-json\/wp\/v2\/posts"}],"about":[{"href":"https:\/\/www.europesays.com\/fi\/wp-json\/wp\/v2\/types\/post"}],"author":[{"embeddable":true,"href":"https:\/\/www.europesays.com\/fi\/wp-json\/wp\/v2\/users\/2"}],"replies":[{"embeddable":true,"href":"https:\/\/www.europesays.com\/fi\/wp-json\/wp\/v2\/comments?post=153812"}],"version-history":[{"count":0,"href":"https:\/\/www.europesays.com\/fi\/wp-json\/wp\/v2\/posts\/153812\/revisions"}],"wp:featuredmedia":[{"embeddable":true,"href":"https:\/\/www.europesays.com\/fi\/wp-json\/wp\/v2\/media\/153813"}],"wp:attachment":[{"href":"https:\/\/www.europesays.com\/fi\/wp-json\/wp\/v2\/media?parent=153812"}],"wp:term":[{"taxonomy":"category","embeddable":true,"href":"https:\/\/www.europesays.com\/fi\/wp-json\/wp\/v2\/categories?post=153812"},{"taxonomy":"post_tag","embeddable":true,"href":"https:\/\/www.europesays.com\/fi\/wp-json\/wp\/v2\/tags?post=153812"}],"curies":[{"name":"wp","href":"https:\/\/api.w.org\/{rel}","templated":true}]}}