{"id":153816,"date":"2026-01-27T18:09:13","date_gmt":"2026-01-27T18:09:13","guid":{"rendered":"https:\/\/www.europesays.com\/fi\/153816\/"},"modified":"2026-01-27T18:09:13","modified_gmt":"2026-01-27T18:09:13","slug":"kauhumestari-robert-eggersin-uran-sairain-elokuva-on-purkissa-ralph-inesonilla-oli-hauskaa-kuvauksissa","status":"publish","type":"post","link":"https:\/\/www.europesays.com\/fi\/153816\/","title":{"rendered":"Kauhumestari Robert Eggersin \u201duran sairain elokuva\u201d on purkissa \u2013 Ralph Inesonilla oli hauskaa kuvauksissa"},"content":{"rendered":"<p>The Witch- ja Nosferatu-mies <strong>Robert Eggersin <\/strong>seuraava elokuva kertoo ihmissusista.<\/p>\n<p>Werwulf-niminen elokuva on nyt purkissa, ja er\u00e4\u00e4ll\u00e4 sen t\u00e4hdell\u00e4 on ollut n\u00e4ht\u00e4v\u00e4sti hauskaa kuvauksissa.<\/p>\n<p>Lue my\u00f6s: <a href=\"https:\/\/www.episodi.fi\/uutiset\/nosferatu-ohjaajan-ihmissusielokuvan-kuvaukset-ovat-taydessa-kaynnissa-talta-nayttaa-paidaton-ja-verinen-aaron-taylor-johnson\/\" title=\"Nosferatu-ohjaajan ihmissusielokuvan kuvaukset ovat t\u00e4ydess\u00e4 k\u00e4ynniss\u00e4 \u2013 T\u00e4lt\u00e4 n\u00e4ytt\u00e4\u00e4 paidaton ja verinen Aaron-Taylor Johnson\" class=\"underline-custom !font-montserrat !font-bold !underline-offset-4 !decoration-4 !decoration-episodi-blue !text-md\" rel=\"nofollow noopener\" target=\"_blank\">Nosferatu-ohjaajan ihmissusielokuvan kuvaukset ovat t\u00e4ydess\u00e4 k\u00e4ynniss\u00e4 \u2013 T\u00e4lt\u00e4 n\u00e4ytt\u00e4\u00e4 paidaton ja verinen Aaron-Taylor Johnson<\/a><\/p>\n<p>Lue my\u00f6s: <a href=\"https:\/\/www.episodi.fi\/uutiset\/nosferatu-ohjaajan-ihmissusi-elokuvan-kuvaukset-alkoivat-englannissa\/\" title=\"Nosferatu-ohjaajan ihmissusi-elokuvan kuvaukset alkoivat Englannissa\" class=\"underline-custom !font-montserrat !font-bold !underline-offset-4 !decoration-4 !decoration-episodi-blue !text-md\" rel=\"nofollow noopener\" target=\"_blank\">Nosferatu-ohjaajan ihmissusi-elokuvan kuvaukset alkoivat Englannissa<\/a><\/p>\n<p><strong>Ralph Ineson<\/strong>, joka tunnetaan my\u00f6s Marvelin Galactuksena, julkaisi X:\u00e4\u00e4n kuvan, jossa h\u00e4n paljasti elokuvan kuvausten olevan ohi.<\/p>\n<p>Werwulfissa n\u00e4hd\u00e4\u00e4n my\u00f6s <strong>Aaron Taylor-Johnson, Lily-Rose Depp, Willem Dafoe <\/strong>ja<strong> Bodhi Rae Breathnach.<\/strong><\/p>\n<p>1200-luvun Englantiin sijoittuva elokuva kertoo mystisest\u00e4 olennosta, joka vaanii syrj\u00e4seudun asukkaita.<\/p>\n<p>Eggers on kuvannut elokuvaa uransa sairaimmaksi ja synkimm\u00e4ksi teokseksi.<\/p>\n<p>Ensi-ilta on joulukuussa.<\/p>\n<p>Alla Inesonin julkaisu.<\/p>\n<p>Lue my\u00f6s: <a href=\"https:\/\/www.episodi.fi\/uutiskirje\/?uutiskirjemainos=tekstilinkkimainos\" title=\"Tilaa Episodin uutiskirje ja voit voittaa leffalippuja! Nappaa tv-vinkit suoraan s\u00e4hk\u00f6postiin t\u00e4st\u00e4.\" class=\"underline-custom !font-montserrat !font-bold !underline-offset-4 !decoration-4 !decoration-episodi-blue !text-md\" rel=\"nofollow noopener\" target=\"_blank\">Tilaa Episodin uutiskirje ja voit voittaa leffalippuja! Nappaa katseluvinkit suoraan s\u00e4hk\u00f6postiin t\u00e4st\u00e4.<\/a><\/p>\n","protected":false},"excerpt":{"rendered":"The Witch- ja Nosferatu-mies Robert Eggersin seuraava elokuva kertoo ihmissusista. Werwulf-niminen elokuva on nyt purkissa, ja er\u00e4\u00e4ll\u00e4 sen&hellip;\n","protected":false},"author":2,"featured_media":153817,"comment_status":"","ping_status":"","sticky":false,"template":"","format":"standard","meta":{"footnotes":"","_share_on_mastodon":"0"},"categories":[131],"tags":[155,137,33,173,31,30,3057,172,19165,6835,32,109,6836],"class_list":["post-153816","post","type-post","status-publish","format-standard","has-post-thumbnail","category-elokuvat","tag-elokuvat","tag-entertainment","tag-fi","tag-film","tag-finland","tag-finnish","tag-kauhu","tag-movies","tag-ralph-ineson","tag-robert-eggers","tag-suomi","tag-viihde","tag-werwulf"],"share_on_mastodon":{"url":"https:\/\/pubeurope.com\/@fi\/115968407155882310","error":""},"_links":{"self":[{"href":"https:\/\/www.europesays.com\/fi\/wp-json\/wp\/v2\/posts\/153816","targetHints":{"allow":["GET"]}}],"collection":[{"href":"https:\/\/www.europesays.com\/fi\/wp-json\/wp\/v2\/posts"}],"about":[{"href":"https:\/\/www.europesays.com\/fi\/wp-json\/wp\/v2\/types\/post"}],"author":[{"embeddable":true,"href":"https:\/\/www.europesays.com\/fi\/wp-json\/wp\/v2\/users\/2"}],"replies":[{"embeddable":true,"href":"https:\/\/www.europesays.com\/fi\/wp-json\/wp\/v2\/comments?post=153816"}],"version-history":[{"count":0,"href":"https:\/\/www.europesays.com\/fi\/wp-json\/wp\/v2\/posts\/153816\/revisions"}],"wp:featuredmedia":[{"embeddable":true,"href":"https:\/\/www.europesays.com\/fi\/wp-json\/wp\/v2\/media\/153817"}],"wp:attachment":[{"href":"https:\/\/www.europesays.com\/fi\/wp-json\/wp\/v2\/media?parent=153816"}],"wp:term":[{"taxonomy":"category","embeddable":true,"href":"https:\/\/www.europesays.com\/fi\/wp-json\/wp\/v2\/categories?post=153816"},{"taxonomy":"post_tag","embeddable":true,"href":"https:\/\/www.europesays.com\/fi\/wp-json\/wp\/v2\/tags?post=153816"}],"curies":[{"name":"wp","href":"https:\/\/api.w.org\/{rel}","templated":true}]}}