{"id":15391,"date":"2025-08-25T02:34:10","date_gmt":"2025-08-25T02:34:10","guid":{"rendered":"https:\/\/www.europesays.com\/fi\/15391\/"},"modified":"2025-08-25T02:34:10","modified_gmt":"2025-08-25T02:34:10","slug":"uutinen-mita-ei-haluaisi-millaan-uskoa-todeksi-vieraslajiloyto-jarkyttaa-kaari-utriota","status":"publish","type":"post","link":"https:\/\/www.europesays.com\/fi\/15391\/","title":{"rendered":"&#8221;Uutinen, mit\u00e4 ei haluaisi mill\u00e4\u00e4n uskoa todeksi&#8221; \u2013 vieraslajil\u00f6yt\u00f6 j\u00e4rkytt\u00e4\u00e4 Kaari Utriota"},"content":{"rendered":"<p><b>Kaari<\/b> <b>Utrio<\/b> kulkee tottuneesti Jyrkk\u00e4lammen rantaan viev\u00e4\u00e4 polkua alasp\u00e4in. Vuonna 1976 Helsingist\u00e4 Somerniemelle muuttanut kirjailija on mielimaisemassaan.<\/p>\n<p>\u2013 Olen lenkkeillyt t\u00e4t\u00e4 samaa reitti\u00e4 kohta 50 vuotta. Lasten ollessa pieni\u00e4 k\u00e4vimme Jyrkk\u00e4lammessa uimassa. Rakastan t\u00e4t\u00e4 mets\u00e4ist\u00e4 maisemaa ja karua, kirkasvetist\u00e4 lampea, Utrio sanoo.<\/p>\n<p>Kuljemme jyrkk\u00e4\u00e4 rinnett\u00e4 alasp\u00e4in, kun yht\u00e4 \u00e4kki\u00e4 letkank\u00e4rjess\u00e4 kulkeva Utrio pys\u00e4htyy.<\/p>\n<p>\u2013\u2009Kuunnelkaa t\u00e4t\u00e4 hiljaisuutta. Vaikka maantie kulkee ihan vierest\u00e4, t\u00e4\u00e4ll\u00e4 on hiirenhiljaista, sill\u00e4 rinteet erist\u00e4v\u00e4t liikenteen \u00e4\u00e4net. Esimerkiksi saksalaiset vieraani ovat t\u00e4st\u00e4 haltioissaan.<\/p>\n<p>Utrio on juuri kuullut uutisen Jyrkk\u00e4lammen ei-toivotusta vieraasta kiehkuravesirutosta. Painotalo Amanitan kahvip\u00f6yd\u00e4ss\u00e4 on kasvista etsitty kaikki mahdollinen tieto.<\/p>\n<p>\u2013\u2009Tuo on j\u00e4rkytt\u00e4v\u00e4 uutinen, mit\u00e4 ei haluaisi mill\u00e4\u00e4n uskoa todeksi. Olisin ajatellut, ett\u00e4 Jyrkk\u00e4lammi on viimeinen paikka, johon tuollainen uhkaava vieraslaji pesiytyy. Lampi on niin syv\u00e4ll\u00e4 jyrkkien rinteiden ymp\u00e4r\u00f6im\u00e4n\u00e4, ett\u00e4 se on melkein ihmisen ulottumattomissa, Utrio huomauttaa.<\/p>\n<p>Korkeuserot pit\u00e4v\u00e4t huolen siit\u00e4, ett\u00e4 luonnon muovaamassa uimapaikassa ei ole ruuhkaa. Takavuosina lammen rannassa n\u00e4kyi joskus telttailijoita, mutta nyt aika on rauhoittunut.<\/p>\n<p><b>Taina Timperin<\/b> is\u00e4 <b>Jorma Lemberg<\/b> jakaa Utrion ajatukset. Lemberg on ollut ik\u00e4ns\u00e4 vesist\u00f6jen kanssa tekemisiss\u00e4 ja kuuluu t\u00e4\u00e4ll\u00e4kin hetkell\u00e4 Lounais-Suomen kalatalousalueen hallitukseen.<\/p>\n<p>\u2013\u2009Kiehkuravesirutto vet\u00e4\u00e4 v\u00e4kisin vakavaksi. Jyrkk\u00e4lampeen ei tule mist\u00e4\u00e4n vett\u00e4, joten kasvi on tullut jonkin el\u00e4imen matkassa.<\/p>\n<p>Lemberg katselee lammesta nostettua vesiruttokasaa:<\/p>\n<p>\u2013 Mit\u00e4 Jyrkk\u00e4lammelle nyt tapahtuu ja miten k\u00e4y alueen muiden j\u00e4rvien ja lampien? Ei t\u00e4t\u00e4 olisi voinut kuvitella, Lemberg pudistelee p\u00e4\u00e4t\u00e4\u00e4n.<\/p>\n<p>Jyrkk\u00e4lampi saa kirkkaan vetens\u00e4 pohjan l\u00e4heist\u00e4.<\/p>\n<p>\u2013 Laskimme kerran j\u00e4iden aikaan, ett\u00e4 lammessa olisi 32 l\u00e4hdett\u00e4. J\u00e4\u00e4 muodosti l\u00e4hteiden ymp\u00e4rille upean v\u00e4reilev\u00e4n kuvion, Utrio kertoo.<\/p>\n<p>Kaari Utrio katselee puunrunkoja, jotka ovat saaneet ajan saatossa kaatua Jyrkk\u00e4lampeen. Vaikka luonto ymp\u00e4rill\u00e4 on koskematon, ollaan nyt ihmisten tekojen \u00e4\u00e4rell\u00e4.<\/p>\n<p>\u2013\u2009Kiehkuravesirutto opettaa meit\u00e4, ett\u00e4 my\u00f6s luonto voi s\u00e4rky\u00e4, h\u00e4n sanoo.<\/p>\n","protected":false},"excerpt":{"rendered":"Kaari Utrio kulkee tottuneesti Jyrkk\u00e4lammen rantaan viev\u00e4\u00e4 polkua alasp\u00e4in. Vuonna 1976 Helsingist\u00e4 Somerniemelle muuttanut kirjailija on mielimaisemassaan. \u2013&hellip;\n","protected":false},"author":2,"featured_media":15392,"comment_status":"","ping_status":"","sticky":false,"template":"","format":"standard","meta":{"footnotes":""},"categories":[76],"tags":[79,77,33,31,30,6012,6013,3456,32,78,872,2830],"class_list":{"0":"post-15391","1":"post","2":"type-post","3":"status-publish","4":"format-standard","5":"has-post-thumbnail","7":"category-talous","8":"tag-business","9":"tag-economy","10":"tag-fi","11":"tag-finland","12":"tag-finnish","13":"tag-jarvet","14":"tag-kaari-utrio","15":"tag-somero","16":"tag-suomi","17":"tag-talous","18":"tag-vesistot","19":"tag-vieraslajit"},"share_on_mastodon":{"url":"","error":""},"_links":{"self":[{"href":"https:\/\/www.europesays.com\/fi\/wp-json\/wp\/v2\/posts\/15391","targetHints":{"allow":["GET"]}}],"collection":[{"href":"https:\/\/www.europesays.com\/fi\/wp-json\/wp\/v2\/posts"}],"about":[{"href":"https:\/\/www.europesays.com\/fi\/wp-json\/wp\/v2\/types\/post"}],"author":[{"embeddable":true,"href":"https:\/\/www.europesays.com\/fi\/wp-json\/wp\/v2\/users\/2"}],"replies":[{"embeddable":true,"href":"https:\/\/www.europesays.com\/fi\/wp-json\/wp\/v2\/comments?post=15391"}],"version-history":[{"count":0,"href":"https:\/\/www.europesays.com\/fi\/wp-json\/wp\/v2\/posts\/15391\/revisions"}],"wp:featuredmedia":[{"embeddable":true,"href":"https:\/\/www.europesays.com\/fi\/wp-json\/wp\/v2\/media\/15392"}],"wp:attachment":[{"href":"https:\/\/www.europesays.com\/fi\/wp-json\/wp\/v2\/media?parent=15391"}],"wp:term":[{"taxonomy":"category","embeddable":true,"href":"https:\/\/www.europesays.com\/fi\/wp-json\/wp\/v2\/categories?post=15391"},{"taxonomy":"post_tag","embeddable":true,"href":"https:\/\/www.europesays.com\/fi\/wp-json\/wp\/v2\/tags?post=15391"}],"curies":[{"name":"wp","href":"https:\/\/api.w.org\/{rel}","templated":true}]}}