{"id":153925,"date":"2026-01-27T20:41:09","date_gmt":"2026-01-27T20:41:09","guid":{"rendered":"https:\/\/www.europesays.com\/fi\/153925\/"},"modified":"2026-01-27T20:41:09","modified_gmt":"2026-01-27T20:41:09","slug":"nasijarven-jaasta-syntyi-koskettava-kunnianosoitus-pate-mustajarvelle-jarjestaja-ihmiset-pyyhkivat-kyyneleita-kotimaa","status":"publish","type":"post","link":"https:\/\/www.europesays.com\/fi\/153925\/","title":{"rendered":"N\u00e4sij\u00e4rven j\u00e4\u00e4st\u00e4 syntyi koskettava kunnianosoitus Pate Mustaj\u00e4rvelle \u2013 j\u00e4rjest\u00e4j\u00e4: \u201dIhmiset pyyhkiv\u00e4t kyyneleit\u00e4\u201d | Kotimaa"},"content":{"rendered":"<p class=\"aw-1gybjub aw-5vja16 kEtdKx kmuxyA yle__article__paragraph\">Ikurilainen urheiluseura halusi kunnioittaa alueen \u201domaa poikaa\u201d. J\u00e4\u00e4veistos\u00adpuistossa on n\u00e4ht\u00e4viss\u00e4 my\u00f6s Tiina Mustaj\u00e4rven kirjoittama koskettava teksti.<\/p>\n<p>Urheiluseura Ikurin Vireen puheenjohtaja Timo Ahonen kertoo videolla ihmisten liikuttumisesta j\u00e4\u00e4veistosten \u00e4\u00e4rell\u00e4. Video: Sanni Isom\u00e4ki \/ Yle<\/p>\n<ul class=\"aw-1jjocuh iJTSwP yle__article__list yle__article__list--ul\">\n<li class=\"aw-1j7gwms gNYKfi\">Tampereen Ikuriin on avattu j\u00e4\u00e4veistospuisto joulukuussa 2025 kuolleen Pate Mustaj\u00e4rven kunniaksi.<\/li>\n<li class=\"aw-1j7gwms gNYKfi\">Puiston on toteuttanut urheiluseura Ikurin Vire. Sen veistokset esitt\u00e4v\u00e4t hahmoja Mustaj\u00e4rven kappaleista.<\/li>\n<li class=\"aw-1j7gwms gNYKfi\">Avajaisissa monet paikalliset liikuttuivat kyyneliin. Puisto on yhteis\u00f6llinen kunnianosoitus ja muistopaikka.<\/li>\n<\/ul>\n<p class=\"aw-1gybjub aw-1p7kakr kEtdKx cEmitX yle__article__paragraph\">Tampereen Ikurissa voi nyt kokea ainutlaatuisen kunnianosoituksen joulukuussa 2025 menehtyneelle <strong class=\"aw-ak79eh KyCXm yle__article__strong\">Pate Mustaj\u00e4rvelle<\/strong>.<\/p>\n<p class=\"aw-1gybjub aw-1p7kakr kEtdKx cEmitX yle__article__paragraph\">Ikurin Vireen yll\u00e4pit\u00e4m\u00e4 j\u00e4\u00e4veistospuisto avautui sunnuntaina, ja se on omistettu kokonaan \u201dIkurin omalle pojalle\u201d.<\/p>\n<p class=\"aw-1gybjub aw-1p7kakr kEtdKx cEmitX yle__article__paragraph\">\u2013 Kysyin omaisilta, mit\u00e4 mielt\u00e4 he ovat, onnistuuko t\u00e4m\u00e4. Heille se k\u00e4vi, ja siit\u00e4 se sitten syntyi, kertoo urheiluseura Ikurin Vireen puheenjohtaja <strong class=\"aw-ak79eh KyCXm yle__article__strong\">Timo Ahonen<\/strong>.<\/p>\n<p class=\"aw-1gybjub aw-1p7kakr kEtdKx cEmitX yle__article__paragraph\">Nyt Ikurin metsik\u00f6ss\u00e4 voi n\u00e4hd\u00e4 esimerkiksi kersantti Karoliinan, ukkometson sek\u00e4 Repen ja Lissun, jotka ihastelevat Tampereen siluettia.<\/p>\n<p><img decoding=\"async\" alt=\"J\u00e4\u00e4patsas, jossa pilvimuodostelmia, joiden p\u00e4\u00e4ll\u00e4 kissoja. Veistos on valaistu sinisell\u00e4 ja pinkill\u00e4 valolla.\" src=\"https:\/\/www.europesays.com\/fi\/wp-content\/uploads\/2026\/01\/39-1587301697885c2d9142.jpeg\" loading=\"lazy\" class=\"aw-1l9m598 hKVVvP\"\/><\/p>\n<p>Avaa kuvien katselu<\/p>\n<p>Puiston veistokset kuvaavat Mustaj\u00e4rven ja Popedan musiikkia. Teemat painottuvat erityisesti Paten omiin ja viimeisimpiin soolobiiseihin. Kuvassa Kissojen taivaaseen -veistos. Kuva: Timo Ahonen\u201dUskon, ett\u00e4 Pate peukuttaisi\u201d<\/p>\n<p class=\"aw-1gybjub aw-1p7kakr kEtdKx cEmitX yle__article__paragraph\">J\u00e4\u00e4veistokset on toteutettu talkoovoimin, ja j\u00e4\u00e4t on nostettu N\u00e4sij\u00e4rvest\u00e4. Puistossa soi taustalla p\u00e4tki\u00e4 Mustaj\u00e4rven ja Popedan kappaleista.<\/p>\n<p class=\"aw-1gybjub aw-1p7kakr kEtdKx cEmitX yle__article__paragraph\">Ahosen mukaan Mustaj\u00e4rvi tunnettiin Ikurissa aivan toisenlaisena kuin suuren yleis\u00f6n tuntemana lavapersoonana.<\/p>\n<p><img decoding=\"async\" alt=\"Metson muotoinen j\u00e4\u00e4veistos mets\u00e4ss\u00e4.\" src=\"https:\/\/www.europesays.com\/fi\/wp-content\/uploads\/2026\/01\/39-1587305697885c6434e7.jpeg\" loading=\"lazy\" class=\"aw-1l9m598 hKVVvP\"\/><\/p>\n<p>Avaa kuvien katselu<\/p>\n<p>Polulta l\u00f6ytyy tietysti my\u00f6s ukkometso.  Kuva: Sanni Isom\u00e4ki \/ Yle<\/p>\n<p class=\"aw-1gybjub aw-1p7kakr kEtdKx cEmitX yle__article__paragraph\">H\u00e4n kuvailee miest\u00e4 sympaattiseksi ja l\u00e4mminhenkiseksi ihmiseksi.<\/p>\n<p class=\"aw-1gybjub aw-1p7kakr kEtdKx cEmitX yle__article__paragraph\">\u2013 Rakastettava tyyppi kerta kaikkiaan, Ahonen toteaa.<\/p>\n<p><img decoding=\"async\" alt=\"Kaksi talkoolaista veist\u00e4m\u00e4ss\u00e4 h\u00e4m\u00e4r\u00e4ss\u00e4 Kissojen taivaaseen -nimist\u00e4 j\u00e4\u00e4veistosta.\" src=\"https:\/\/www.europesays.com\/fi\/wp-content\/uploads\/2026\/01\/39-1587302697885c3bfa0d.jpeg\" loading=\"lazy\" class=\"aw-1l9m598 hKVVvP\"\/><\/p>\n<p>Avaa kuvien katselu<\/p>\n<p>J\u00e4\u00e4veistokset on toteutettu talkoovoimin, eik\u00e4 puistoon ole p\u00e4\u00e4symaksua. Kuvassa Ikurin Vireen aktiivit Kaapo Manninen ja Paso Ahokas veist\u00e4m\u00e4ss\u00e4. Kuva: Timo Ahonen<\/p>\n<p class=\"aw-1gybjub aw-1p7kakr kEtdKx cEmitX yle__article__paragraph\">J\u00e4\u00e4veistospuiston avajaisissa n\u00e4kyi, kuinka syv\u00e4sti Mustaj\u00e4rven poismeno on koskettanut alueen asukkaita.<\/p>\n<p class=\"aw-1gybjub aw-1p7kakr kEtdKx cEmitX yle__article__paragraph\">\u2013 N\u00e4in paljon ihmisi\u00e4, jotka pyyhkiv\u00e4t kyyneleit\u00e4. Tajusin vasta siin\u00e4, kuinka t\u00e4rke\u00e4\u00e4 t\u00e4m\u00e4 oikeastaan on. Tuli mieleen sellainen yhteis\u00f6llinen sureminen.<\/p>\n<p><img decoding=\"async\" alt=\"Ikurin Vireen puheenjohtaja Timo Ahonen hymyilee kameralle. Taustalla n\u00e4kyy j\u00e4\u00e4veistoksia.\" src=\"https:\/\/www.europesays.com\/fi\/wp-content\/uploads\/2026\/01\/39-1586952697760749a87f.jpeg\" loading=\"lazy\" class=\"aw-1l9m598 hKVVvP\"\/><\/p>\n<p>Avaa kuvien katselu<\/p>\n<p>Mustaj\u00e4rvi oli tuttu n\u00e4ky Ikurin kent\u00e4ll\u00e4 ja Vireen kahviossa. \u201dPauli k\u00e4vi t\u00e4\u00e4ll\u00e4 paljon lenkkeilem\u00e4ss\u00e4\u201d, Timo Ahonen kertoo. Kuva: Sanni Isom\u00e4ki \/ Yle<\/p>\n<p class=\"aw-1gybjub aw-1p7kakr kEtdKx cEmitX yle__article__paragraph\">J\u00e4\u00e4veistospuisto on k\u00e4vij\u00f6ille maksuton, mutta halutessaan voi j\u00e4tt\u00e4\u00e4 vapaaehtoisen kannatusmaksun. Veistokset ovat ihasteltavissa ymp\u00e4ri vuorokauden niin kauan kuin luonto suo.<\/p>\n<p class=\"aw-1gybjub aw-1p7kakr kEtdKx cEmitX yle__article__paragraph\">J\u00e4rjest\u00e4jien mukaan tapahtumaa on mainostettu maltillisesti, jotta isoilta ruuhkilta v\u00e4ltytt\u00e4isiin.<\/p>\n<p class=\"aw-1gybjub aw-1p7kakr kEtdKx cEmitX yle__article__paragraph\">\u2013 Jos saapuu omalla autolla, on pys\u00e4k\u00f6it\u00e4v\u00e4 fiksusti teiden varsille niin, ettei tukita mit\u00e4\u00e4n, Ahonen toivoo.<\/p>\n<p><img decoding=\"async\" alt=\"Sinisell\u00e4 valaistut j\u00e4\u00e4veistoshahmot istuvat vierekk\u00e4in ja ihastelevat punaiseksi valaistua Tampereen siluettiveistosta.\" src=\"https:\/\/www.europesays.com\/fi\/wp-content\/uploads\/2026\/01\/39-1587300697885c29dbb3.jpeg\" loading=\"lazy\" class=\"aw-1l9m598 hKVVvP\"\/><\/p>\n<p>Avaa kuvien katselu<\/p>\n<p>Ikurin vireen v\u00e4ki toivoo, ett\u00e4 k\u00e4vij\u00e4t k\u00e4ytt\u00e4isiv\u00e4t julkista liikennett\u00e4, sill\u00e4 alueella on rajalliset pys\u00e4k\u00f6intimahdollisuudet. Kuvassa Repe ja Lissu -veistos. Kuva: Timo Ahonen<\/p>\n<p class=\"aw-1gybjub aw-1p7kakr kEtdKx cEmitX yle__article__paragraph\">Ahonen uskoo, ett\u00e4 Mustaj\u00e4rvi olisi pit\u00e4nyt kunnianosoituksesta.<\/p>\n<p class=\"aw-1gybjub aw-1p7kakr kEtdKx cEmitX yle__article__paragraph\">\u2013 Min\u00e4 aika vilpitt\u00f6m\u00e4sti uskon, ett\u00e4 h\u00e4n peukuttaisi. Paulin leski <strong class=\"aw-ak79eh KyCXm yle__article__strong\">Tiina<\/strong> k\u00e4vi t\u00e4\u00e4ll\u00e4 ja kirjoitti tuohon sellaisen alkutekstin, joka v\u00e4h\u00e4n l\u00e4ik\u00e4ht\u00e4\u00e4 syd\u00e4mess\u00e4, kun sen lukee.<\/p>\n<p><img decoding=\"async\" alt=\"Kyltti, jossa teksti &quot;Ikurista se kaikki alkoi! Vuoden 2026 piti olla juhlavuoteni. Ik\u00e4mittariin olisi ly\u00f6ty luku 70 ja urani musiikin parissa olisi sekin kest\u00e4nyt 50 vuotta. Sattuneesta syyst\u00e4 en ole nyt itse paikan p\u00e4\u00e4ll\u00e4 juhlimassa, mutta luotan siihen, ett\u00e4 te juhlistatte t\u00e4t\u00e4 merkkivuottani minunkin puolestani. Luokoon valo l\u00e4mp\u00f6\u00e4 Ikurin j\u00e4\u00e4veistospolulla! Pate Mustaj\u00e4rvi.&quot;\" src=\"https:\/\/www.europesays.com\/fi\/wp-content\/uploads\/2026\/01\/39-1587303697885c48a160.jpeg\" loading=\"lazy\" class=\"aw-1l9m598 hKVVvP\"\/><\/p>\n<p>Avaa kuvien katselu<\/p>\n<p>Polulla soi otteita Mustaj\u00e4rven ja Popedan kappaleista. Polun alussa olevan tekstin on kirjoittanut Tiina Mustaj\u00e4rvi. Kuva: Sanni Isom\u00e4ki \/ Yle<\/p>\n<p class=\"aw-1gybjub aw-1p7kakr kEtdKx cEmitX yle__article__paragraph\">Sattumalta puisto avattiin juuri Paulin nimip\u00e4iv\u00e4n\u00e4. Puiston vieress\u00e4 kulkee my\u00f6s Patenpolku, joka on aiemmin nimetty h\u00e4nen kunniakseen.<\/p>\n<p class=\"aw-1gybjub aw-1p7kakr kEtdKx cEmitX yle__article__paragraph\">\u2013 Kyll\u00e4 t\u00e4ss\u00e4 suurin juttu on se, ett\u00e4 me saamme kunnioittaa Paulia t\u00e4ll\u00e4 tapaa. Ja se, ett\u00e4 kaikilla t\u00e4\u00e4ll\u00e4 on syd\u00e4n mukana, Ahonen tiivist\u00e4\u00e4.<\/p>\n<p class=\"aw-1gybjub aw-1p7kakr kEtdKx cEmitX yle__article__paragraph\"><strong class=\"aw-ak79eh KyCXm yle__article__strong\">Koko Ikurin Vireen puheenjohtaja Timo Ahosen haastattelun voit kuunnella alta.<\/strong><\/p>\n<p><strong class=\"aw-1bgq5a3 bSmpIc\">Pate Mustaj\u00e4rve\u00e4 muistetaan Ikurissa j\u00e4\u00e4veistoksilla<\/strong><\/p>\n<p><img decoding=\"async\" alt=\"\" src=\"https:\/\/www.europesays.com\/fi\/wp-content\/uploads\/2026\/01\/13-1-77190817-1769508175910.jpeg\" class=\"aw-1l9m598 hKVVvP\"\/><\/p>\n","protected":false},"excerpt":{"rendered":"Ikurilainen urheiluseura halusi kunnioittaa alueen \u201domaa poikaa\u201d. J\u00e4\u00e4veistos\u00adpuistossa on n\u00e4ht\u00e4viss\u00e4 my\u00f6s Tiina Mustaj\u00e4rven kirjoittama koskettava teksti. Urheiluseura Ikurin&hellip;\n","protected":false},"author":2,"featured_media":153926,"comment_status":"","ping_status":"","sticky":false,"template":"","format":"standard","meta":{"footnotes":"","_share_on_mastodon":"0"},"categories":[135],"tags":[389,387,388,390,137,33,31,30,25914,24757,25915,71,47,5730,553,10993,32,394,393,391,392,551,109],"class_list":["post-153925","post","type-post","status-publish","format-standard","has-post-thumbnail","category-taiteet-ja-suunnittelu","tag-arts","tag-arts-and-design","tag-artsanddesign","tag-design","tag-entertainment","tag-fi","tag-finland","tag-finnish","tag-ikuri","tag-ikurin-vire","tag-jaaveistokset","tag-kotimaa","tag-musiikki","tag-pate-mustajarvi","tag-pirkanmaa","tag-popeda","tag-suomi","tag-suunnittelu","tag-taiteet","tag-taiteet-ja-suunnittelu","tag-taiteetsuunnittelu","tag-tampere","tag-viihde"],"share_on_mastodon":{"url":"https:\/\/pubeurope.com\/@fi\/115969004919465962","error":""},"_links":{"self":[{"href":"https:\/\/www.europesays.com\/fi\/wp-json\/wp\/v2\/posts\/153925","targetHints":{"allow":["GET"]}}],"collection":[{"href":"https:\/\/www.europesays.com\/fi\/wp-json\/wp\/v2\/posts"}],"about":[{"href":"https:\/\/www.europesays.com\/fi\/wp-json\/wp\/v2\/types\/post"}],"author":[{"embeddable":true,"href":"https:\/\/www.europesays.com\/fi\/wp-json\/wp\/v2\/users\/2"}],"replies":[{"embeddable":true,"href":"https:\/\/www.europesays.com\/fi\/wp-json\/wp\/v2\/comments?post=153925"}],"version-history":[{"count":0,"href":"https:\/\/www.europesays.com\/fi\/wp-json\/wp\/v2\/posts\/153925\/revisions"}],"wp:featuredmedia":[{"embeddable":true,"href":"https:\/\/www.europesays.com\/fi\/wp-json\/wp\/v2\/media\/153926"}],"wp:attachment":[{"href":"https:\/\/www.europesays.com\/fi\/wp-json\/wp\/v2\/media?parent=153925"}],"wp:term":[{"taxonomy":"category","embeddable":true,"href":"https:\/\/www.europesays.com\/fi\/wp-json\/wp\/v2\/categories?post=153925"},{"taxonomy":"post_tag","embeddable":true,"href":"https:\/\/www.europesays.com\/fi\/wp-json\/wp\/v2\/tags?post=153925"}],"curies":[{"name":"wp","href":"https:\/\/api.w.org\/{rel}","templated":true}]}}