{"id":153979,"date":"2026-01-27T22:05:07","date_gmt":"2026-01-27T22:05:07","guid":{"rendered":"https:\/\/www.europesays.com\/fi\/153979\/"},"modified":"2026-01-27T22:05:07","modified_gmt":"2026-01-27T22:05:07","slug":"tuomas-iisalon-valmentama-memphis-skandaalin-keskella-nba-seuran-omistaja-yhdistetty-venajan-sotarikoksiin-urheilu","status":"publish","type":"post","link":"https:\/\/www.europesays.com\/fi\/153979\/","title":{"rendered":"Tuomas Iisalon valmentama Memphis skandaalin keskell\u00e4: NBA-seuran omistaja yhdistetty Ven\u00e4j\u00e4n sotarikoksiin | Urheilu"},"content":{"rendered":"<p class=\"aw-1gybjub aw-5vja16 kEtdKx kmuxyA yle__article__paragraph\">Raporttien mukaan Memphis Grizzliesin omistajan yrityksen tekniikkaa on k\u00e4ytetty Ukrainan sodan etulinjassa.<\/p>\n<p><img decoding=\"async\" alt=\"Memphis Grizzliesin omistaja Robert Pera ei yleens\u00e4 esiinny paljon julkisuudessa. T\u00e4ss\u00e4 h\u00e4n on kuvattuna lehdist\u00f6tilaisuudessa 1. elokuuta 2014.\" src=\"https:\/\/www.europesays.com\/fi\/wp-content\/uploads\/2026\/01\/39-158768369790b664e048.jpeg\" class=\"aw-1l9m598 hKVVvP\"\/><\/p>\n<p>Avaa kuvien katselu<\/p>\n<p>Memphis Grizzliesin omistaja Robert Pera ei yleens\u00e4 esiinny paljon julkisuudessa. T\u00e4ss\u00e4 h\u00e4n on kuvattuna lehdist\u00f6tilaisuudessa 1. elokuuta 2014. Kuva: NBAE via Getty ImagesKeskeiset asiat:<\/p>\n<ul class=\"aw-1jjocuh iJTSwP yle__article__list yle__article__list--ul\">\n<li class=\"aw-1j7gwms gNYKfi\">Memphis Grizzliesin NBA-joukkueen omistaja Robert Pera omistaa Ubiquiti Networks -yhti\u00f6n, joka valmistaa langattomia viestint\u00e4laitteita.<\/li>\n<li class=\"aw-1j7gwms gNYKfi\">Tutkiva journalisti Sam Koppelman ja muut tutkimukset ovat yhdist\u00e4neet Ubiquitin laitteet Ven\u00e4j\u00e4n armeijan k\u00e4ytt\u00f6\u00f6n Ukrainan sodan etulinjassa.<\/li>\n<li class=\"aw-1j7gwms gNYKfi\">Laitteita on l\u00f6ytynyt ven\u00e4l\u00e4isjoukoilta, ja niit\u00e4 on k\u00e4ytetty erityisesti droonien ohjaamiseen ja iskujen koordinointiin \u2014 mukaan lukien v\u00e4itetyt iskut siviilej\u00e4 vastaan.<\/li>\n<li class=\"aw-1j7gwms gNYKfi\">T\u00e4llaiset laitteiden myynnit Ven\u00e4j\u00e4lle ovat Yhdysvaltojen pakotteiden rikkomista.<\/li>\n<li class=\"aw-1j7gwms gNYKfi\">NBA ei ole reagoinut tapaukseen, vaikka kyse on mahdollisesti laajasta ja vakavasta pakoterikkomuksesta, joka t\u00e4ytt\u00e4\u00e4 YK:n ihmisyytt\u00e4 vastaan tehtyjen rikosten m\u00e4\u00e4ritelm\u00e4n.<\/li>\n<\/ul>\n<p class=\"aw-1gybjub aw-1p7kakr kEtdKx cEmitX yle__article__paragraph\">NBA:ssa on noussut esille skandaali, joka ei liity koripalloon lainkaan.<\/p>\n<p class=\"aw-1gybjub aw-1p7kakr kEtdKx cEmitX yle__article__paragraph\">Suomalainen <strong class=\"aw-ak79eh KyCXm yle__article__strong\">Tuomas Iisalon<\/strong> valmentaman Memphis Grizzliesin omistaja <strong class=\"aw-ak79eh KyCXm yle__article__strong\">Robert Pera<\/strong> on yhdistetty v\u00e4itteisiin, joiden mukaan h\u00e4nen yrityksens\u00e4 valmistamaa teknologiaa olisi p\u00e4\u00e4tynyt ven\u00e4l\u00e4isjoukkojen k\u00e4siin Ukrainan sodassa.<\/p>\n<p class=\"aw-1gybjub aw-1p7kakr kEtdKx cEmitX yle__article__paragraph\">Peran yrityksen v\u00e4itet\u00e4\u00e4n olevan yksi merkitt\u00e4v\u00e4 toimija, joka mahdollistaa Ven\u00e4j\u00e4n sotilasoperaatioita viestint\u00e4teknologian avulla.<\/p>\n<p class=\"aw-1gybjub aw-1p7kakr kEtdKx cEmitX yle__article__paragraph\">Forbesin arvion mukaan Peran nettovarallisuus on noin 26,7 miljardia dollaria. H\u00e4n on langattomia laitteita valmistavan Ubiquiti Networksin perustaja ja toimitusjohtaja.<\/p>\n<p class=\"aw-1gybjub aw-1p7kakr kEtdKx cEmitX yle__article__paragraph\">Yritys valmistaa Wi-Fi-reitittimi\u00e4, antenneja ja radiolaitteita. Niit\u00e4 k\u00e4ytet\u00e4\u00e4n usein paikoissa, joissa yhteydet ovat muuten huonot \u2013 esimerkiksi metsiss\u00e4, kyliss\u00e4 ja syrj\u00e4seuduilla.<\/p>\n<p>Kiovan alueella droonit ja ohjukset tappaneet asukkaita ja raunioittaneet koteja\u201dMahdollistaa tarkat drooni-iskut siivilej\u00e4 vastaan\u201d<\/p>\n<p class=\"aw-1gybjub aw-1p7kakr kEtdKx cEmitX yle__article__paragraph\">Hunterbrook Median toimittaja <strong class=\"aw-ak79eh KyCXm yle__article__strong\">Sam Koppelman<\/strong> <a class=\"aw-iao6s4 iHOxEa yle__article__link\" href=\"https:\/\/hntrbrk.com\/ubiquiti\/\" role=\"link\" rel=\"nofollow noopener\" target=\"_blank\">teki puolen vuoden tutkimuksen ja paljasti<\/a>, ett\u00e4 yhdysvaltalaisen miljard\u00f6\u00f6ri Peran yrityksen laitteita k\u00e4ytet\u00e4\u00e4n ven\u00e4l\u00e4isjoukkojen viestinn\u00e4ss\u00e4 ja iskujen koordinoinnissa, erityisesti droonien kanssa.<\/p>\n<p class=\"aw-1gybjub aw-1p7kakr kEtdKx cEmitX yle__article__paragraph\">V\u00e4itteet on Koppelmanin mukaan vahvistettu salaisella raportoinnilla, video- ja kauppatiedoin, jotka yhdist\u00e4v\u00e4t Ubiquitin laitteet suoraan Ven\u00e4j\u00e4n armeijan yksik\u00f6ihin Ukrainassa.<\/p>\n<p class=\"aw-1gybjub aw-1p7kakr kEtdKx cEmitX yle__article__paragraph\">Koppelman sanoi Pablo Torre Finds Out -ohjelmassa, ett\u00e4 \u201dasiantuntijoiden mukaan t\u00e4m\u00e4 mahdollistaa tarkat drooni-iskut ukrainalaisia siviilej\u00e4 vastaan. Kyseess\u00e4 ovat joukkosurmat, joita YK on kutsunut rikoksiksi ihmisyytt\u00e4 vastaan.\u201d<\/p>\n<p class=\"aw-1gybjub aw-1p7kakr kEtdKx cEmitX yle__article__paragraph\">Ukrainalaissotilas on kertonut Hunterbrook Medialle laitteiden tappavasta merkityksest\u00e4 etulinjassa.<\/p>\n<p class=\"aw-1gybjub aw-1p7kakr kEtdKx cEmitX yle__article__paragraph\">\u201dHaastattelimme ukrainalaissotilasta, joka kertoi meille Hunterbrookilla, ett\u00e4 ilman Ubiquitin laitteita ven\u00e4l\u00e4isten droonit \u2013 ne, jotka mahdollistavat n\u00e4m\u00e4 joukkomurhat \u2013 eiv\u00e4t toimisi. Ne lent\u00e4isiv\u00e4t muutoin sokkona.\u201d<\/p>\n<p>Ei ensimm\u00e4inen kerta Ubiquitin laitteiden kanssa<\/p>\n<p class=\"aw-1gybjub aw-1p7kakr kEtdKx cEmitX yle__article__paragraph\">T\u00e4llaisten laitteiden myynti Ven\u00e4j\u00e4lle on Yhdysvaltojen pakotteiden listalla. Se on ehdottomasti kielletty\u00e4.<\/p>\n<p class=\"aw-1gybjub aw-1p7kakr kEtdKx cEmitX yle__article__paragraph\">Ven\u00e4j\u00e4 on ollut pakotteiden alaisena vuodesta 2014. Rajoituksia kiristettiin sen hy\u00f6k\u00e4ytty\u00e4 Ukrainaan.<\/p>\n<p class=\"aw-1gybjub aw-1p7kakr kEtdKx cEmitX yle__article__paragraph\">Ubiquiti j\u00e4i jo aiemmin kiinni pakotteiden rikkomisesta vuonna 2014. Sen laitteita l\u00f6ydettiin Iranista. Yhti\u00f6 sai t\u00e4st\u00e4 noin puolen miljoonan dollarin sakot.<\/p>\n<p class=\"aw-1gybjub aw-1p7kakr kEtdKx cEmitX yle__article__paragraph\">\u2013 En voi antaa t\u00e4m\u00e4n tapahtua uudelleen. Jos se tapahtuu, olen pulassa, Pera sanoi t\u00e4m\u00e4n tapauksen yhteydess\u00e4.<\/p>\n<p class=\"aw-1gybjub aw-1p7kakr kEtdKx cEmitX yle__article__paragraph\">Nyt historia n\u00e4ytt\u00e4\u00e4 kuitenkin toistavan itse\u00e4\u00e4n.<\/p>\n<p class=\"aw-1gybjub aw-1p7kakr kEtdKx cEmitX yle__article__paragraph\">Tutkijat analysoivat taistelukenttien videoita ja kuvia, joissa Ubiquitin logot n\u00e4kyv\u00e4t selv\u00e4sti Ven\u00e4j\u00e4n yksik\u00f6iden antenneissa. He haastattelivat ihmisi\u00e4, jotka ovat kokeneet tilanteen omakohtaisesti.<\/p>\n<p class=\"aw-1gybjub aw-1p7kakr kEtdKx cEmitX yle__article__paragraph\">Hunterbrookin toimittajat esiintyiv\u00e4t ven\u00e4l\u00e4isin\u00e4 ostajina. He huomasivat, ett\u00e4 verkkokauppiaat olivat valmiita l\u00e4hett\u00e4m\u00e4\u00e4n Ubiquitin tuotteita sota-alueille. Lait on siis mahdollista kiert\u00e4\u00e4.<\/p>\n<p class=\"aw-1gybjub aw-1p7kakr kEtdKx cEmitX yle__article__paragraph\">Aiheesta on <a class=\"aw-iao6s4 iHOxEa yle__article__link\" href=\"https:\/\/www.basketballnetwork.net\/latest-news\/grizzlies-owner-robert-pera-linked-to-russias-alleged-crimes-against-humanity\" role=\"link\" rel=\"nofollow noopener\" target=\"_blank\">kirjoittanut<\/a> my\u00f6s Basketball Networkin p\u00e4\u00e4toimittaja <strong class=\"aw-ak79eh KyCXm yle__article__strong\">Peter Sunjic<\/strong>.<\/p>\n<p class=\"aw-1gybjub aw-1p7kakr kEtdKx cEmitX yle__article__paragraph\">Pera nousi vuonna 2012 nuorimpana henkil\u00f6n\u00e4 NBA-joukkueen omistajaksi. Kaupan arvoksi arvioitiin tuolloin noin 350 miljoonaa dollaria.<\/p>\n<p class=\"aw-1gybjub aw-1p7kakr kEtdKx cEmitX yle__article__paragraph\">H\u00e4n on sama omistaja, joka rankaisi Grizzliesin t\u00e4hte\u00e4 <strong class=\"aw-ak79eh KyCXm yle__article__strong\">Ja Morantia<\/strong> ankarasti. Morant oli esitellyt asetta Instagram Livess\u00e4. Morant menetti tiett\u00e4v\u00e4sti noin 8 miljoonaa dollaria ja sai pelikiellon. H\u00e4n joutui my\u00f6s pyyt\u00e4m\u00e4\u00e4n julkisesti anteeksi.<\/p>\n<p class=\"aw-1gybjub aw-1p7kakr kEtdKx cEmitX yle__article__paragraph\">Nyt omistaja, jonka yrityksen tuotteita k\u00e4ytet\u00e4\u00e4n sotatoimissa, ei ole ainakaan viel\u00e4 kohdannut seurauksia NBA:n taholta.<\/p>\n<p class=\"aw-1gybjub aw-1p7kakr kEtdKx cEmitX yle__article__paragraph\">Aihe on uusi. Liigajohto on todenn\u00e4k\u00f6isesti vasta saanut siit\u00e4 tiedon. Komissaari <strong class=\"aw-ak79eh KyCXm yle__article__strong\">Adam Silverill\u00e4<\/strong> on reagointia vaativa ongelma k\u00e4siss\u00e4\u00e4n.<\/p>\n<p class=\"aw-1gybjub aw-1p7kakr kEtdKx cEmitX yle__article__paragraph\">\u2013 V\u00e4litt\u00e4\u00e4k\u00f6 NBA:n komissaari enemm\u00e4n siit\u00e4, ett\u00e4 pelaaja heiluttelee asetta Instagramissa kuin siit\u00e4, ett\u00e4 yksi h\u00e4nen miljard\u00f6\u00f6ri-pomoistaan mahdollistaa <strong class=\"aw-ak79eh KyCXm yle__article__strong\">Vladimir Putinin<\/strong> sodan Ukrainassa? Koppelman kysyi ohjelmassa analyysinsa lopuksi.<\/p>\n<p class=\"aw-1gybjub aw-1p7kakr kEtdKx cEmitX yle__article__paragraph\">Grizzliesin omistaja Pera ei ole viel\u00e4 kommentoinut syyt\u00f6ksi\u00e4.<\/p>\n","protected":false},"excerpt":{"rendered":"Raporttien mukaan Memphis Grizzliesin omistajan yrityksen tekniikkaa on k\u00e4ytetty Ukrainan sodan etulinjassa. Avaa kuvien katselu Memphis Grizzliesin omistaja&hellip;\n","protected":false},"author":2,"featured_media":153980,"comment_status":"","ping_status":"","sticky":false,"template":"","format":"standard","meta":{"footnotes":"","_share_on_mastodon":"0"},"categories":[158],"tags":[759,33,31,30,1702,9558,12604,3825,159,32,1303,549,160,547,987,10522],"class_list":["post-153979","post","type-post","status-publish","format-standard","has-post-thumbnail","category-urheilu","tag-droonit","tag-fi","tag-finland","tag-finnish","tag-koripallo","tag-memphis","tag-memphis-grizzlies","tag-nba","tag-sports","tag-suomi","tag-ukraina","tag-ukrainan-sota","tag-urheilu","tag-venaja","tag-venajan-hyokkays","tag-venajan-pakotteet"],"share_on_mastodon":{"url":"https:\/\/pubeurope.com\/@fi\/115969335485903276","error":""},"_links":{"self":[{"href":"https:\/\/www.europesays.com\/fi\/wp-json\/wp\/v2\/posts\/153979","targetHints":{"allow":["GET"]}}],"collection":[{"href":"https:\/\/www.europesays.com\/fi\/wp-json\/wp\/v2\/posts"}],"about":[{"href":"https:\/\/www.europesays.com\/fi\/wp-json\/wp\/v2\/types\/post"}],"author":[{"embeddable":true,"href":"https:\/\/www.europesays.com\/fi\/wp-json\/wp\/v2\/users\/2"}],"replies":[{"embeddable":true,"href":"https:\/\/www.europesays.com\/fi\/wp-json\/wp\/v2\/comments?post=153979"}],"version-history":[{"count":0,"href":"https:\/\/www.europesays.com\/fi\/wp-json\/wp\/v2\/posts\/153979\/revisions"}],"wp:featuredmedia":[{"embeddable":true,"href":"https:\/\/www.europesays.com\/fi\/wp-json\/wp\/v2\/media\/153980"}],"wp:attachment":[{"href":"https:\/\/www.europesays.com\/fi\/wp-json\/wp\/v2\/media?parent=153979"}],"wp:term":[{"taxonomy":"category","embeddable":true,"href":"https:\/\/www.europesays.com\/fi\/wp-json\/wp\/v2\/categories?post=153979"},{"taxonomy":"post_tag","embeddable":true,"href":"https:\/\/www.europesays.com\/fi\/wp-json\/wp\/v2\/tags?post=153979"}],"curies":[{"name":"wp","href":"https:\/\/api.w.org\/{rel}","templated":true}]}}