{"id":15402,"date":"2025-08-25T02:57:13","date_gmt":"2025-08-25T02:57:13","guid":{"rendered":"https:\/\/www.europesays.com\/fi\/15402\/"},"modified":"2025-08-25T02:57:13","modified_gmt":"2025-08-25T02:57:13","slug":"heinolassa-kokkioppinsa-saanut-kozeen-shiwan-sulki-the-roominsa-helsingissa-paikalliset","status":"publish","type":"post","link":"https:\/\/www.europesays.com\/fi\/15402\/","title":{"rendered":"Heinolassa kokkioppinsa saanut Kozeen Shiwan sulki The Roominsa Helsingiss\u00e4 | Paikalliset"},"content":{"rendered":"<p>Michelin-t\u00e4hden ansainnut ravintolamestari siirtyy MTV Uutisten mukaan kohti uusia projekteja ja keskittyy hyvinvointiinsa. Reilu vuosi sitten Etel\u00e4-Suomen Sanomissa h\u00e4n tunnusti k\u00e4rsineens\u00e4 huijarisyndroomasta.<\/p>\n<p>H\u00e4mm\u00e4stytt\u00e4v\u00e4n nopeasti ravintolalleen Michelin-t\u00e4hden saanut keitti\u00f6mestari <strong>Kozeen Shiwan <\/strong>on sulkenut Helsingiss\u00e4 toimivan The Roomin. Ravintola toimi Pohjoisesplanadilla.<\/p>\n","protected":false},"excerpt":{"rendered":"Michelin-t\u00e4hden ansainnut ravintolamestari siirtyy MTV Uutisten mukaan kohti uusia projekteja ja keskittyy hyvinvointiinsa. Reilu vuosi sitten Etel\u00e4-Suomen Sanomissa&hellip;\n","protected":false},"author":2,"featured_media":15403,"comment_status":"","ping_status":"","sticky":false,"template":"","format":"standard","meta":{"footnotes":""},"categories":[130],"tags":[137,400,33,31,30,6014,4422,6015,3723,900,32,109,1356],"class_list":{"0":"post-15402","1":"post","2":"type-post","3":"status-publish","4":"format-standard","5":"has-post-thumbnail","7":"category-viihde","8":"tag-entertainment","9":"tag-espoo","10":"tag-fi","11":"tag-finland","12":"tag-finnish","13":"tag-keittiomestari","14":"tag-kokki","15":"tag-koulutuskeskus-salpaus","16":"tag-ravintolat","17":"tag-ruoka","18":"tag-suomi","19":"tag-viihde","20":"tag-yritykset"},"share_on_mastodon":{"url":"","error":""},"_links":{"self":[{"href":"https:\/\/www.europesays.com\/fi\/wp-json\/wp\/v2\/posts\/15402","targetHints":{"allow":["GET"]}}],"collection":[{"href":"https:\/\/www.europesays.com\/fi\/wp-json\/wp\/v2\/posts"}],"about":[{"href":"https:\/\/www.europesays.com\/fi\/wp-json\/wp\/v2\/types\/post"}],"author":[{"embeddable":true,"href":"https:\/\/www.europesays.com\/fi\/wp-json\/wp\/v2\/users\/2"}],"replies":[{"embeddable":true,"href":"https:\/\/www.europesays.com\/fi\/wp-json\/wp\/v2\/comments?post=15402"}],"version-history":[{"count":0,"href":"https:\/\/www.europesays.com\/fi\/wp-json\/wp\/v2\/posts\/15402\/revisions"}],"wp:featuredmedia":[{"embeddable":true,"href":"https:\/\/www.europesays.com\/fi\/wp-json\/wp\/v2\/media\/15403"}],"wp:attachment":[{"href":"https:\/\/www.europesays.com\/fi\/wp-json\/wp\/v2\/media?parent=15402"}],"wp:term":[{"taxonomy":"category","embeddable":true,"href":"https:\/\/www.europesays.com\/fi\/wp-json\/wp\/v2\/categories?post=15402"},{"taxonomy":"post_tag","embeddable":true,"href":"https:\/\/www.europesays.com\/fi\/wp-json\/wp\/v2\/tags?post=15402"}],"curies":[{"name":"wp","href":"https:\/\/api.w.org\/{rel}","templated":true}]}}