{"id":15406,"date":"2025-08-25T03:01:07","date_gmt":"2025-08-25T03:01:07","guid":{"rendered":"https:\/\/www.europesays.com\/fi\/15406\/"},"modified":"2025-08-25T03:01:07","modified_gmt":"2025-08-25T03:01:07","slug":"paakirjoitus-jokaisenoikeus-on-syyta-ottaa-tarkasteluun-paakirjoitus-mielipide","status":"publish","type":"post","link":"https:\/\/www.europesays.com\/fi\/15406\/","title":{"rendered":"P\u00e4\u00e4kirjoitus | Jokaisenoikeus on syyt\u00e4 ottaa tarkasteluun | P\u00e4\u00e4kirjoitus &#038; mielipide"},"content":{"rendered":"<p>Jokamiehenoikeutena aikaisemmin tunnetun jokaisenoikeuden oikeudellisen historian voi katsoa ulottuvan Suomessa vuoteen 1920, jolloin korkein oikeus p\u00e4\u00e4tti oikeudellisesti sekavan aikakauden ja linjasi, ett\u00e4 imatralaisella torikauppias ja leski\u00e4iti Irma Lindgrenill\u00e4 oli oikeus Ruokolahden \u00c4itsaaresta ker\u00e4\u00e4miins\u00e4 puolukoihin, eik\u00e4 maanomistajalla.<\/p>\n<p>Oikeustaistelu kesti kaikkiaan kuusi vuotta. Lindgren oli h\u00e4vinnyt kihlakunnanoikeudessa ja hovioikeudessa, mutta ei ollut antanut periksi, vaan oli valittanut viel\u00e4 senaattiin eli korkeimpaan oikeuteen, miss\u00e4 h\u00e4nen valituksensa lopulta menestyi (<a href=\"https:\/\/seura.fi\/ilmiot\/historia\/tyolaisnainen-taisteli-jokaisenoikeudet-ilma-lindgren-oli-poikkeuksellisen-rohkea-ja-maaratietoinen\/\" rel=\"nofollow noopener\" target=\"_blank\">Seura 23.9.2023<\/a>).<\/p>\n<blockquote class=\"voice-no-read rs_skip diks-blockquote\">\n<p class=\"diks-blockquote__text\">Jokaisenoikeus tuntuu itsest\u00e4\u00e4nselvyydelt\u00e4.<\/p>\n<\/blockquote>\n<p>Jokaisenoikeuden voi katsoa ulottuvan tuota reilun sadan vuoden takaista oikeudellista tarkastelua kauemmaksi, satojen vuosien taakse, aikaan, jolloin Suomea ryhdyttiin asuttamaan. Silloin luonto kuului kaikille.<\/p>\n<p>Nyt jokaisenoikeus tuntuu itsest\u00e4\u00e4nselvyydelt\u00e4. Kuka tahansa Suomessa oleskeleva saa poimia luonnonmarjoja, sieni\u00e4 ja kukkia vapaasti, onkia ja pilkki\u00e4 ilmaiseksi, kulkea vesist\u00f6iss\u00e4 ja j\u00e4\u00e4ll\u00e4. Samat oikeudet takaavat my\u00f6s oikeuden liikkua luonnossa jalan, hiiht\u00e4en tai py\u00f6r\u00e4illen. Telttailukin on mahdollista.<\/p>\n<p>Jokaisenoikeus on ilman muuta kansallisomaisuutta ja kansallinen perusoikeus. Siit\u00e4 on syyt\u00e4 pit\u00e4\u00e4 kiinni. Samalla on kuitenkin aiheellista tarkastella, mill\u00e4 tavalla jokaisenoikeuden rajoja voisi tarkentaa. Esimerkiksi Ahvenanmaalla maakunta ohjeistaa oman lains\u00e4\u00e4d\u00e4nt\u00f6oikeutensa nojalla, ett\u00e4 marjoja, sieni\u00e4 ja kukkia saa poimia omiin tarpeisiin, mutta ei kaupalliseen k\u00e4ytt\u00f6\u00f6n.<\/p>\n<p>Rajojen pohdintaan my\u00f6s Manner-Suomessa ohjaa muun muassa pelko siit\u00e4, ett\u00e4 luonnonmarjojen poimintaketju marjam\u00e4tt\u00e4\u00e4lt\u00e4 hillopurkkiin asti on esimerkiksi ruotsalaisten firmojen k\u00e4siss\u00e4 ja kaikki hy\u00f6ty karkaa Suomen ulkopuolelle (<a href=\"https:\/\/www.maaseuduntulevaisuus.fi\/metsa\/eb2c2c71-363c-4bb8-801c-76ded0c0f3a1\" rel=\"nofollow noopener\" target=\"_blank\">Maaseudun Tulevaisuus 22.8.<\/a>). Nykylains\u00e4\u00e4d\u00e4nn\u00f6n puitteissa mik\u00e4\u00e4n ei t\u00e4llaista toimintaa est\u00e4. Niinp\u00e4 on syyt\u00e4 pohtia, pit\u00e4isik\u00f6 Suomen luonnonantimien hy\u00f6dynt\u00e4minen niin, ettei siit\u00e4 j\u00e4\u00e4 euronkaan hy\u00f6ty\u00e4 Suomeen, tehd\u00e4 luvanvaraiseksi ja lupa maksulliseksi.<\/p>\n<p>Jokaisenoikeudella on muitakin kipukohtia. Moni luontomatkailuyritys vie asiakkaitaan luontoon maastopy\u00f6r\u00e4ilem\u00e4\u00e4n ja retkeilem\u00e4\u00e4n, mik\u00e4 j\u00e4tt\u00e4\u00e4 sit\u00e4 enemm\u00e4n j\u00e4lki\u00e4, mit\u00e4 paremmin firma onnistuu palvelujaan markkinoimaan. Kun luonnolle on syntynyt v\u00e4h\u00e4ist\u00e4 suurempaa haittaa, silloin jokaisenoikeuden idea on tallautunut bisneksen jalkoihin. Luvanvaraisuus olisi paikallaan jo vastuukysymysten vuoksi.<\/p>\n","protected":false},"excerpt":{"rendered":"Jokamiehenoikeutena aikaisemmin tunnetun jokaisenoikeuden oikeudellisen historian voi katsoa ulottuvan Suomessa vuoteen 1920, jolloin korkein oikeus p\u00e4\u00e4tti oikeudellisesti sekavan&hellip;\n","protected":false},"author":2,"featured_media":15407,"comment_status":"","ping_status":"","sticky":false,"template":"","format":"standard","meta":{"footnotes":""},"categories":[14],"tags":[22,23,404,821,26,27,33,31,30,17,1732,53,24,25,2147,28,29,823,15,18,21,591,32,19,20,56,16,59,60,61],"class_list":{"0":"post-15406","1":"post","2":"type-post","3":"status-publish","4":"format-standard","5":"has-post-thumbnail","7":"category-ulkomaat","8":"tag-breaking-news","9":"tag-breakingnews","10":"tag-elaimet","11":"tag-eramaat","12":"tag-featured-news","13":"tag-featurednews","14":"tag-fi","15":"tag-finland","16":"tag-finnish","17":"tag-headlines","18":"tag-kalastus","19":"tag-laki-oikeus-ja-rikos","20":"tag-latest-news","21":"tag-latestnews","22":"tag-luontoharrastukset","23":"tag-main-news","24":"tag-mainnews","25":"tag-metsat","26":"tag-news","27":"tag-otsikot","28":"tag-paauutiset","29":"tag-selkarankaiset","30":"tag-suomi","31":"tag-top-stories","32":"tag-topstories","33":"tag-ulkomaat","34":"tag-uutiset","35":"tag-world","36":"tag-world-news","37":"tag-worldnews"},"share_on_mastodon":{"url":"","error":""},"_links":{"self":[{"href":"https:\/\/www.europesays.com\/fi\/wp-json\/wp\/v2\/posts\/15406","targetHints":{"allow":["GET"]}}],"collection":[{"href":"https:\/\/www.europesays.com\/fi\/wp-json\/wp\/v2\/posts"}],"about":[{"href":"https:\/\/www.europesays.com\/fi\/wp-json\/wp\/v2\/types\/post"}],"author":[{"embeddable":true,"href":"https:\/\/www.europesays.com\/fi\/wp-json\/wp\/v2\/users\/2"}],"replies":[{"embeddable":true,"href":"https:\/\/www.europesays.com\/fi\/wp-json\/wp\/v2\/comments?post=15406"}],"version-history":[{"count":0,"href":"https:\/\/www.europesays.com\/fi\/wp-json\/wp\/v2\/posts\/15406\/revisions"}],"wp:featuredmedia":[{"embeddable":true,"href":"https:\/\/www.europesays.com\/fi\/wp-json\/wp\/v2\/media\/15407"}],"wp:attachment":[{"href":"https:\/\/www.europesays.com\/fi\/wp-json\/wp\/v2\/media?parent=15406"}],"wp:term":[{"taxonomy":"category","embeddable":true,"href":"https:\/\/www.europesays.com\/fi\/wp-json\/wp\/v2\/categories?post=15406"},{"taxonomy":"post_tag","embeddable":true,"href":"https:\/\/www.europesays.com\/fi\/wp-json\/wp\/v2\/tags?post=15406"}],"curies":[{"name":"wp","href":"https:\/\/api.w.org\/{rel}","templated":true}]}}