{"id":15408,"date":"2025-08-25T03:02:09","date_gmt":"2025-08-25T03:02:09","guid":{"rendered":"https:\/\/www.europesays.com\/fi\/15408\/"},"modified":"2025-08-25T03:02:09","modified_gmt":"2025-08-25T03:02:09","slug":"retkeilyauto-syttyi-tuleen-turun-moottoritiella","status":"publish","type":"post","link":"https:\/\/www.europesays.com\/fi\/15408\/","title":{"rendered":"Retkeilyauto syttyi tuleen Turun moottoritiell\u00e4"},"content":{"rendered":"<p>Tulipalossa ei sattunut henkil\u00f6vahinkoja.<\/p>\n<p><img decoding=\"async\" class=\"image image-show image-preview\" src=\"https:\/\/www.europesays.com\/fi\/wp-content\/uploads\/2025\/08\/0ad92fcc63c111837a24f608a914f2b63dc21d585f7e0c908ba36ead14e6c95f.jpg\" alt=\"\"\/><img decoding=\"async\" class=\"image image-show\" src=\"https:\/\/www.europesays.com\/fi\/wp-content\/uploads\/2025\/08\/1754868619_347_0ad92fcc63c111837a24f608a914f2b63dc21d585f7e0c908ba36ead14e6c95f.jpg\" alt=\"\"\/><\/p>\n<p>Kuvituskuva. paulus pitkala<\/p>\n<p class=\"paragraph\">Retkeilyauto syttyi tuleen Turun ja Helsingin v\u00e4lisell\u00e4 moottoritiell\u00e4 Paimiossa, kertoo Varsinais-Suomen pelastuslaitos.<\/p>\n<p class=\"paragraph\">Autossa oli tapahtumahetkell\u00e4 kaksi henkil\u00f6\u00e4, jotka eiv\u00e4t loukkaantuneet tilanteessa.<\/p>\n<p class=\"paragraph\">Matkustajat huomasivat merkkej\u00e4 tulipalosta ja poistuivat ajoneuvosta. Pelastuslaitoksen mukaan retkeilyautoksi muutettu pakettiauto tuhoutui palossa t\u00e4ysin.<\/p>\n<p class=\"paragraph\">Palon syttymissyyst\u00e4 ei ole tietoa.<\/p>\n<p class=\"paragraph\">Pelastuslaitos sammutti palavan ajoneuvon ja ohjasi liikennett\u00e4 kulkemaan toista kaistaa pitkin. Liikenne palautui normaaliksi noin kello 1.30.<\/p>\n<p class=\"paragraph\">Pelastuslaitos sai ilmoituksen tulipalosta puolen y\u00f6n aikaan maanantain vastaisena y\u00f6n\u00e4. Paikalle h\u00e4lytettiin seitsem\u00e4n pelastuslaitoksen yksikk\u00f6\u00e4.<\/p>\n","protected":false},"excerpt":{"rendered":"Tulipalossa ei sattunut henkil\u00f6vahinkoja. Kuvituskuva. paulus pitkala Retkeilyauto syttyi tuleen Turun ja Helsingin v\u00e4lisell\u00e4 moottoritiell\u00e4 Paimiossa, kertoo Varsinais-Suomen&hellip;\n","protected":false},"author":2,"featured_media":130,"comment_status":"","ping_status":"","sticky":false,"template":"","format":"standard","meta":{"footnotes":""},"categories":[12],"tags":[35,22,23,26,27,33,31,30,17,2187,24,25,121,1048,28,29,15,120,18,21,32,128,19,20,16],"class_list":{"0":"post-15408","1":"post","2":"type-post","3":"status-publish","4":"format-standard","5":"has-post-thumbnail","7":"category-suomi","8":"tag-24h","9":"tag-breaking-news","10":"tag-breakingnews","11":"tag-featured-news","12":"tag-featurednews","13":"tag-fi","14":"tag-finland","15":"tag-finnish","16":"tag-headlines","17":"tag-kulkuneuvot","18":"tag-latest-news","19":"tag-latestnews","20":"tag-liikenne-ja-kuljetus","21":"tag-maakulkuneuvot","22":"tag-main-news","23":"tag-mainnews","24":"tag-news","25":"tag-onnettomuustapaus","26":"tag-otsikot","27":"tag-paauutiset","28":"tag-suomi","29":"tag-tieliikenne","30":"tag-top-stories","31":"tag-topstories","32":"tag-uutiset"},"share_on_mastodon":{"url":"","error":""},"_links":{"self":[{"href":"https:\/\/www.europesays.com\/fi\/wp-json\/wp\/v2\/posts\/15408","targetHints":{"allow":["GET"]}}],"collection":[{"href":"https:\/\/www.europesays.com\/fi\/wp-json\/wp\/v2\/posts"}],"about":[{"href":"https:\/\/www.europesays.com\/fi\/wp-json\/wp\/v2\/types\/post"}],"author":[{"embeddable":true,"href":"https:\/\/www.europesays.com\/fi\/wp-json\/wp\/v2\/users\/2"}],"replies":[{"embeddable":true,"href":"https:\/\/www.europesays.com\/fi\/wp-json\/wp\/v2\/comments?post=15408"}],"version-history":[{"count":0,"href":"https:\/\/www.europesays.com\/fi\/wp-json\/wp\/v2\/posts\/15408\/revisions"}],"wp:featuredmedia":[{"embeddable":true,"href":"https:\/\/www.europesays.com\/fi\/wp-json\/wp\/v2\/media\/130"}],"wp:attachment":[{"href":"https:\/\/www.europesays.com\/fi\/wp-json\/wp\/v2\/media?parent=15408"}],"wp:term":[{"taxonomy":"category","embeddable":true,"href":"https:\/\/www.europesays.com\/fi\/wp-json\/wp\/v2\/categories?post=15408"},{"taxonomy":"post_tag","embeddable":true,"href":"https:\/\/www.europesays.com\/fi\/wp-json\/wp\/v2\/tags?post=15408"}],"curies":[{"name":"wp","href":"https:\/\/api.w.org\/{rel}","templated":true}]}}