{"id":1542,"date":"2025-08-11T14:30:08","date_gmt":"2025-08-11T14:30:08","guid":{"rendered":"https:\/\/www.europesays.com\/fi\/1542\/"},"modified":"2025-08-11T14:30:08","modified_gmt":"2025-08-11T14:30:08","slug":"poliisi-on-tunnistanut-hollolassa-koulun-palopaikalla-olleita-alaikaisia-nuoria-epaillyn-tuhotyon-tutkinta-jatkuu-kuulusteluin-paijat-hame","status":"publish","type":"post","link":"https:\/\/www.europesays.com\/fi\/1542\/","title":{"rendered":"Poliisi on tunnistanut Hollolassa koulun palopaikalla olleita alaik\u00e4isi\u00e4 nuoria \u2013 ep\u00e4illyn tuhoty\u00f6n tutkinta jatkuu kuulusteluin | P\u00e4ij\u00e4t-H\u00e4me"},"content":{"rendered":"<p class=\"sc-jYczwO sc-dNFkOE bUKqJd eiHPxO yle__article__paragraph\">Koulurakennus tuhoutui tulipalossa viikonloppuna. <\/p>\n<p><img decoding=\"async\" alt=\"Palokunta sammuttaa Kankaan koulun paloa Hollolassa. \" src=\"https:\/\/www.europesays.com\/fi\/wp-content\/uploads\/2025\/08\/39-1505076689849198e5b8.jpeg\" class=\"sc-dntSTA iywpZY\"\/><\/p>\n<p>Avaa kuvien katselu<\/p>\n<p>Tuli tuhosi Kankaan koulun Hollolassa viikonloppuna. Kuva: Berislav Juri\u0161i\u0107 \/ Yle<\/p>\n<p>16:47\u2022P\u00e4ivitetty 17:07<\/p>\n<p class=\"sc-jYczwO sc-ciCoXh bUKqJd cIOueB yle__article__paragraph\">Poliisi on edistynyt Hollolan Salpakankaan koulun tulipalon tutkinnassa.<\/p>\n<p class=\"sc-jYczwO sc-ciCoXh bUKqJd cIOueB yle__article__paragraph\">Tutkinnassa on selvinnyt, ett\u00e4 koulun alueella on ollut l\u00e4sn\u00e4 tulipalon syttyess\u00e4 joukko p\u00e4ij\u00e4th\u00e4m\u00e4l\u00e4isi\u00e4, alaik\u00e4isi\u00e4 nuoria. Poliisi on selvitt\u00e4nyt heid\u00e4n henkil\u00f6llisyytens\u00e4 ja jatkaa tutkintaa puhuttamisilla sek\u00e4 kuulusteluilla.<\/p>\n<p class=\"sc-jYczwO sc-ciCoXh bUKqJd cIOueB yle__article__paragraph\">Poliisi on my\u00f6s jatkanut tulipalon syttymispaikan rikosteknist\u00e4 tutkintaa ja taltioinut todistusaineistoa tapahtumapaikalta. Poliisi on saanut tapaukseen liittyen useita vihjeit\u00e4 ja videoita. Videoiden avulla poliisi on pystynyt j\u00e4ljitt\u00e4m\u00e4\u00e4n muun muassa palon vaiheita ja syttymissyyt\u00e4.<\/p>\n<p class=\"sc-jYczwO sc-ciCoXh bUKqJd cIOueB yle__article__paragraph\">Koulurakennus tuhoutui tulipalossa Salpakankaan koulukeskuksella Hollolassa sunnuntain vastaisena y\u00f6n\u00e4. Poliisi kertoi jo aiemmin <a class=\"sc-jDJeIs gotUgl yle__article__link\" href=\"https:\/\/yle.fi\/a\/74-20176673\" role=\"link\" rel=\"nofollow noopener\" target=\"_blank\">tutkivansa koulupaloa tuhoty\u00f6n\u00e4<\/a>.<\/p>\n","protected":false},"excerpt":{"rendered":"Koulurakennus tuhoutui tulipalossa viikonloppuna. Avaa kuvien katselu Tuli tuhosi Kankaan koulun Hollolassa viikonloppuna. Kuva: Berislav Juri\u0161i\u0107 \/ Yle&hellip;\n","protected":false},"author":2,"featured_media":1543,"comment_status":"","ping_status":"","sticky":false,"template":"","format":"standard","meta":{"footnotes":""},"categories":[5],"tags":[22,23,26,27,33,31,30,17,1267,71,1264,24,25,28,29,15,18,21,1268,1263,32,19,20,1266,1265,16],"class_list":{"0":"post-1542","1":"post","2":"type-post","3":"status-publish","4":"format-standard","5":"has-post-thumbnail","7":"category-otsikot","8":"tag-breaking-news","9":"tag-breakingnews","10":"tag-featured-news","11":"tag-featurednews","12":"tag-fi","13":"tag-finland","14":"tag-finnish","15":"tag-headlines","16":"tag-hollola","17":"tag-kotimaa","18":"tag-koulupalo","19":"tag-latest-news","20":"tag-latestnews","21":"tag-main-news","22":"tag-mainnews","23":"tag-news","24":"tag-otsikot","25":"tag-paauutiset","26":"tag-paijat-hame","27":"tag-rikosepailyt","28":"tag-suomi","29":"tag-top-stories","30":"tag-topstories","31":"tag-tuhotyo","32":"tag-tulipalot","33":"tag-uutiset"},"share_on_mastodon":{"url":"","error":""},"_links":{"self":[{"href":"https:\/\/www.europesays.com\/fi\/wp-json\/wp\/v2\/posts\/1542","targetHints":{"allow":["GET"]}}],"collection":[{"href":"https:\/\/www.europesays.com\/fi\/wp-json\/wp\/v2\/posts"}],"about":[{"href":"https:\/\/www.europesays.com\/fi\/wp-json\/wp\/v2\/types\/post"}],"author":[{"embeddable":true,"href":"https:\/\/www.europesays.com\/fi\/wp-json\/wp\/v2\/users\/2"}],"replies":[{"embeddable":true,"href":"https:\/\/www.europesays.com\/fi\/wp-json\/wp\/v2\/comments?post=1542"}],"version-history":[{"count":0,"href":"https:\/\/www.europesays.com\/fi\/wp-json\/wp\/v2\/posts\/1542\/revisions"}],"wp:featuredmedia":[{"embeddable":true,"href":"https:\/\/www.europesays.com\/fi\/wp-json\/wp\/v2\/media\/1543"}],"wp:attachment":[{"href":"https:\/\/www.europesays.com\/fi\/wp-json\/wp\/v2\/media?parent=1542"}],"wp:term":[{"taxonomy":"category","embeddable":true,"href":"https:\/\/www.europesays.com\/fi\/wp-json\/wp\/v2\/categories?post=1542"},{"taxonomy":"post_tag","embeddable":true,"href":"https:\/\/www.europesays.com\/fi\/wp-json\/wp\/v2\/tags?post=1542"}],"curies":[{"name":"wp","href":"https:\/\/api.w.org\/{rel}","templated":true}]}}