{"id":154364,"date":"2026-01-28T08:23:08","date_gmt":"2026-01-28T08:23:08","guid":{"rendered":"https:\/\/www.europesays.com\/fi\/154364\/"},"modified":"2026-01-28T08:23:08","modified_gmt":"2026-01-28T08:23:08","slug":"frederik-heratti-huolta-nain-iskelmaori-kommentoi","status":"publish","type":"post","link":"https:\/\/www.europesays.com\/fi\/154364\/","title":{"rendered":"Frederik her\u00e4tti huolta \u2013 n\u00e4in iskelm\u00e4ori kommentoi!"},"content":{"rendered":"<p>\n            Tuttu n\u00e4ky Reetun keikoilla: kesken laulun l\u00e4rviin lent\u00e4neet stringit on asetettu mikkist\u00e4ndiin roikkumaan. Kuva Kanariansaarilla sijaitsevasta Iskelm\u00e4 Baarista.<br \/>\n            \u00c1ngel Medina G.\n        <\/p>\n<p class=\"subtitle \">Frederik tuo mieleen Yhdysvaltain edellisen presidentin Joe Bidenin, jota kutsuttiin liikanimell\u00e4 \u201dSleepy Joe\u201d v\u00e4syneen ja sekavankin olemuksen tiimoilta.<\/p>\n<p class=\"article-content article-content-width !bg-background\">Ikinuori villikissa ja v\u00e4sym\u00e4t\u00f6n iskelm\u00e4ori  eli  on her\u00e4tt\u00e4nyt huolta.<\/p>\n<p class=\"font-weight-bold m-font-weight-bold article-content article-content-width !bg-background\">Video: Frederik oli kauniissa seurassa laivalla viime kes\u00e4n\u00e4. Kyseinen nainen paljastui iskelm\u00e4orin naisyst\u00e4v\u00e4ksi.<\/p>\n<p class=\"article-content article-content-width !bg-background\">Ja huolta nimenomaan siksi, ettei h\u00e4n vaikuttanut lainkaan v\u00e4sym\u00e4tt\u00f6m\u00e4lt\u00e4 alfaurokselta maanantaina somessa jakamallaan videolla.<\/p>\n<p class=\"article-content article-content-width !bg-background\">Videolla Frederik makaa s\u00e4ngyn p\u00e4\u00e4ll\u00e4 ja mainostaa keikkaansa.\u00a0Itse puheet ovat taattua Frederiki\u00e4.<\/p>\n<p class=\"article-content article-content-width !bg-background\">\u2013 Hei tyt\u00f6t, ette tied\u00e4, millaista unta m\u00e4 n\u00e4in viime y\u00f6n\u00e4\u2026<\/p>\n<p class=\"article-content article-content-width !bg-background\">\u2013 M\u00e4 n\u00e4in just unta, ett\u00e4 m\u00e4 my\u00f6h\u00e4styn keikalta.<\/p>\n<p>        <a itemprop=\"url\" href=\"https:\/\/www.seiska.fi\/kotimaa\/frederikilta-yllattava-kommentti-dannyn-ja-helmin-suhteesta\/1980149\" rel=\"nofollow noopener\" target=\"_blank\"><\/p>\n<p>\nNyt puhuu Frederik\n<\/p>\n<p class=\"section-date\">\n        <strong class=\"article-section\" data-section=\"kotimaa\"><br \/>\n            kotimaa<br \/>\n        <\/strong><br \/>\n        2.11.2025 19:30\n    <\/p>\n<p>Frederikilt\u00e4 yll\u00e4tt\u00e4v\u00e4 kommentti Dannyn ja Helmin suhteesta!\n    <\/p>\n<p itemprop=\"description\" class=\"subtitle \">\n    Koko viime syksyn media seurasi luimistellen Frederikin ja h\u00e4nen ex-kaverinsa, musiikkineuvos Dannyn, riitely\u00e4.\n<\/p>\n<p>        <\/a><\/p>\n<p>                <img decoding=\"async\" src=\"https:\/\/www.europesays.com\/fi\/wp-content\/uploads\/2026\/01\/1980165.webp.jpeg\" width=\"576\" height=\"322\" alt=\"Frederik terassikierroksella naisia katsastamassa armon vuonna 2019.\" loading=\"lazy\" \/>            <\/p>\n<p>\n            Frederik terassikierroksella naisia katsastamassa armon vuonna 2019.<br \/>\n            Pasi Murto\n        <\/p>\n<p>&#8221;Kaikki mukaan bailaamaan&#8221;<\/p>\n<p class=\"article-content article-content-width !bg-background\">Sitten h\u00e4n mainostaa Iskelm\u00e4-Baarissa tapahtuvaa keskiviikkoillan keikkaansa.<\/p>\n<p class=\"article-content article-content-width !bg-background\">\u2013 Siell\u00e4 on hyv\u00e4 meininki, kaikki mukaan bailaamaan sinne.<\/p>\n<p class=\"article-content article-content-width !bg-background\">Videolla h\u00e4nen vieress\u00e4\u00e4n on p\u00e4iv\u00e4peitto ja sen alla joko kasa tyynyj\u00e4 tai sitten toinen henkil\u00f6.<\/p>\n<p>        <a itemprop=\"url\" href=\"https:\/\/www.seiska.fi\/kotimaa\/is-frederik-hurjasteli-liikenteessa-sakkosumma-loksauttaa-leuat\/1942304\" rel=\"nofollow noopener\" target=\"_blank\"><\/p>\n<p>\nIS: Frederik hurjasteli liikenteess\u00e4\n<\/p>\n<p class=\"section-date\">\n        <strong class=\"article-section\" data-section=\"kotimaa\"><br \/>\n            kotimaa<br \/>\n        <\/strong><br \/>\n        26.9.2025 12:04\n    <\/p>\n<p>IS: Frederik hurjasteli liikenteess\u00e4 \u2013 sakkosumma loksauttaa leuat!\n    <\/p>\n<p itemprop=\"description\" class=\"subtitle \">\n    Frederik oli taannoin Farmi Suomen kuvauksissa. Itse ohjelma tulee ulos vasta ensi vuonna. Maatilaa junttidiskon kunkku kuvasi keskitysleiriksi.\n<\/p>\n<p>        <\/a><\/p>\n<p>                <img decoding=\"async\" src=\"https:\/\/www.europesays.com\/fi\/wp-content\/uploads\/2026\/01\/1897204.webp.jpeg\" width=\"576\" height=\"274\" alt=\"Uskomatonta, mutta totta! Frederik n\u00e4hd\u00e4\u00e4n seuraavalla Farmi Suomen kaudella.\" loading=\"lazy\" \/>            <\/p>\n<p>\n            Uskomatonta, mutta totta! Frederik n\u00e4hd\u00e4\u00e4n seuraavalla Farmi Suomen kaudella.<br \/>\n            Sanoma\n        <\/p>\n<p>Ihmetyst\u00e4<\/p>\n<p class=\"article-content article-content-width !bg-background\">Yht\u00e4 kaikki, videolla p\u00e4\u00e4huomion vie Frederikin olemus, joka on r\u00e4ttiv\u00e4synyt \u2013 oli se sitten n\u00e4ytelty\u00e4 tai aitoa Frederiki\u00e4.<\/p>\n<p class=\"article-content article-content-width !bg-background\">\u2013 Kiitos ei. N\u00e4ytt\u00e4\u00e4 jo melko v\u00e4s\u00e4ht\u00e4neelle staralle, toteaa muuan nainen.<\/p>\n<p class=\"article-content article-content-width !bg-background\">\u2013 Onkohan tuo ihan oikea video? Se on helppoa nykyisin v\u00e4\u00e4rist\u00e4\u00e4 kaikki. Ihmettelen, jos oikeasti on. Ei yleens\u00e4 artisti puhu julkisesti t\u00e4mm\u00f6isi\u00e4, ruotii toinen nainen.<\/p>\n<p>        <a itemprop=\"url\" href=\"https:\/\/www.seiska.fi\/kotimaa\/no-nyt-frederikilta-jattiyllatys-rajahtaa-kunnon-pommi\/1880984\" rel=\"nofollow noopener\" target=\"_blank\"><\/p>\n<p>\nNo nyt!\n<\/p>\n<p class=\"section-date\">\n        <strong class=\"article-section\" data-section=\"kotimaa\"><br \/>\n            kotimaa<br \/>\n        <\/strong><br \/>\n        29.7.2025 16:30\n    <\/p>\n<p>No nyt! Frederikilt\u00e4 j\u00e4ttiyll\u00e4tys: \u201dR\u00e4j\u00e4ht\u00e4\u00e4 kunnon pommi!\u201d\n    <\/p>\n<p itemprop=\"description\" class=\"subtitle \">\n    Frederik on ikinuori villikissa, joka her\u00e4tt\u00e4\u00e4 tunteita.\n<\/p>\n<p>        <\/a><\/p>\n<p class=\"article-content article-content-width !bg-background\">\u2013 Artistien pit\u00e4isi osata vanheta tyylikk\u00e4\u00e4sti. Ei se helppoa ole, paaluttaa er\u00e4s mies.<\/p>\n<p class=\"article-content article-content-width !bg-background\">Frederik tuo mieleen Yhdysvaltain edellisen presidentin , jota kutsuttiin liikanimell\u00e4 \u201dSleepy Joe\u201d v\u00e4syneen ja sekavankin olemuksen tiimoilta.<\/p>\n<p>&#8221;N\u00e4yttelin tietenkin!&#8221;<\/p>\n<p class=\"article-content article-content-width !bg-background\">Seiska tavoitti maestron Gran Canarialta.<\/p>\n<p class=\"article-content article-content-width !bg-background\">\u2013 Johan on!<\/p>\n<p class=\"article-content article-content-width !bg-background\">\u2013 Hauska video se on!<\/p>\n<p class=\"article-content article-content-width !bg-background\">Frederik kertoo k\u00e4velev\u00e4ns\u00e4 10 kilometri\u00e4 p\u00e4ivitt\u00e4in.<\/p>\n<p class=\"article-content article-content-width !bg-background\">\u2013 N\u00e4yttelin tietenkin!<\/p>\n<p class=\"article-content article-content-width !bg-background\">Suhdekin voi herran mukaan hyvin.<\/p>\n<p>        <a itemprop=\"url\" href=\"https:\/\/www.seiska.fi\/vain-seiskassa\/suhdepaljastus-frederik-ja-nuori-rakas-risteilylla-salakuvat\/1796056\" rel=\"nofollow noopener\" target=\"_blank\"><\/p>\n<p>\nSalakuvat!\n<\/p>\n<p class=\"section-date\">\n        <strong class=\"article-section\" data-section=\"vain seiskassa\"><br \/>\n            vain seiskassa<br \/>\n        <\/strong><br \/>\n        2.6.2025 14:02\n    <\/p>\n<p>Suhdepaljastus! Frederik ja nuori rakas risteilyll\u00e4 \u2013 salakuvat!\n    <\/p>\n<p itemprop=\"description\" class=\"subtitle \">\n    Frederikin omien sanojen mukaan kyseinen nainen on h\u00e4nt\u00e4 per\u00e4ti 50 vuotta nuorempi \u2013 eli siis kolmekymppinen\n<\/p>\n<p>        <\/a><\/p>\n","protected":false},"excerpt":{"rendered":"Tuttu n\u00e4ky Reetun keikoilla: kesken laulun l\u00e4rviin lent\u00e4neet stringit on asetettu mikkist\u00e4ndiin roikkumaan. Kuva Kanariansaarilla sijaitsevasta Iskelm\u00e4 Baarista.&hellip;\n","protected":false},"author":2,"featured_media":154365,"comment_status":"","ping_status":"","sticky":false,"template":"","format":"standard","meta":{"footnotes":"","_share_on_mastodon":"0"},"categories":[136],"tags":[407,137,33,31,30,1759,8406,1007,6694,408,32,1667,109],"class_list":["post-154364","post","type-post","status-publish","format-standard","has-post-thumbnail","category-julkkikset","tag-celebrities","tag-entertainment","tag-fi","tag-finland","tag-finnish","tag-frederik","tag-ilkka-sysimetsa","tag-iskelmamusiikki","tag-joe-biden","tag-julkkikset","tag-suomi","tag-tapahtumat","tag-viihde"],"share_on_mastodon":{"url":"https:\/\/pubeurope.com\/@fi\/115971765246048406","error":""},"_links":{"self":[{"href":"https:\/\/www.europesays.com\/fi\/wp-json\/wp\/v2\/posts\/154364","targetHints":{"allow":["GET"]}}],"collection":[{"href":"https:\/\/www.europesays.com\/fi\/wp-json\/wp\/v2\/posts"}],"about":[{"href":"https:\/\/www.europesays.com\/fi\/wp-json\/wp\/v2\/types\/post"}],"author":[{"embeddable":true,"href":"https:\/\/www.europesays.com\/fi\/wp-json\/wp\/v2\/users\/2"}],"replies":[{"embeddable":true,"href":"https:\/\/www.europesays.com\/fi\/wp-json\/wp\/v2\/comments?post=154364"}],"version-history":[{"count":0,"href":"https:\/\/www.europesays.com\/fi\/wp-json\/wp\/v2\/posts\/154364\/revisions"}],"wp:featuredmedia":[{"embeddable":true,"href":"https:\/\/www.europesays.com\/fi\/wp-json\/wp\/v2\/media\/154365"}],"wp:attachment":[{"href":"https:\/\/www.europesays.com\/fi\/wp-json\/wp\/v2\/media?parent=154364"}],"wp:term":[{"taxonomy":"category","embeddable":true,"href":"https:\/\/www.europesays.com\/fi\/wp-json\/wp\/v2\/categories?post=154364"},{"taxonomy":"post_tag","embeddable":true,"href":"https:\/\/www.europesays.com\/fi\/wp-json\/wp\/v2\/tags?post=154364"}],"curies":[{"name":"wp","href":"https:\/\/api.w.org\/{rel}","templated":true}]}}