{"id":15443,"date":"2025-08-25T04:14:09","date_gmt":"2025-08-25T04:14:09","guid":{"rendered":"https:\/\/www.europesays.com\/fi\/15443\/"},"modified":"2025-08-25T04:14:09","modified_gmt":"2025-08-25T04:14:09","slug":"suomessa-paasee-nakemaan-harvinaista-herkkua-supertahti-lauri-markkasella-on-mahdollisuus-todella-kovaan-urotekoon-urheilu","status":"publish","type":"post","link":"https:\/\/www.europesays.com\/fi\/15443\/","title":{"rendered":"Suomessa p\u00e4\u00e4see n\u00e4kem\u00e4\u00e4n harvinaista herkkua \u2013 supert\u00e4hti Lauri Markkasella on mahdollisuus todella kovaan urotekoon | Urheilu"},"content":{"rendered":"<p class=\"sc-jYczwO sc-dNFkOE bUKqJd eiHPxO yle__article__paragraph\">Suomen miesten koripallomaajoukkue aloittaa keskiviikkona EM-kotikisat Tampereella. T\u00e4ss\u00e4 jutussa avataan turnauksen merkitys niillekin, jotka eiv\u00e4t aktiivisesti seuraa koripalloa.<\/p>\n<p><img decoding=\"async\" alt=\"Lauri Markkanen heitt\u00e4\u00e4 koripalloa Belgiaa vastaan EM-kisoissa.\" src=\"https:\/\/www.europesays.com\/fi\/wp-content\/uploads\/2025\/08\/39-151007068a5ce0e2de82.jpeg\" class=\"sc-dntSTA iywpZY\"\/><\/p>\n<p>Avaa kuvien katselu<\/p>\n<p>Lauri Markkanen l\u00e4htee huippuvireisen\u00e4 EM-kotikisoihin. Kuva: LEHTIKUVA \/ HEIKKI SAUKKOMAAMist\u00e4 nyt puhutaan?<\/p>\n<p class=\"sc-jYczwO sc-ciCoXh bUKqJd cIOueB yle__article__paragraph\">Suomen miesten koripallomaajoukkue eli Susijengi pelaa Euroopan mestaruuskisoissa. Susijengi pelaa alkulohkopelins\u00e4 Suomessa Tampereella.<\/p>\n<p class=\"sc-jYczwO sc-ciCoXh bUKqJd cIOueB yle__article__paragraph\">Susijengi kohtaa EM-kisojen avausottelussa Tampereen areenalla Ruotsin keskiviikkona kello 20.30.<\/p>\n<p class=\"sc-jYczwO sc-ciCoXh bUKqJd cIOueB yle__article__paragraph\">Suomi kohtaa alkulohkossa my\u00f6s Ison\u2013Britannian, Montenegron, Liettuan ja Saksan.<\/p>\n<p>Susijengin ottelut Tampereen EM-alkulohkossa<\/p>\n<p class=\"sc-jYczwO sc-ciCoXh bUKqJd cIOueB yle__article__paragraph\">Ke 27.8. Ruotsi\u2013Suomi klo 20.30<br \/>Pe 28.8. Suomi\u2013Iso-Britannia klo 20.30<br \/>La 29.8. Montenegro\u2013Suomi klo 20.30<br \/>Ma 1.9. Suomi\u2013Liettua klo 20.30<br \/>Ke 3.9. Suomi\u2013Saksa klo 20.30<\/p>\n<p class=\"sc-jYczwO sc-ciCoXh bUKqJd cIOueB yle__article__paragraph\">Otteluiden l\u00e4hetysoikeudet ovat Sanomalla. Ylen digipalveluista, Yle-sovelluksesta ja Yle Areenasta n\u00e4et Susijengin otteluiden kohokohdat tuoreeltaan. Susijengi palaa Ylen kanaville EM-kisojen j\u00e4lkeen.<\/p>\n<p>Miksi t\u00e4m\u00e4 on iso juttu?<\/p>\n<p class=\"sc-jYczwO sc-ciCoXh bUKqJd cIOueB yle__article__paragraph\">Susijengi p\u00e4\u00e4see pelaamaan EM-kisoja kotiyleis\u00f6n edess\u00e4 toista kertaa lyhyen ajan sis\u00e4ll\u00e4. Viimeksi EM-kisojen alkulohkopelej\u00e4 n\u00e4htiin Suomessa vuonna 2017 Helsingiss\u00e4.<\/p>\n<p class=\"sc-jYczwO sc-ciCoXh bUKqJd cIOueB yle__article__paragraph\">Susijengin kapteeni <strong class=\"sc-eEHciv gtNhAX yle__article__strong\">Sasu<\/strong> <strong class=\"sc-eEHciv gtNhAX yle__article__strong\">Salin<\/strong> ja suurin t\u00e4hti <strong class=\"sc-eEHciv gtNhAX yle__article__strong\">Lauri<\/strong> <strong class=\"sc-eEHciv gtNhAX yle__article__strong\">Markkanen<\/strong> p\u00e4\u00e4sev\u00e4t kokemaan harvinaista herkkua. Kahdet kotikisat uran aikana on poikkeuksellinen kokemus.<\/p>\n<p class=\"sc-jYczwO sc-ciCoXh bUKqJd cIOueB yle__article__paragraph\">Isoksi jutuksi EM-kisat tekee my\u00f6s Lauri Markkanen. H\u00e4n on koko EM-kisojen parhaita pelaajia ja suurimpia suosikkeja voittamaan EM-kisojen korikuninkuuden.<\/p>\n<p><img decoding=\"async\" alt=\"Lauri Markkanen Susijengin treeneiss\u00e4 ennen EM-kisoja.\" src=\"https:\/\/www.europesays.com\/fi\/wp-content\/uploads\/2025\/08\/39-151007168a5ce0e2f677.jpeg\" loading=\"lazy\" class=\"sc-dntSTA iywpZY\"\/><\/p>\n<p>Avaa kuvien katselu<\/p>\n<p>Lauri Markkanen on viett\u00e4nyt hyv\u00e4n treenikes\u00e4n ennen EM-kotikisoja. Kuva: LEHTIKUVA \/ EMMI KORHONEN<\/p>\n<p class=\"sc-jYczwO sc-ciCoXh bUKqJd cIOueB yle__article__paragraph\">Markkanen oli jo kolme vuotta sitten edellisiss\u00e4 EM-kisoissa huippuiskussa, kun h\u00e4n oli pistetilastossa kakkonen Kreikan <strong class=\"sc-eEHciv gtNhAX yle__article__strong\">Giannis Antetokounmpon<\/strong> j\u00e4lkeen.<\/p>\n<p class=\"sc-jYczwO sc-ciCoXh bUKqJd cIOueB yle__article__paragraph\">Suomalaisen asemasta kertoo my\u00f6s h\u00e4nen palkkansa maailman parhaassa koripallosarjassa NBA:ssa. Markkanen on vuosipalkaltaan EM-kisojen <a class=\"sc-jDJeIs gotUgl yle__article__link\" href=\"https:\/\/basketnews.com\/news-229605-top-15-highest-paid-players-at-eurobasket-2025.html\" role=\"link\" rel=\"nofollow noopener\" target=\"_blank\">kolmanneksi kovimmin palkattu pelaaja<\/a> <strong class=\"sc-eEHciv gtNhAX yle__article__strong\">Giannis Antetokounmpon<\/strong> ja Serbian <strong class=\"sc-eEHciv gtNhAX yle__article__strong\">Nikola Jokicin<\/strong> j\u00e4lkeen.<\/p>\n<p class=\"sc-jYczwO sc-ciCoXh bUKqJd cIOueB yle__article__paragraph\">On todella kova juttu, ett\u00e4 ymp\u00e4ri maailmaa pelattavan urheilulajin yksi parhaista eurooppalaisista tulee suhteellisen pienest\u00e4 Suomesta.<\/p>\n<p><img decoding=\"async\" alt=\"\" src=\"https:\/\/www.europesays.com\/fi\/wp-content\/uploads\/2025\/08\/13-1-67524645-1727952844492.jpeg\" class=\"sc-dntSTA iywpZY\"\/>Mist\u00e4 t\u00e4ss\u00e4 on tarkemmin kyse?<\/p>\n<p class=\"sc-jYczwO sc-ciCoXh bUKqJd cIOueB yle__article__paragraph\">EM-kisoissa on mukana 24 joukkuetta, jotka on jaettu kuuden joukkueen lohkoihin. Yksi lohkoista pelataan Tampereella, yksi Latviassa Riiassa, yksi Limassolissa Kyproksella ja yksi Puolassa Katowicessa.<\/p>\n<p class=\"sc-jYczwO sc-ciCoXh bUKqJd cIOueB yle__article__paragraph\">Jokaisesta lohkosta nelj\u00e4 parasta joukkuetta etenee 16 parhaan joukkoon jatkopeleihin. Ne pelataan Latviassa Riiassa.<\/p>\n<p class=\"sc-jYczwO sc-ciCoXh bUKqJd cIOueB yle__article__paragraph\">Susijengin minimitavoitteena pit\u00e4isi olla p\u00e4\u00e4st\u00e4 alkulohkosta jatkoon.<\/p>\n<p class=\"sc-jYczwO sc-ciCoXh bUKqJd cIOueB yle__article__paragraph\">Suomen alkulohkossa Iso-Britannia on etuk\u00e4teen heikoin joukkue, mutta muut joukkueet kamppailevat tiukasti jatkopaikoista.<\/p>\n<p class=\"sc-jYczwO sc-ciCoXh bUKqJd cIOueB yle__article__paragraph\">Ruotsia pidet\u00e4\u00e4n mahdollisena yll\u00e4tt\u00e4j\u00e4joukkueena. Kaksi vuotta sitten MM-kisoissa Montenegro kamppaili tiukasti voitosta lajin mahtimaata Yhdysvaltoja vastaan.<\/p>\n<p class=\"sc-jYczwO sc-ciCoXh bUKqJd cIOueB yle__article__paragraph\">Liettua on moninkertainen koripallon arvokisamitalisti ja yksi harvoista maista maailmassa, miss\u00e4 koripallo on ykk\u00f6slaji ennen jalkapalloa. Saksa on puolestaan hallitseva maailmanmestari.<\/p>\n<p><img decoding=\"async\" alt=\"Lauri Markkanen juhlii EM-kisoissa 2017.\" src=\"https:\/\/www.europesays.com\/fi\/wp-content\/uploads\/2025\/08\/39-14798136849c05f51343.jpeg\" loading=\"lazy\" class=\"sc-dntSTA iywpZY\"\/><\/p>\n<p>Avaa kuvien katselu<\/p>\n<p>T\u00e4m\u00e4 hetki muistetaan kolmen vuoden takaa. Lauri Markkanen pussitti per\u00e4ti 43 pistett\u00e4 ja johdatti Suomen voittoon Kroatiasta. Kuva: All Over Press<\/p>\n<p class=\"sc-jYczwO sc-ciCoXh bUKqJd cIOueB yle__article__paragraph\">Kolme vuotta sitten Suomi eteni kahdeksan parhaan joukkoon kaatamalla ensimm\u00e4isess\u00e4 jatkopeliss\u00e4 Kroatian. Edellisen kerran Suomi oli ylt\u00e4nyt EM-kisoissa kahdeksan parhaan joukkoon vuoden 1967 EM-kotikisoissa.<\/p>\n<p class=\"sc-jYczwO sc-ciCoXh bUKqJd cIOueB yle__article__paragraph\">Kahdeksan parhaan joukkoon p\u00e4\u00e4sy toista kertaa per\u00e4kk\u00e4in on haastavaa, sill\u00e4 jatkopelien vastustajat tulevat eritt\u00e4in kovasta A-lohkosta.<\/p>\n<p class=\"sc-jYczwO sc-ciCoXh bUKqJd cIOueB yle__article__paragraph\">Mahdollisia Suomen vastustajia ensimm\u00e4isell\u00e4 pudotuspelikierroksella ovat EM-kisojen suurin mestarisuosikki Serbia, is\u00e4nt\u00e4maa Latvia sek\u00e4 mitaliehdokas Turkki.<\/p>\n<p class=\"sc-jYczwO sc-ciCoXh bUKqJd cIOueB yle__article__paragraph\">Suomen joukkueen vahvuus on Euroopan tasolla eritt\u00e4in kovat isot pelaajat. Suomi on kent\u00e4ll\u00e4 aiempaa kookkaampi ja urheilullisempi, kun vertaa esimerkiksi viime vuosikymmenen maajoukkueisiin.<\/p>\n<p class=\"sc-jYczwO sc-ciCoXh bUKqJd cIOueB yle__article__paragraph\">Lauri Markkasen lis\u00e4ksi Suomella on asettaa kent\u00e4lle paljon muitakin hyvi\u00e4 pitki\u00e4 pelaajia.<\/p>\n<p class=\"sc-jYczwO sc-ciCoXh bUKqJd cIOueB yle__article__paragraph\">T\u00e4llaisia pelaajia ovat <strong class=\"sc-eEHciv gtNhAX yle__article__strong\">Mikael<\/strong> <strong class=\"sc-eEHciv gtNhAX yle__article__strong\">Jantunen<\/strong>, <strong class=\"sc-eEHciv gtNhAX yle__article__strong\">Miikka<\/strong> <strong class=\"sc-eEHciv gtNhAX yle__article__strong\">Muurinen<\/strong>, <strong class=\"sc-eEHciv gtNhAX yle__article__strong\">Olivier Nkamhoua<\/strong> ja <strong class=\"sc-eEHciv gtNhAX yle__article__strong\">Alexander Madsen<\/strong>.<\/p>\n<p><img decoding=\"async\" alt=\"Mikael Jantunen edess\u00e4 ep\u00e4skarppina ja Lauri Markkanen takana.\" src=\"https:\/\/www.europesays.com\/fi\/wp-content\/uploads\/2025\/08\/39-1507034689dd81129ce9.jpeg\" loading=\"lazy\" class=\"sc-dntSTA iywpZY\"\/><\/p>\n<p>Avaa kuvien katselu<\/p>\n<p>Lauri Markkanen (vas.) ja Mikael Jantunen (oik.) t\u00e4hditt\u00e4m\u00e4 Suomen pidempi p\u00e4\u00e4 antaa Susijengille uusia mahdollisuuksia peliparketilla sek\u00e4 puolustus- ett\u00e4 hy\u00f6kk\u00e4ysp\u00e4\u00e4ss\u00e4. Kuva: Jorma Vihtonen \/ Yle<\/p>\n<p class=\"sc-jYczwO sc-ciCoXh bUKqJd cIOueB yle__article__paragraph\">Suomen menestysreseptin\u00e4 on pelata mahdollisimman nopeasti. Susijengi pyrkii puolustamaan aktiivisesti joukkueena ja est\u00e4m\u00e4\u00e4n siten vastustajaa tekem\u00e4st\u00e4 koreja. Kun Susijengi on saanut pallon itselleen, joukkue pyrkii itse tekem\u00e4\u00e4n mahdollisimman nopeasti korin.<\/p>\n<p class=\"sc-jYczwO sc-ciCoXh bUKqJd cIOueB yle__article__paragraph\">Menestyshaaveiden kannalta olennaista on my\u00f6s, miten Susijengi onnistuu silloin, kun suurin t\u00e4hti Lauri Markkanen on vaihdossa tai h\u00e4nell\u00e4 on heikompi p\u00e4iv\u00e4. <a class=\"sc-jDJeIs gotUgl yle__article__link\" href=\"https:\/\/yle.fi\/a\/74-20178796\" role=\"link\" rel=\"nofollow noopener\" target=\"_blank\">Suomi onnistui siin\u00e4 poikkeuksellisen hienosti EM-kenraalissa Puolaa vastaan.<\/a><\/p>\n<p>Mit\u00e4 t\u00e4st\u00e4 sanotaan?<\/p>\n<blockquote class=\"sc-nIccd keAHcG\">\n<p class=\"sc-jYczwO sc-bUAJAs bUKqJd ezFHMz\">Meill\u00e4 on paljon haluja n\u00e4ytt\u00e4\u00e4. T\u00e4lt\u00e4 ryhm\u00e4lt\u00e4 voi odottaa paljon. Meill\u00e4 on hyv\u00e4t mahdollisuudet olla alkulohkossa kahden parhaan joukossa.<\/p>\n<p class=\"sc-jYczwO sc-fdbPbf bUKqJd jCVZSR\">Sasu Salin, Susijengin kapteeni<\/p>\n<\/blockquote>\n<blockquote class=\"sc-nIccd keAHcG\">\n<p class=\"sc-jYczwO sc-bUAJAs bUKqJd ezFHMz\">Lauri Markkasen korinteko n\u00e4ytt\u00e4\u00e4 niin vaivattomalta. Suomi voi yll\u00e4tt\u00e4\u00e4 ihmiset. He voivat olla lohkossaan toisia. Heill\u00e4 on sitten suuremmat mahdollisuudet p\u00e4\u00e4st\u00e4 puoliv\u00e4lieriin ja pidemm\u00e4llekin. Suomi voi tehd\u00e4 ihmeen.<\/p>\n<p class=\"sc-jYczwO sc-fdbPbf bUKqJd jCVZSR\">Augustas \u0160uliauskas, suositun eurooppalaisen koripallosivuston Basketnewsin analyytikko Urbonus-podcastissa, 23.8.2025<\/p>\n<\/blockquote>\n<p>Mit\u00e4 mielt\u00e4 sin\u00e4 olet?<\/p>\n","protected":false},"excerpt":{"rendered":"Suomen miesten koripallomaajoukkue aloittaa keskiviikkona EM-kotikisat Tampereella. T\u00e4ss\u00e4 jutussa avataan turnauksen merkitys niillekin, jotka eiv\u00e4t aktiivisesti seuraa koripalloa.&hellip;\n","protected":false},"author":2,"featured_media":15444,"comment_status":"","ping_status":"","sticky":false,"template":"","format":"standard","meta":{"footnotes":""},"categories":[158],"tags":[33,31,30,1702,6016,1705,1905,553,159,32,1901,551,160],"class_list":{"0":"post-15443","1":"post","2":"type-post","3":"status-publish","4":"format-standard","5":"has-post-thumbnail","7":"category-urheilu","8":"tag-fi","9":"tag-finland","10":"tag-finnish","11":"tag-koripallo","12":"tag-koripallon-em-2025","13":"tag-koripallon-em-kisat","14":"tag-lauri-markkanen","15":"tag-pirkanmaa","16":"tag-sports","17":"tag-suomi","18":"tag-susijengi","19":"tag-tampere","20":"tag-urheilu"},"share_on_mastodon":{"url":"","error":""},"_links":{"self":[{"href":"https:\/\/www.europesays.com\/fi\/wp-json\/wp\/v2\/posts\/15443","targetHints":{"allow":["GET"]}}],"collection":[{"href":"https:\/\/www.europesays.com\/fi\/wp-json\/wp\/v2\/posts"}],"about":[{"href":"https:\/\/www.europesays.com\/fi\/wp-json\/wp\/v2\/types\/post"}],"author":[{"embeddable":true,"href":"https:\/\/www.europesays.com\/fi\/wp-json\/wp\/v2\/users\/2"}],"replies":[{"embeddable":true,"href":"https:\/\/www.europesays.com\/fi\/wp-json\/wp\/v2\/comments?post=15443"}],"version-history":[{"count":0,"href":"https:\/\/www.europesays.com\/fi\/wp-json\/wp\/v2\/posts\/15443\/revisions"}],"wp:featuredmedia":[{"embeddable":true,"href":"https:\/\/www.europesays.com\/fi\/wp-json\/wp\/v2\/media\/15444"}],"wp:attachment":[{"href":"https:\/\/www.europesays.com\/fi\/wp-json\/wp\/v2\/media?parent=15443"}],"wp:term":[{"taxonomy":"category","embeddable":true,"href":"https:\/\/www.europesays.com\/fi\/wp-json\/wp\/v2\/categories?post=15443"},{"taxonomy":"post_tag","embeddable":true,"href":"https:\/\/www.europesays.com\/fi\/wp-json\/wp\/v2\/tags?post=15443"}],"curies":[{"name":"wp","href":"https:\/\/api.w.org\/{rel}","templated":true}]}}