{"id":154503,"date":"2026-01-28T11:25:08","date_gmt":"2026-01-28T11:25:08","guid":{"rendered":"https:\/\/www.europesays.com\/fi\/154503\/"},"modified":"2026-01-28T11:25:08","modified_gmt":"2026-01-28T11:25:08","slug":"sara-sieppi-kohtasi-erikoisen-tilanteen-kreikassa-raskaus-johti-outoon-vaatimukseen","status":"publish","type":"post","link":"https:\/\/www.europesays.com\/fi\/154503\/","title":{"rendered":"Sara Sieppi kohtasi erikoisen tilanteen Kreikassa \u2013 raskaus johti outoon vaatimukseen"},"content":{"rendered":"<p>\n            20250502, Helsinki. Amazing Race Suomi pressi 2025. Kuvassa Sara Sieppi.<br \/>\n            Timo Korhonen\n        <\/p>\n<p class=\"subtitle \">Saran vakuutteluja ei uskottu.<\/p>\n<p class=\"article-content article-content-width !bg-background\">Amazing Race -kisastakin tunnettu somevaikuttaja , 34, on matkaillut toisessa asuinmaassaan Kreikassa.<\/p>\n<p class=\"article-content article-content-width !bg-background\">Matkaan on luonnollisesti kuulunut yhteist\u00e4 aikaa Kreikassa pelaavan jalkapalloilijakulta , 31, kanssa.<\/p>\n<p class=\"article-content article-content-width !bg-background\">Yhteisi\u00e4 hetki\u00e4 on vietetty muun muassa hotellipalveluista nauttien.<\/p>\n<p class=\"article-content article-content-width !bg-background\"><a href=\"https:\/\/www.instagram.com\/sarasieppi?igsh=MW5qcjVkZ3ZsdzA1bg==\" target=\"_blank\" rel=\"nofollow noopener\">Raskaana oleva Sara paljastaa Instagramin tarinoissa joutuneensa kreikkalaisessa hotellissa hyvin erikoiseen tilanteeseen.<\/a>\u00a0Tarinat ovat katsottavissa 24 tuntia.<\/p>\n<p class=\"article-content article-content-width !bg-background\">\u2013\u00a0Saunavuoro. Mun piti hotellissa ennen saunaan menoa allekirjoittaa dokumentti, ett\u00e4 meen omalla vastuulla saunaan. Yritettiin selitt\u00e4\u00e4, ett\u00e4 meill\u00e4 on kotona oma, joten ihan tuttua hommaa.<\/p>\n<p class=\"article-content article-content-width !bg-background\">Kreikkalainen hotelli halusi siis saada itselleen vastuuvapauden silt\u00e4 varalta, ett\u00e4 saunomisesta aiheutuisi jotakin haittaa Saralle tai vauvalle.<\/p>\n<p>        <a itemprop=\"url\" href=\"https:\/\/www.seiska.fi\/kotimaa\/sara-siepin-elamaan-tayskaannos-valtava-muutos\/2052263\" rel=\"nofollow noopener\" target=\"_blank\"><\/p>\n<p>\nValtava muutos\n<\/p>\n<p class=\"section-date\">\n        <strong class=\"article-section\" data-section=\"kotimaa\"><br \/>\n            kotimaa<br \/>\n        <\/strong><br \/>\n        21.1. 11:56\n    <\/p>\n<p>Sara Siepin el\u00e4m\u00e4\u00e4n t\u00e4ysk\u00e4\u00e4nn\u00f6s: Valtava muutos\n    <\/p>\n<p itemprop=\"description\" class=\"subtitle \">\n    N\u00e4in Pyryn p\u00e4\u00e4t\u00f6s vaikuttaa kaksikon parisuhteeseen.\n<\/p>\n<p>        <\/a><\/p>\n<p>                <img loading=\"lazy\" decoding=\"async\" src=\"https:\/\/www.europesays.com\/fi\/wp-content\/uploads\/2026\/01\/1987074.webp.jpeg\" width=\"576\" height=\"720\" alt=\"Pyry ja Sara poseerasivat yhdess\u00e4 vuoden 2023 Emma Gaalassa.\" \/>            <\/p>\n<p>\n            Pyry ja Sara poseerasivat yhdess\u00e4 vuoden 2023 Emma Gaalassa.<br \/>\n            Timo Korhonen\n        <\/p>\n<p>        <a itemprop=\"url\" href=\"https:\/\/www.seiska.fi\/kotimaa\/talta-sara-sieppi-nayttaa-nyt-tuoreet-raskauskuvat\/2050802\" rel=\"nofollow noopener\" target=\"_blank\"><\/p>\n<p>\nSara Sieppi\n<\/p>\n<p class=\"section-date\">\n        <strong class=\"article-section\" data-section=\"kotimaa\"><br \/>\n            kotimaa<br \/>\n        <\/strong><br \/>\n        20.1. 09:33\n    <\/p>\n<p>T\u00e4lt\u00e4 Sara Sieppi n\u00e4ytt\u00e4\u00e4 nyt \u2013 tuoreet raskauskuvat\n    <\/p>\n<p itemprop=\"description\" class=\"subtitle \">\n    Sara kertoi tuoreita raskauskuulumisiaan.\n<\/p>\n<p>        <\/a><\/p>\n<p>Poreallaskuittaus seuraajille<\/p>\n<p class=\"article-content article-content-width !bg-background\">Vaikuttaa silt\u00e4, ett\u00e4 Sara saa someseuraajiltaan enemm\u00e4n kuin riitt\u00e4v\u00e4sti neuvoja ja ohjeistuksia raskauteen liittyen.<\/p>\n<p class=\"article-content article-content-width !bg-background\">\u2013\u00a0Poreilut oon skipannut, joten ei tarvi kommenteissa antaa neuvoa, Sara kirjoittaa porealtaasta ottamansa valokuvan yhteydess\u00e4 ilmeisen kyll\u00e4styneen\u00e4 saamiinsa neuvoihin.<\/p>\n<p class=\"article-content article-content-width !bg-background\">Kreikassa ollessaan Sara on viett\u00e4nyt aikaa maan keskiosassa sijaitsevassa Karditsassa, jonka joukkueessa Pyry pelaa, sek\u00e4 rannikkokaupunki Thessalonikissa.<\/p>\n<p class=\"article-content article-content-width !bg-background\">\u2013\u00a0Tapahtumarikas viikko takana ja nyt kakkoskoti on Kreikassa taas valmiina.<\/p>\n<p class=\"article-content article-content-width !bg-background\">Saran ja Pyryn esikoislapsen on m\u00e4\u00e4r\u00e4 synty\u00e4 kev\u00e4\u00e4n aikana.<\/p>\n<p>        <a itemprop=\"url\" href=\"https:\/\/www.seiska.fi\/kotimaa\/sara-sieppi-okyilee-lapissa-matkaseura-paljastui\/2027897\" rel=\"nofollow noopener\" target=\"_blank\"><\/p>\n<p>\n\u00d6kyilee Lapissa!\n<\/p>\n<p class=\"section-date\">\n        <strong class=\"article-section\" data-section=\"kotimaa\"><br \/>\n            kotimaa<br \/>\n        <\/strong><br \/>\n        21.12.2025 12:30\n    <\/p>\n<p>Sara Sieppi \u00f6kyilee Lapissa \u2013 matkaseura paljastui\n    <\/p>\n<p itemprop=\"description\" class=\"subtitle \">\n    Saran reissu sis\u00e4lsi ylellist\u00e4 ruokaa ja upeita maisemia, mutta Pyry-kulta loistaa poissaolollaan.\n<\/p>\n<p>        <\/a><\/p>\n<p><script async src=\"\/\/www.instagram.com\/embed.js\"><\/script><\/p>\n","protected":false},"excerpt":{"rendered":"20250502, Helsinki. Amazing Race Suomi pressi 2025. Kuvassa Sara Sieppi. Timo Korhonen Saran vakuutteluja ei uskottu. Amazing Race&hellip;\n","protected":false},"author":2,"featured_media":147212,"comment_status":"","ping_status":"","sticky":false,"template":"","format":"standard","meta":{"footnotes":"","_share_on_mastodon":"0"},"categories":[136],"tags":[407,137,33,31,30,408,3351,98,3424,2443,3423,2210,32,109],"class_list":["post-154503","post","type-post","status-publish","format-standard","has-post-thumbnail","category-julkkikset","tag-celebrities","tag-entertainment","tag-fi","tag-finland","tag-finnish","tag-julkkikset","tag-kreikka","tag-perhe","tag-pyry-soiri","tag-raskaus","tag-sara-sieppi","tag-somevaikuttaja","tag-suomi","tag-viihde"],"share_on_mastodon":{"url":"https:\/\/pubeurope.com\/@fi\/115972480880569366","error":""},"_links":{"self":[{"href":"https:\/\/www.europesays.com\/fi\/wp-json\/wp\/v2\/posts\/154503","targetHints":{"allow":["GET"]}}],"collection":[{"href":"https:\/\/www.europesays.com\/fi\/wp-json\/wp\/v2\/posts"}],"about":[{"href":"https:\/\/www.europesays.com\/fi\/wp-json\/wp\/v2\/types\/post"}],"author":[{"embeddable":true,"href":"https:\/\/www.europesays.com\/fi\/wp-json\/wp\/v2\/users\/2"}],"replies":[{"embeddable":true,"href":"https:\/\/www.europesays.com\/fi\/wp-json\/wp\/v2\/comments?post=154503"}],"version-history":[{"count":0,"href":"https:\/\/www.europesays.com\/fi\/wp-json\/wp\/v2\/posts\/154503\/revisions"}],"wp:featuredmedia":[{"embeddable":true,"href":"https:\/\/www.europesays.com\/fi\/wp-json\/wp\/v2\/media\/147212"}],"wp:attachment":[{"href":"https:\/\/www.europesays.com\/fi\/wp-json\/wp\/v2\/media?parent=154503"}],"wp:term":[{"taxonomy":"category","embeddable":true,"href":"https:\/\/www.europesays.com\/fi\/wp-json\/wp\/v2\/categories?post=154503"},{"taxonomy":"post_tag","embeddable":true,"href":"https:\/\/www.europesays.com\/fi\/wp-json\/wp\/v2\/tags?post=154503"}],"curies":[{"name":"wp","href":"https:\/\/api.w.org\/{rel}","templated":true}]}}