{"id":15453,"date":"2025-08-25T04:22:34","date_gmt":"2025-08-25T04:22:34","guid":{"rendered":"https:\/\/www.europesays.com\/fi\/15453\/"},"modified":"2025-08-25T04:22:34","modified_gmt":"2025-08-25T04:22:34","slug":"poikkeuksellinen-kuivuus-tappaa-kutemaan-pyrkivia-kaloja-merenkurkussa-luonto","status":"publish","type":"post","link":"https:\/\/www.europesays.com\/fi\/15453\/","title":{"rendered":"Poikkeuksellinen kuivuus tappaa kutemaan pyrkivi\u00e4 kaloja Merenkurkussa | Luonto"},"content":{"rendered":"<p class=\"sc-jYczwO sc-dNFkOE bUKqJd eiHPxO yle__article__paragraph\">Kuivan puron pohjalla makaavia kuolleita kaloja on l\u00f6ydetty ainakin Vaasan Sundomista.<\/p>\n<p><img decoding=\"async\" alt=\"siikoja ui veden alla.\" src=\"https:\/\/www.europesays.com\/fi\/wp-content\/uploads\/2025\/08\/39-144778667f51ed5adc51.jpeg\" class=\"sc-dntSTA iywpZY\"\/><\/p>\n<p>Avaa kuvien katselu<\/p>\n<p>Monilla kutupaikoilla on ollut tavallista ruuhkaisempaa, kun tuhannet makean veden lahtiin kutemaan pyrkiv\u00e4t kalat ovat yritt\u00e4neet turhaan p\u00e4\u00e4st\u00e4 nousemaan puroihin. N\u00e4m\u00e4 kalat kuvattiin pari viikkoa sitten Bj\u00f6rk\u00f6byn Bodvattnetilta. Kuva: Jarkko Heikkinen \/ YleJuttu tiivistettyn\u00e4<\/p>\n<ul class=\"sc-dMmcxd iwejNa yle__article__list yle__article__list--ul\">\n<li class=\"sc-fGqoZs ftBuqH\">V\u00e4h\u00e4luminen talvi on aiheuttanut vakavia ongelmia kalojen kutupaikoilla Merenkurkun saaristossa.<\/li>\n<li class=\"sc-fGqoZs ftBuqH\">Monet kutupurot ovat niin kuivia, ett\u00e4 kalat ovat n\u00e4\u00e4ntyneet matkalla kutupaikoille.<\/li>\n<li class=\"sc-fGqoZs ftBuqH\">Kalatalousneuvojat varoittavat kalojen v\u00e4henemisest\u00e4, sill\u00e4 kylm\u00e4\u00e4n mereen kuteminen heikent\u00e4\u00e4 satoa.<\/li>\n<li class=\"sc-fGqoZs ftBuqH\">\u00c4\u00e4ri-ilmi\u00f6t, kuten kuivuus, ovat lis\u00e4\u00e4ntyneet ja voivat johtaa happikatoon, joka on kalojen suurin uhka.<\/li>\n<\/ul>\n<p class=\"sc-jYczwO sc-ciCoXh bUKqJd cIOueB yle__article__paragraph\">T\u00e4m\u00e4 on teko\u00e4lyn avulla tuotettu, toimittajan tarkistama tiivistelm\u00e4. <a class=\"sc-jDJeIs gotUgl yle__article__link\" href=\"https:\/\/yle.fi\/a\/74-20128257\" role=\"link\" rel=\"nofollow noopener\" target=\"_blank\">Pid\u00e4tk\u00f6 tiivistelmist\u00e4? Anna palautetta<\/a>.<\/p>\n<p class=\"sc-jYczwO sc-ciCoXh bUKqJd cIOueB yle__article__paragraph\">Monet Merenkurkun saariston tutut kalojen kutupaikat ovat nyt niin kuivia, ett\u00e4 kaloja on jopa kuollut jokien pohjille.<\/p>\n<p class=\"sc-jYczwO sc-ciCoXh bUKqJd cIOueB yle__article__paragraph\">N\u00e4in on k\u00e4ynyt ainakin Vaasan Sundomissa, jossa L\u00e5ngs\u00e4retin l\u00e4heisyydess\u00e4 oleva puro on niin kuiva, ett\u00e4 sen pohjalla makasi jopa toista sataa kuollutta s\u00e4rke\u00e4.<\/p>\n<p class=\"sc-jYczwO sc-ciCoXh bUKqJd cIOueB yle__article__paragraph\">Kaislojen seassa puron pohjalla makaavat kalat ovat todenn\u00e4k\u00f6isesti pyrkineet nousemaan merest\u00e4 jokavuotisille tutuille makean veden lahdille kutemaan, mutta kuivuus on katkaissut matkan ja kalat ovat n\u00e4\u00e4ntyneet matkalle hengilt\u00e4.<\/p>\n<p class=\"sc-jYczwO sc-ciCoXh bUKqJd cIOueB yle__article__paragraph\">V\u00e4h\u00e4lumisen talven vaikutukset n\u00e4kyv\u00e4t nyt luonnossa. Kuivuus vaivaa k\u00e4yt\u00e4nn\u00f6ss\u00e4 kaikkia alueen merkitt\u00e4vi\u00e4 kutupuroja.<\/p>\n<p class=\"sc-jYczwO sc-ciCoXh bUKqJd cIOueB yle__article__paragraph\">Niist\u00e4 yksi merkitt\u00e4vimmist\u00e4 Bj\u00f6rk\u00f6byn Svedjehamnissa oli jo <a class=\"sc-jDJeIs gotUgl yle__article__link\" href=\"https:\/\/yle.fi\/a\/74-20154878\" role=\"link\" rel=\"nofollow noopener\" target=\"_blank\">aiemmin<\/a> yht\u00e4 kuivassa kunnossa. Siell\u00e4 tosin kalakuolemia ei ole tietoon tullut.<\/p>\n<p><img decoding=\"async\" alt=\"Juha Ojaharju, kalatalousasiantuntija, Suomen vapaa-ajankalastajat.\" src=\"https:\/\/www.europesays.com\/fi\/wp-content\/uploads\/2025\/08\/39-14550506809d731a2fdf.jpeg\" loading=\"lazy\" class=\"sc-dntSTA iywpZY\"\/><\/p>\n<p>Avaa kuvien katselu<\/p>\n<p>Suomen vapaa-ajankalastajien keskusj\u00e4rjest\u00f6n kalatalousasiantuntija Juha Ojaharju on n\u00e4hnyt eri syist\u00e4 johtuvia kalakuolemia ennenkin. Yksi aiemmin esill\u00e4 ollut syy on ollut vesien happikato. Kuva: Jarkko Heikkinen \/ YleSuurempi ja tappavampi ongelma on ep\u00e4onnistunut kutu<\/p>\n<p class=\"sc-jYczwO sc-ciCoXh bUKqJd cIOueB yle__article__paragraph\">Vaikka suuri m\u00e4\u00e4r\u00e4 kuolleita kaloja samassa paikassa her\u00e4tt\u00e4\u00e4kin ihmetyst\u00e4, pit\u00e4\u00e4 Suomen vapaa-ajankalastajien kalatalousneuvoja <strong class=\"sc-eEHciv gtNhAX yle__article__strong\">Juha Ojaharju<\/strong> viel\u00e4 suurempana menetyksen\u00e4 tulevia, viel\u00e4 syntym\u00e4tt\u00f6mi\u00e4 kaloja.<\/p>\n<p class=\"sc-jYczwO sc-ciCoXh bUKqJd cIOueB yle__article__paragraph\">\u2013 Kun kalat joutuvat kutemaan kylmemp\u00e4\u00e4n mereen, j\u00e4\u00e4 sato varmasti laihemmaksi. Lis\u00e4ksi on olemassa riski, ett\u00e4 n\u00e4iden havaittujen kuolemien lis\u00e4ksi kutemista tapahtuu jopa kuiville maille ja t\u00e4ll\u00f6in puhutaan jo tuhansien kalojen menetyksest\u00e4, Juha Ojaharju sanoo<\/p>\n<p class=\"sc-jYczwO sc-ciCoXh bUKqJd cIOueB yle__article__paragraph\">N\u00e4in totaalinen kuivuus on harvinaista, eik\u00e4 Ojaharju muista kokeneensa ennen vastaavaa.<\/p>\n<p class=\"sc-jYczwO sc-ciCoXh bUKqJd cIOueB yle__article__paragraph\">Samaa mielt\u00e4 on my\u00f6s maailmanperint\u00f6opas ja biologi <strong class=\"sc-eEHciv gtNhAX yle__article__strong\">Vesa Heinonen<\/strong>, jota haastattelimme jo aiemmin. H\u00e4n on liikkunut vuosikymmeni\u00e4 Merenkurkun luonnossa.<\/p>\n<p class=\"sc-jYczwO sc-ciCoXh bUKqJd cIOueB yle__article__paragraph\">\u2013 Aiemminkin vett\u00e4 on saattanut olla v\u00e4h\u00e4n, vaikka vain parikymment\u00e4 sentti\u00e4, mutta ei t\u00e4llaista kuivuutta koskaan, Heinonen sanoo.<\/p>\n<p class=\"sc-jYczwO sc-ciCoXh bUKqJd cIOueB yle__article__paragraph\">Heinosen mukaan ongelma on nyt sama monilla muillakin vastaavilla paikoilla, joissa kuivuus on katkaissut kalojen yhteyden suolaisilta merenlahdilta makeisiin kluuveihin.<\/p>\n<p class=\"sc-jYczwO sc-ciCoXh bUKqJd cIOueB yle__article__paragraph\">S\u00e4\u00e4n \u00e4\u00e4ri-ilmi\u00f6t ovat lis\u00e4\u00e4ntyneet ja Heinonen pelk\u00e4\u00e4 kuluneen kaltaisen kuivan talven olevan siit\u00e4 yksi merkki.<\/p>\n<p><img decoding=\"async\" alt=\"kuiva puron pohja.\" src=\"https:\/\/www.europesays.com\/fi\/wp-content\/uploads\/2025\/08\/39-144779067f51eed24d52.jpeg\" loading=\"lazy\" class=\"sc-dntSTA iywpZY\"\/><\/p>\n<p>Avaa kuvien katselu<\/p>\n<p>J\u00e4iden l\u00e4hd\u00f6n ja kalojen kudun alkamisen aikaan t\u00e4m\u00e4 puro Bj\u00f6rk\u00f6byss\u00e4 solisee iloisesti. Kalat nousevat sit\u00e4 pitkin taustalla n\u00e4kyv\u00e4lt\u00e4 merenlahdelta kohti ylemp\u00e4n\u00e4 olevaa kluuvia. Nyt puro on aivan kuiva. Kuva: Jarkko Heikkinen \/ YleKalojen suurin surmanloukku on happikato<\/p>\n<p class=\"sc-jYczwO sc-ciCoXh bUKqJd cIOueB yle__article__paragraph\">Kuivuuden ajankohta on kalojen lis\u00e4\u00e4ntymisen kannalta huonoin mahdollinen. Juha Ojaharjun mukaan vett\u00e4 on t\u00e4h\u00e4n aikaan vuodesta normaalisti runsaasti, mutta nyt ei yht\u00e4\u00e4n.<\/p>\n<p class=\"sc-jYczwO sc-ciCoXh bUKqJd cIOueB yle__article__paragraph\">Koko maan merkitt\u00e4vin ja laajin kalojen surmanloukku on kuitenkin aika ajoin pahaksi \u00e4ityv\u00e4 happikato. Se on tuttu ongelma varsinkin v\u00e4h\u00e4vetisiss\u00e4 j\u00e4rviss\u00e4 ja lammissa. Viime kes\u00e4n\u00e4 Vaasan edustalla <a class=\"sc-jDJeIs gotUgl yle__article__link\" href=\"https:\/\/yle.fi\/a\/74-20092576\" role=\"link\" rel=\"nofollow noopener\" target=\"_blank\">ihmeteltiin<\/a> my\u00f6s useiden satojen kalojen kuolemia.<\/p>\n<p class=\"sc-jYczwO sc-ciCoXh bUKqJd cIOueB yle__article__paragraph\">T\u00e4m\u00e4 tapaus saattoi johtua useammastakin syyst\u00e4, mutta tuolloin yhten\u00e4 ep\u00e4ilyksen\u00e4 oli my\u00f6s matalan meriveden ja l\u00e4mm\u00f6n tuottama happikato.<\/p>\n<p><img decoding=\"async\" alt=\"Kaksi jo pidemp\u00e4\u00e4n kuolleena ollutta kalaa jotka ovat ajautuneet rantaan \" src=\"https:\/\/www.europesays.com\/fi\/wp-content\/uploads\/2025\/08\/39-12980066661734f1ce80.jpeg\" loading=\"lazy\" class=\"sc-dntSTA iywpZY\"\/><\/p>\n<p>Avaa kuvien katselu<\/p>\n<p>Viime kes\u00e4n\u00e4 rantaan ajautuneita kuolleita kaloja oli runsaasti my\u00f6s aivan Vaasan keskustan rannoilla. Arkistokuva on otettu Hovioikeuden altaalta.  Kuva: Antti Haavisto \/ Yle<\/p>\n","protected":false},"excerpt":{"rendered":"Kuivan puron pohjalla makaavia kuolleita kaloja on l\u00f6ydetty ainakin Vaasan Sundomista. Avaa kuvien katselu Monilla kutupaikoilla on ollut&hellip;\n","protected":false},"author":2,"featured_media":15454,"comment_status":"","ping_status":"","sticky":false,"template":"","format":"standard","meta":{"footnotes":""},"categories":[117],"tags":[33,31,30,3293,1729,71,6017,72,6018,476,449,118,32,119,477],"class_list":{"0":"post-15453","1":"post","2":"type-post","3":"status-publish","4":"format-standard","5":"has-post-thumbnail","7":"category-luonto","8":"tag-fi","9":"tag-finland","10":"tag-finnish","11":"tag-kalakuolemat","12":"tag-kalat","13":"tag-kotimaa","14":"tag-kuivuus","15":"tag-luonto","16":"tag-merenkurkku","17":"tag-nature","18":"tag-pohjanmaa","19":"tag-science","20":"tag-suomi","21":"tag-tiede","22":"tag-wildlife"},"share_on_mastodon":{"url":"","error":""},"_links":{"self":[{"href":"https:\/\/www.europesays.com\/fi\/wp-json\/wp\/v2\/posts\/15453","targetHints":{"allow":["GET"]}}],"collection":[{"href":"https:\/\/www.europesays.com\/fi\/wp-json\/wp\/v2\/posts"}],"about":[{"href":"https:\/\/www.europesays.com\/fi\/wp-json\/wp\/v2\/types\/post"}],"author":[{"embeddable":true,"href":"https:\/\/www.europesays.com\/fi\/wp-json\/wp\/v2\/users\/2"}],"replies":[{"embeddable":true,"href":"https:\/\/www.europesays.com\/fi\/wp-json\/wp\/v2\/comments?post=15453"}],"version-history":[{"count":0,"href":"https:\/\/www.europesays.com\/fi\/wp-json\/wp\/v2\/posts\/15453\/revisions"}],"wp:featuredmedia":[{"embeddable":true,"href":"https:\/\/www.europesays.com\/fi\/wp-json\/wp\/v2\/media\/15454"}],"wp:attachment":[{"href":"https:\/\/www.europesays.com\/fi\/wp-json\/wp\/v2\/media?parent=15453"}],"wp:term":[{"taxonomy":"category","embeddable":true,"href":"https:\/\/www.europesays.com\/fi\/wp-json\/wp\/v2\/categories?post=15453"},{"taxonomy":"post_tag","embeddable":true,"href":"https:\/\/www.europesays.com\/fi\/wp-json\/wp\/v2\/tags?post=15453"}],"curies":[{"name":"wp","href":"https:\/\/api.w.org\/{rel}","templated":true}]}}