{"id":15457,"date":"2025-08-25T04:36:09","date_gmt":"2025-08-25T04:36:09","guid":{"rendered":"https:\/\/www.europesays.com\/fi\/15457\/"},"modified":"2025-08-25T04:36:09","modified_gmt":"2025-08-25T04:36:09","slug":"ensitreffit-alttarilla-jenni-kertoo-mita-tapahtui-avioeron-jalkeen","status":"publish","type":"post","link":"https:\/\/www.europesays.com\/fi\/15457\/","title":{"rendered":"Ensitreffit alttarilla -Jenni kertoo, mit\u00e4 tapahtui avioeron j\u00e4lkeen"},"content":{"rendered":"<p>Ensitreffit alttarilla -ohjelma py\u00f6rii pian taas ruudussa. Edellisell\u00e4 kaudella n\u00e4hty Jenni kertoo nyt, mit\u00e4 tapahtui ohjelman j\u00e4lkeen.<\/p>\n<p class=\"article-body margin-bottom-24 padding-x-16\">Syyskuun alussa p\u00e4\u00e4st\u00e4\u00e4n taas seuraamaan, kun Ensitreffit alttarilla -ohjelmassa uudet parit etsiv\u00e4t rakkautta. Viime kauden pareista, <a class=\"article-personlink\" href=\"https:\/\/www.is.fi\/haku\/?query=Jennist%C3%A4\" rel=\"nofollow noopener\" target=\"_blank\">Jennist\u00e4 <\/a>ja <a class=\"article-personlink\" href=\"https:\/\/www.is.fi\/haku\/?query=Jyrkist%C3%A4\" rel=\"nofollow noopener\" target=\"_blank\">Jyrkist\u00e4<\/a>, <a class=\"article-personlink\" href=\"https:\/\/www.is.fi\/haku\/?query=Tainasta\" rel=\"nofollow noopener\" target=\"_blank\">Tainasta <\/a>ja <a class=\"article-personlink\" href=\"https:\/\/www.is.fi\/haku\/?query=Matista\" rel=\"nofollow noopener\" target=\"_blank\">Matista <\/a>ja <a class=\"article-personlink\" href=\"https:\/\/www.is.fi\/haku\/?query=Annasta\" rel=\"nofollow noopener\" target=\"_blank\">Annasta <\/a>ja <a class=\"article-personlink\" href=\"https:\/\/www.is.fi\/haku\/?query=Haista\" rel=\"nofollow noopener\" target=\"_blank\">Haista<\/a>, yksik\u00e4\u00e4n ei lopulta jatkanut yhteist\u00e4 matkaa.<\/p>\n<p class=\"article-body margin-bottom-24 padding-x-16\">Jenni kertoo nyt IS:lle, ett\u00e4 h\u00e4nen arkensa on ihanan seesteist\u00e4. H\u00e4n ja Jyrki l\u00e4htiv\u00e4t ohjelmasta yhdess\u00e4, mutta erosivat Jennin aloitteesta viikon p\u00e4\u00e4st\u00e4 kuvausten p\u00e4\u00e4ttymisest\u00e4.<\/p>\n<p class=\"article-body margin-bottom-24 padding-x-16\">\u2013 Hyv\u00e4ll\u00e4 muistelen, ettei miss\u00e4\u00e4n nimess\u00e4 mit\u00e4\u00e4n pahaa sanottavaa. Harmi, ett\u00e4 kukaan pareista ei sit\u00e4 loppuel\u00e4m\u00e4n kumppania l\u00f6yt\u00e4nyt, Jenni kertoo.<\/p>\n<p class=\"article-body margin-bottom-24 padding-x-16\">Jenni ja Jyrki eiv\u00e4t ole olleet miss\u00e4\u00e4n yhteyksiss\u00e4 ohjelman j\u00e4lkeen.<\/p>\n<p class=\"article-body margin-bottom-24 padding-x-16\">Jenni kertoo pyrkineens\u00e4 ohjelmassa miellytt\u00e4m\u00e4\u00e4n muita. Nyt h\u00e4n on oppinut kuulostelemaan omia tunteitaan. Ohjelman j\u00e4lkeen h\u00e4n on tapaillut paria henkil\u00f6\u00e4, mutta on t\u00e4ll\u00e4 hetkell\u00e4 sinkku.<\/p>\n<p class=\"article-body margin-bottom-24 padding-x-16\">\u2013 Kyll\u00e4 sit\u00e4 tarkkailee v\u00e4h\u00e4n enemm\u00e4n ja tutkiskelee sit\u00e4 omaa fiilist\u00e4. Jos joku tapailusuhde on p\u00e4\u00e4ttynyt, niin en ole siit\u00e4 oikeastaan moksiskaan. Ajattelen, ett\u00e4 n\u00e4in se oli tarkoitettu ja nyt ei muuta kuin eteenp\u00e4in.<\/p>\n<p><img decoding=\"async\" src=\"https:\/\/www.europesays.com\/fi\/wp-content\/uploads\/2025\/08\/1756096568_878_468.jpg\" alt=\"Jennin mielest\u00e4 Jyrkin asenne el\u00e4m\u00e4\u00e4n oli liian huoleton.\" class=\"_Img_tdqg8_1\" style=\"aspect-ratio:1.5\" loading=\"eager\"\/><\/p>\n<p class=\"article-picture-caption\">Jennin mielest\u00e4 Jyrkin asenne el\u00e4m\u00e4\u00e4n oli liian huoleton. Kuva:\u00a0MTV<\/p>\n<p class=\"article-body margin-bottom-24 padding-x-16\">Jennin yll\u00e4tti, kuinka paljon yhteydenottoja h\u00e4n sai ohjelman j\u00e4lkeen. H\u00e4n kertoo k\u00e4yneens\u00e4 er\u00e4\u00e4n katsojille tutun miehen kanssa ulkona.<\/p>\n<p class=\"article-body margin-bottom-24 padding-x-16\">\u2013 Edellisten kausien osallistujat ovat olleet yhteydess\u00e4, ja yht\u00e4 jopa tapasinkin. Oli kyll\u00e4 arvokasta jakaa ajatuksia h\u00e4nen kanssaan.<\/p>\n<p class=\"article-body margin-bottom-24 padding-x-16\">Kumppanilta h\u00e4n etsii nyt varmuutta.<\/p>\n<p class=\"article-body margin-bottom-24 padding-x-16\">\u2013 Olen aika vahvatahtoinen ja tied\u00e4n mit\u00e4 haluan, niin kyll\u00e4 miehen pit\u00e4\u00e4 olla my\u00f6skin. Sellainen j\u00e4m\u00e4kk\u00e4, ihana ja hyv\u00e4 tyyppi.<\/p>\n<p class=\"article-body margin-bottom-24 padding-x-16\">Palautetta on tullut paljon niin netiss\u00e4 kuin tosiel\u00e4m\u00e4ss\u00e4, ja viel\u00e4 uuden kauden kynnyksell\u00e4 h\u00e4nt\u00e4 pys\u00e4ytet\u00e4\u00e4n yh\u00e4 kadulla. Tosiel\u00e4m\u00e4ss\u00e4 saatu palaute on ollut p\u00e4\u00e4asiassa positiivista, Jenni kertoo.<\/p>\n<p class=\"article-body margin-bottom-24 padding-x-16\">Ohjelman puolesta neuvottiin j\u00e4tt\u00e4m\u00e4\u00e4n anonyymit keskustelualustat omaan arvoonsa. Jenni ei kuunnellut ohjetta, vaan meni oitis tutkimaan palstoja. H\u00e4n ei kuitenkaan kadu ohjelmaan osallistumista.<\/p>\n<p class=\"article-body margin-bottom-24 padding-x-16\">\u2013 Nettikommentit olivat niin ik\u00e4vi\u00e4, ett\u00e4 ne jopa naurattivat. Tartuttiin esimerkiksi siihen, ett\u00e4 onpas \u00e4rsytt\u00e4v\u00e4\u00e4, kun Jenni on aina niin hirve\u00e4n iloinen. Tuo on jotenkin niin p\u00f6yristytt\u00e4v\u00e4 palaute.<\/p>\n<p><img decoding=\"async\" src=\"https:\/\/www.europesays.com\/fi\/wp-content\/uploads\/2025\/08\/1756096569_932_468.jpg\" alt=\"Jenni ja Jyrki avioituivat Ensitreffit alttarilla -sarjan 11. kaudella. Sitten kaikki alkoi menn\u00e4 pieleen.\" class=\"_Img_tdqg8_1\" style=\"aspect-ratio:1.5\" loading=\"eager\"\/><\/p>\n<p class=\"article-picture-caption\">Jenni ja Jyrki avioituivat Ensitreffit alttarilla -sarjan 11. kaudella. Sitten kaikki alkoi menn\u00e4 pieleen. Kuva:\u00a0MTV<\/p>\n<p class=\"article-body margin-bottom-24 padding-x-16\">Jenni kokee, ett\u00e4 h\u00e4nest\u00e4 maalattiin ohjelmassa erilainen kuva kuin h\u00e4n tosiel\u00e4m\u00e4ss\u00e4 on.<\/p>\n<p class=\"article-body margin-bottom-24 padding-x-16\">\u2013 Leikkaamalla saa tehty\u00e4 paljon aikaiseksi. Minusta tehtiin ihan hirve\u00e4 pihvihullu, mit\u00e4 en todellakaan ole. Se oli ehk\u00e4 v\u00e4h\u00e4n erikoista.<\/p>\n<p class=\"article-body margin-bottom-24 padding-x-16\">\u2013 Ja sitten puhe rahasta oli ihan tyhm\u00e4 juttu. L\u00e4heisetkin sanoivat, ett\u00e4 et ikin\u00e4 mihink\u00e4\u00e4n rahan per\u00e4ss\u00e4 menisi, ja se olisi aika typer\u00e4\u00e4kin hakeutua tuommoiseen ohjelmaan hakeakseen rikasta miest\u00e4. On hyvin ep\u00e4todenn\u00e4k\u00f6ist\u00e4, ett\u00e4 se onnistuisi.<\/p>\n<p class=\"article-body margin-bottom-24 padding-x-16\">Ensitreffit alttarilla -sarjassa n\u00e4htiin, miten Jyrkin ep\u00e4varma taloudellinen tilanne nousi keskustelunaiheeksi. Jenni\u00e4 hermostutti Jyrkin rahank\u00e4yt\u00f6ss\u00e4 muun muassa se, ett\u00e4 ravintolassa laskun saatuaan \u201dJyrki laski senttej\u00e4\u201d, jotta kulut menev\u00e4t varmasti tasan.<\/p>\n<p class=\"article-body margin-bottom-24 padding-x-16\">Jyrki ajatteli, ett\u00e4 asiat kyll\u00e4 j\u00e4rjestyv\u00e4t, kun taas Jenni toivoi miehen ottavaan itse\u00e4\u00e4n niskasta kiinni. Jenni\u00e4 huoletti muun muassa perheen perustaminen sellaisen ihmisen kanssa, jolla ei ole vakituisia tuloja.<\/p>\n<p class=\"article-body margin-bottom-24 padding-x-16\">Sarjan kuvaamisen aikaan Jyrki oli ty\u00f6tt\u00f6m\u00e4n\u00e4 ja etsi uusia t\u00f6it\u00e4.<\/p>\n<p class=\"article-body margin-bottom-24 padding-x-16\">Lue lis\u00e4\u00e4: <a class=\"article-genericlink\" href=\"https:\/\/www.is.fi\/viihde\/art-2000010817219.html\" rel=\"nofollow noopener\" target=\"_blank\">Ensitreffit-Jenni poltti p\u00e4reens\u00e4 Jyrki-puolison taloustilanteeseen \u2013 totuus molempien tuloista julki<\/a><\/p>\n<p class=\"article-body margin-bottom-24 padding-x-16\">Jenni aikoo katsoa uudesta kaudesta ainakin ensimm\u00e4iset jaksot.<\/p>\n<p class=\"article-body margin-bottom-24 padding-x-16\">\u2013 Toki v\u00e4h\u00e4n ihmetytt\u00e4\u00e4 se, ett\u00e4 ei menn\u00e4k\u00e4\u00e4n nyt oikeasti naimisiin. L\u00e4hteek\u00f6 ohjelmalta hieman pohja.<\/p>\n<p class=\"article-body margin-bottom-24 padding-x-16\">Uusille pareille h\u00e4nell\u00e4 on selke\u00e4 neuvo.<\/p>\n<p class=\"article-body margin-bottom-24 padding-x-16\">\u2013 Turha sit\u00e4 himmailemaan, jos on noin pitk\u00e4lle p\u00e4\u00e4ssyt. Ihan t\u00e4ysill\u00e4 mukaan ja nauttimaan matkasta, Jenni kannustaa.<\/p>\n<p class=\"article-body margin-bottom-24 padding-x-16\">IS tavoitti my\u00f6s Jyrkin, mutta h\u00e4n kielt\u00e4ytyi haastattelusta.<\/p>\n<p class=\"article-body margin-bottom-24 padding-x-16\">Uusi Ensitreffit alttarilla -kausi alkaa MTV3:lla 4.9.<\/p>\n","protected":false},"excerpt":{"rendered":"Ensitreffit alttarilla -ohjelma py\u00f6rii pian taas ruudussa. Edellisell\u00e4 kaudella n\u00e4hty Jenni kertoo nyt, mit\u00e4 tapahtui ohjelman j\u00e4lkeen. Syyskuun&hellip;\n","protected":false},"author":2,"featured_media":15458,"comment_status":"","ping_status":"","sticky":false,"template":"","format":"standard","meta":{"footnotes":""},"categories":[133],"tags":[137,33,31,30,34,32,206,156,109],"class_list":{"0":"post-15457","1":"post","2":"type-post","3":"status-publish","4":"format-standard","5":"has-post-thumbnail","7":"category-televisiot","8":"tag-entertainment","9":"tag-fi","10":"tag-finland","11":"tag-finnish","12":"tag-ilta-sanomat","13":"tag-suomi","14":"tag-televisiot","15":"tag-tv","16":"tag-viihde"},"share_on_mastodon":{"url":"","error":""},"_links":{"self":[{"href":"https:\/\/www.europesays.com\/fi\/wp-json\/wp\/v2\/posts\/15457","targetHints":{"allow":["GET"]}}],"collection":[{"href":"https:\/\/www.europesays.com\/fi\/wp-json\/wp\/v2\/posts"}],"about":[{"href":"https:\/\/www.europesays.com\/fi\/wp-json\/wp\/v2\/types\/post"}],"author":[{"embeddable":true,"href":"https:\/\/www.europesays.com\/fi\/wp-json\/wp\/v2\/users\/2"}],"replies":[{"embeddable":true,"href":"https:\/\/www.europesays.com\/fi\/wp-json\/wp\/v2\/comments?post=15457"}],"version-history":[{"count":0,"href":"https:\/\/www.europesays.com\/fi\/wp-json\/wp\/v2\/posts\/15457\/revisions"}],"wp:featuredmedia":[{"embeddable":true,"href":"https:\/\/www.europesays.com\/fi\/wp-json\/wp\/v2\/media\/15458"}],"wp:attachment":[{"href":"https:\/\/www.europesays.com\/fi\/wp-json\/wp\/v2\/media?parent=15457"}],"wp:term":[{"taxonomy":"category","embeddable":true,"href":"https:\/\/www.europesays.com\/fi\/wp-json\/wp\/v2\/categories?post=15457"},{"taxonomy":"post_tag","embeddable":true,"href":"https:\/\/www.europesays.com\/fi\/wp-json\/wp\/v2\/tags?post=15457"}],"curies":[{"name":"wp","href":"https:\/\/api.w.org\/{rel}","templated":true}]}}