{"id":154575,"date":"2026-01-28T13:12:08","date_gmt":"2026-01-28T13:12:08","guid":{"rendered":"https:\/\/www.europesays.com\/fi\/154575\/"},"modified":"2026-01-28T13:12:08","modified_gmt":"2026-01-28T13:12:08","slug":"nyt-apple-tvssa-harrison-fordin-ja-jason-segelin-mainio-komediadraama-jatkuu-taas-mukana-myos-michael-j-fox","status":"publish","type":"post","link":"https:\/\/www.europesays.com\/fi\/154575\/","title":{"rendered":"Nyt Apple TV:ss\u00e4: Harrison Fordin ja Jason Segelin mainio komediadraama jatkuu taas &#8211; mukana my\u00f6s Michael J. Fox"},"content":{"rendered":"<p>Mainio komediadraama Shrinking palaa jo kolmannelle tuotantokaudelleen. Sarjan uudet jaksot k\u00e4ynnistyv\u00e4tkin Apple TV -suoratoistopalvelussa t\u00e4n\u00e4\u00e4n keskiviikkona 28. tammikuuta.<\/p>\n<p><strong>Harrison Fordin<\/strong> ja <strong>Jason Segelin<\/strong> esitt\u00e4m\u00e4t terapeutit jatkavat ammatti- ja yksityisel\u00e4miens\u00e4 setvimist\u00e4. Menneisyyden traumat h\u00e4ilyv\u00e4t edelleen Jimmyn (Segel) yll\u00e4 \u2013 nyt uusia tunteiden myllerryksi\u00e4 aiheuttavat my\u00f6s Alice-tytt\u00e4ren (<strong>Lukita Maxwell<\/strong>) l\u00e4hestyv\u00e4 yliopistoon l\u00e4ht\u00f6 sek\u00e4 mahdollinen tuore ihastus.<\/p>\n<p>Lue my\u00f6s: <a href=\"https:\/\/www.episodi.fi\/uutiset\/parkinsonia-sairastava-michael-j-fox-nahtiin-tv-ruudulla-ensimmaista-kertaa-5-vuoteen-paluun-taustalta-loytyy-indiana-jones-ja-han-solo\/\" title=\"Parkinsonia sairastava Michael J. Fox n\u00e4htiin tv-ruudulla ensimm\u00e4ist\u00e4 kertaa 5 vuoteen \u2013 Paluun taustalta l\u00f6ytyy Indiana Jones ja Han Solo\" class=\"underline-custom !font-montserrat !font-bold !underline-offset-4 !decoration-4 !decoration-episodi-blue !text-md\" rel=\"nofollow noopener\" target=\"_blank\">Parkinsonia sairastava Michael J. Fox n\u00e4htiin tv-ruudulla ensimm\u00e4ist\u00e4 kertaa 5 vuoteen \u2013 Paluun taustalta l\u00f6ytyy Indiana Jones ja Han Solo<\/a><\/p>\n<p>Lue my\u00f6s: <a href=\"https:\/\/www.episodi.fi\/uutiset\/jeff-daniels-mukaan-harrison-fordin-ja-jason-segelin-mainion-komediadraaman-kolmoskaudelle\/\" title=\"Jeff Daniels mukaan Harrison Fordin ja Jason Segelin mainion komediadraaman kolmoskaudelle\" class=\"underline-custom !font-montserrat !font-bold !underline-offset-4 !decoration-4 !decoration-episodi-blue !text-md\" rel=\"nofollow noopener\" target=\"_blank\">Jeff Daniels mukaan Harrison Fordin ja Jason Segelin mainion komediadraaman kolmoskaudelle<\/a><\/p>\n<p>T\u00e4n\u00e4\u00e4n k\u00e4ynnistyneell\u00e4 kolmoskaudella tullaan n\u00e4kem\u00e4\u00e4n yhteens\u00e4 11 jaksoa. Uudet osat ilmestyv\u00e4t katseltaviksi Apple TV -palveluun aina viikoittain, keskiviikkoisin. Kausi huipentuu siis huhtikuun alkupuolella.<\/p>\n<p>Uudella kaudella mukaan n\u00e4yttelij\u00e4porukkaan liittyy my\u00f6s parkinsonin taudin vuoksi pitk\u00e4\u00e4 taukoa n\u00e4yttelemisest\u00e4 viett\u00e4nyt Paluu tulevaisuuteen -t\u00e4hti <strong>Michael J. Fox<\/strong> sek\u00e4 kaksinkertainen Emmy-voittaja <strong>Jeff Daniels<\/strong>. My\u00f6s pikaisesti edellisell\u00e4 kaudella n\u00e4hty Segelin entinen Ensisilm\u00e4yksell\u00e4-kollega <strong>Cobie Smulders<\/strong> tekee paluun.<\/p>\n<p>Lue my\u00f6s: <a href=\"https:\/\/www.episodi.fi\/uutiset\/nyt-apple-tvssa-idris-elba-vastaan-pommijuna-intensiivinen-trillerisarja-aloitti-kakkoskautensa\/\" title=\"Nyt Apple TV:ss\u00e4: Idris Elba vastaan pommijuna \u2013 intensiivinen trillerisarja aloitti kakkoskautensa\" class=\"underline-custom !font-montserrat !font-bold !underline-offset-4 !decoration-4 !decoration-episodi-blue !text-md\" rel=\"nofollow noopener\" target=\"_blank\">Nyt Apple TV:ss\u00e4: Idris Elba vastaan pommijuna \u2013 intensiivinen trillerisarja aloitti kakkoskautensa<\/a><\/p>\n<p>Katso alta Shrinkingin kolmannen tuotantokauden virallinen traileri.<\/p>\n<p><img loading=\"lazy\" decoding=\"async\" alt=\"YouTube video\" width=\"480\" height=\"360\" data-pin-nopin=\"true\" nopin=\"nopin\" class=\"perfmatters-lazy\" src=\"https:\/\/www.europesays.com\/fi\/wp-content\/uploads\/2026\/01\/1769605928_204_hqdefault.jpg\"\/><\/p>\n<p>Lue my\u00f6s: <a href=\"https:\/\/www.episodi.fi\/uutiskirje\/?uutiskirjemainos=tekstilinkkimainos\" title=\"Tilaa Episodin uutiskirje ja voit voittaa leffalippuja! Nappaa tv-vinkit suoraan s\u00e4hk\u00f6postiin t\u00e4st\u00e4.\" class=\"underline-custom !font-montserrat !font-bold !underline-offset-4 !decoration-4 !decoration-episodi-blue !text-md\" rel=\"nofollow noopener\" target=\"_blank\">Tilaa Episodin uutiskirje ja voit voittaa leffalippuja! Nappaa katseluvinkit suoraan s\u00e4hk\u00f6postiin t\u00e4st\u00e4.<\/a><\/p>\n","protected":false},"excerpt":{"rendered":"Mainio komediadraama Shrinking palaa jo kolmannelle tuotantokaudelleen. Sarjan uudet jaksot k\u00e4ynnistyv\u00e4tkin Apple TV -suoratoistopalvelussa t\u00e4n\u00e4\u00e4n keskiviikkona 28. tammikuuta.&hellip;\n","protected":false},"author":2,"featured_media":154576,"comment_status":"","ping_status":"","sticky":false,"template":"","format":"standard","meta":{"footnotes":"","_share_on_mastodon":"0"},"categories":[133],"tags":[5097,137,33,31,30,6827,15408,15334,32,570,206,571,156,109],"class_list":["post-154575","post","type-post","status-publish","format-standard","has-post-thumbnail","category-televisiot","tag-apple-tv","tag-entertainment","tag-fi","tag-finland","tag-finnish","tag-harrison-ford","tag-jason-segel","tag-shrinking","tag-suomi","tag-suoratoisto","tag-televisiot","tag-tv-sarjat","tag-tv","tag-viihde"],"share_on_mastodon":{"url":"https:\/\/pubeurope.com\/@fi\/115972901614627077","error":""},"_links":{"self":[{"href":"https:\/\/www.europesays.com\/fi\/wp-json\/wp\/v2\/posts\/154575","targetHints":{"allow":["GET"]}}],"collection":[{"href":"https:\/\/www.europesays.com\/fi\/wp-json\/wp\/v2\/posts"}],"about":[{"href":"https:\/\/www.europesays.com\/fi\/wp-json\/wp\/v2\/types\/post"}],"author":[{"embeddable":true,"href":"https:\/\/www.europesays.com\/fi\/wp-json\/wp\/v2\/users\/2"}],"replies":[{"embeddable":true,"href":"https:\/\/www.europesays.com\/fi\/wp-json\/wp\/v2\/comments?post=154575"}],"version-history":[{"count":0,"href":"https:\/\/www.europesays.com\/fi\/wp-json\/wp\/v2\/posts\/154575\/revisions"}],"wp:featuredmedia":[{"embeddable":true,"href":"https:\/\/www.europesays.com\/fi\/wp-json\/wp\/v2\/media\/154576"}],"wp:attachment":[{"href":"https:\/\/www.europesays.com\/fi\/wp-json\/wp\/v2\/media?parent=154575"}],"wp:term":[{"taxonomy":"category","embeddable":true,"href":"https:\/\/www.europesays.com\/fi\/wp-json\/wp\/v2\/categories?post=154575"},{"taxonomy":"post_tag","embeddable":true,"href":"https:\/\/www.europesays.com\/fi\/wp-json\/wp\/v2\/tags?post=154575"}],"curies":[{"name":"wp","href":"https:\/\/api.w.org\/{rel}","templated":true}]}}