{"id":15473,"date":"2025-08-25T04:48:43","date_gmt":"2025-08-25T04:48:43","guid":{"rendered":"https:\/\/www.europesays.com\/fi\/15473\/"},"modified":"2025-08-25T04:48:43","modified_gmt":"2025-08-25T04:48:43","slug":"yle-luonnon-somenostot-luonto","status":"publish","type":"post","link":"https:\/\/www.europesays.com\/fi\/15473\/","title":{"rendered":"Yle Luonnon somenostot | Luonto"},"content":{"rendered":"<p>L\u00e4het\u00e4 luontohavainto<\/p>\n<p class=\"sc-jYczwO sc-ciCoXh bUKqJd cIOueB yle__article__paragraph\">Yle Luonto jakaa somessa upeita kuvia, videoita ja tarinoita Suomen luonnosta. Etsimme hienoja luontokokemuksia eri puolilta Suomea. <a class=\"sc-jDJeIs gotUgl yle__article__link\" href=\"https:\/\/yle.fi\/a\/20-205687\" role=\"link\" rel=\"nofollow noopener\" target=\"_blank\">L\u00e4het\u00e4 havaintosi<\/a> lomakkeella ja kysy Luontoillan asiantuntijoilta luonnosta. #luontoilta<\/p>\n<p>Tunnista lintuja ja lue niist\u00e4 runoja<\/p>\n<p class=\"sc-jYczwO sc-ciCoXh bUKqJd cIOueB yle__article__paragraph\">Lataa puhelimeesi <a class=\"sc-jDJeIs gotUgl yle__article__link\" href=\"https:\/\/yle.fi\/a\/74-20145536\" role=\"link\" rel=\"nofollow noopener\" target=\"_blank\">Muuttolintujen kev\u00e4t -sovellus<\/a> ja opi tunnistamaan lintuja niiden laulusta! Sovellus on Yle Luonnon ja Jyv\u00e4skyl\u00e4n yliopiston yhteisty\u00f6hanke. Uudessa versiossa on mukana peli lintujen opetteluun.<\/p>\n<p class=\"sc-jYczwO sc-ciCoXh bUKqJd cIOueB yle__article__paragraph\"><a class=\"sc-jDJeIs gotUgl yle__article__link\" href=\"https:\/\/yle.fi\/a\/74-20148875\" role=\"link\" rel=\"nofollow noopener\" target=\"_blank\">Sanoita linnunlaulu -runokilpailu<\/a> oli k\u00e4ynniss\u00e4 21.3. &#8211; 21.6.2025. Kirjoittamista inspiroi ja runoja tuomaroi kokonainen parvi lintu- ja runoihmisi\u00e4. Runoista julkaistaan verkkoon kokoelma elokuun lopussa. Voittajat julistetaan Suomen luonnon p\u00e4iv\u00e4n\u00e4 la 30.8.<\/p>\n<p class=\"sc-jYczwO sc-ciCoXh bUKqJd cIOueB yle__article__paragraph\">#muuttolintujenkev\u00e4t #sanoitalinnunlaulu<\/p>\n<p>L\u00f6yd\u00e4 sis\u00e4ll\u00f6t postaustemme takana<a href=\"https:\/\/yle.fi\/a\/74-20167921\" class=\"sc-lgxuYe kyZugG\" rel=\"nofollow noopener\" target=\"_blank\">11 h\u00e4mm\u00e4stytt\u00e4v\u00e4\u00e4 faktaa pikkuruisista t\u00f6yht\u00f6p\u00e4ist\u00e4 \u2013 testaa tietosi linnunpoikasista<\/a><\/p>\n<p>Julkaistu 17.6.2025<\/p>\n<p>17.6.<img decoding=\"async\" alt=\"Kanadanhanhen poikanen ruohikossa.\" src=\"https:\/\/www.europesays.com\/fi\/wp-content\/uploads\/2025\/08\/39-1481613684f9220d690c.jpeg\" class=\"sc-dntSTA iywpZY\"\/><a href=\"https:\/\/yle.fi\/a\/74-20071015\" class=\"sc-lgxuYe kyZugG\" rel=\"nofollow noopener\" target=\"_blank\">Peltsi suppaili Inarij\u00e4rvelt\u00e4 J\u00e4\u00e4merelle \u2013 katso vinkit vaellukselle<\/a><\/p>\n<p>Julkaistu 2024<\/p>\n<p>2024<img decoding=\"async\" alt=\"Mikko Peltola seisoo vaellusta varten lastatulla sup-laudalla Inarij\u00e4rvell\u00e4.\" src=\"https:\/\/www.europesays.com\/fi\/wp-content\/uploads\/2025\/08\/39-123254365b10c888a76f.jpeg\" class=\"sc-dntSTA iywpZY\"\/><a href=\"https:\/\/yle.fi\/a\/74-20148875\" class=\"sc-lgxuYe kyZugG\" rel=\"nofollow noopener\" target=\"_blank\">Sanoita linnunlaulu -runokilpailu on p\u00e4\u00e4ttynyt<\/a><\/p>\n<p>Julkaistu 21.3.2025<\/p>\n<p>21.3.<img decoding=\"async\" alt=\"Sanoita linnunlaulua -logo ja lintuja.\" src=\"https:\/\/www.europesays.com\/fi\/wp-content\/uploads\/2025\/08\/1756097322_224_39-143479567d1602f806fb.jpeg\" class=\"sc-dntSTA iywpZY\"\/><a href=\"https:\/\/yle.fi\/a\/74-20161516\" class=\"sc-lgxuYe kyZugG\" rel=\"nofollow noopener\" target=\"_blank\">T\u00e4m\u00e4 sinunkin pit\u00e4isi tiet\u00e4\u00e4 kimalaisista \u2013 testaa 10 yll\u00e4tt\u00e4v\u00e4\u00e4 faktaa kev\u00e4\u00e4n p\u00f6rri\u00e4isist\u00e4<\/a><\/p>\n<p>Julkaistu 20.5.2025<\/p>\n<p>20.5.<img decoding=\"async\" alt=\"Ukonhattukimalainen lennossa, kieli ulkona.\" src=\"https:\/\/www.europesays.com\/fi\/wp-content\/uploads\/2025\/08\/39-97631462bd6a9aceb1b.jpeg\" class=\"sc-dntSTA iywpZY\"\/><a href=\"https:\/\/yle.fi\/a\/74-20160082\" class=\"sc-lgxuYe kyZugG\" rel=\"nofollow noopener\" target=\"_blank\">Yll\u00e4tyssolisti kruunasi Linnunlaulujen aamun \u2013 suorassa l\u00e4hetyksess\u00e4 kuultiin pulloon puhaltelua ja kavion kopsetta<\/a><\/p>\n<p>Julkaistu 7.5.2025<\/p>\n<p>7.5.<img decoding=\"async\" alt=\"Linnunlaulujen aamu -l\u00e4hetyksen toimittajat retkituoleissa Lohjan Vaanilanlahdella.\" src=\"https:\/\/www.europesays.com\/fi\/wp-content\/uploads\/2025\/08\/39-1461245681b3355ac7eb.jpeg\" class=\"sc-dntSTA iywpZY\"\/><a href=\"https:\/\/yle.fi\/a\/74-20149322\" class=\"sc-lgxuYe kyZugG\" rel=\"nofollow noopener\" target=\"_blank\">Satelliittilokki Seela kalastelee jo kotivesill\u00e4 Kaskisissa \u2013 katso koko huikea 9 000 km muuttomatka kartalta<\/a><\/p>\n<p>Julkaistu 13.3.2025<\/p>\n<p>13.3.<img decoding=\"async\" alt=\"selk\u00e4lokkeja vesikivill\u00e4\" src=\"https:\/\/www.europesays.com\/fi\/wp-content\/uploads\/2025\/08\/17-562825757e2b3a075e.jpeg\" class=\"sc-dntSTA iywpZY\"\/><a href=\"https:\/\/yle.fi\/a\/74-20146333\" class=\"sc-lgxuYe kyZugG\" rel=\"nofollow noopener\" target=\"_blank\">Linnunlaulutesti \u2013 tunnistatko linnun sen \u00e4\u00e4nen perusteella<\/a><\/p>\n<p>Julkaistu 26.3.2025<\/p>\n<p>26.3.<img decoding=\"async\" alt=\"Punarinta varoittaa.\" src=\"https:\/\/www.europesays.com\/fi\/wp-content\/uploads\/2025\/08\/1756097323_448_17-6105757c6b0cdb74f1.jpeg\" class=\"sc-dntSTA iywpZY\"\/><\/p>\n","protected":false},"excerpt":{"rendered":"L\u00e4het\u00e4 luontohavainto Yle Luonto jakaa somessa upeita kuvia, videoita ja tarinoita Suomen luonnosta. Etsimme hienoja luontokokemuksia eri puolilta&hellip;\n","protected":false},"author":2,"featured_media":74,"comment_status":"","ping_status":"","sticky":false,"template":"","format":"standard","meta":{"footnotes":""},"categories":[117],"tags":[33,31,30,72,476,118,32,119,477],"class_list":{"0":"post-15473","1":"post","2":"type-post","3":"status-publish","4":"format-standard","5":"has-post-thumbnail","7":"category-luonto","8":"tag-fi","9":"tag-finland","10":"tag-finnish","11":"tag-luonto","12":"tag-nature","13":"tag-science","14":"tag-suomi","15":"tag-tiede","16":"tag-wildlife"},"share_on_mastodon":{"url":"","error":""},"_links":{"self":[{"href":"https:\/\/www.europesays.com\/fi\/wp-json\/wp\/v2\/posts\/15473","targetHints":{"allow":["GET"]}}],"collection":[{"href":"https:\/\/www.europesays.com\/fi\/wp-json\/wp\/v2\/posts"}],"about":[{"href":"https:\/\/www.europesays.com\/fi\/wp-json\/wp\/v2\/types\/post"}],"author":[{"embeddable":true,"href":"https:\/\/www.europesays.com\/fi\/wp-json\/wp\/v2\/users\/2"}],"replies":[{"embeddable":true,"href":"https:\/\/www.europesays.com\/fi\/wp-json\/wp\/v2\/comments?post=15473"}],"version-history":[{"count":0,"href":"https:\/\/www.europesays.com\/fi\/wp-json\/wp\/v2\/posts\/15473\/revisions"}],"wp:featuredmedia":[{"embeddable":true,"href":"https:\/\/www.europesays.com\/fi\/wp-json\/wp\/v2\/media\/74"}],"wp:attachment":[{"href":"https:\/\/www.europesays.com\/fi\/wp-json\/wp\/v2\/media?parent=15473"}],"wp:term":[{"taxonomy":"category","embeddable":true,"href":"https:\/\/www.europesays.com\/fi\/wp-json\/wp\/v2\/categories?post=15473"},{"taxonomy":"post_tag","embeddable":true,"href":"https:\/\/www.europesays.com\/fi\/wp-json\/wp\/v2\/tags?post=15473"}],"curies":[{"name":"wp","href":"https:\/\/api.w.org\/{rel}","templated":true}]}}