{"id":154779,"date":"2026-01-28T18:24:07","date_gmt":"2026-01-28T18:24:07","guid":{"rendered":"https:\/\/www.europesays.com\/fi\/154779\/"},"modified":"2026-01-28T18:24:07","modified_gmt":"2026-01-28T18:24:07","slug":"harrison-fordin-suosittu-komediasarja-uusittiin-neljas-kausi-on-nyt-varma","status":"publish","type":"post","link":"https:\/\/www.europesays.com\/fi\/154779\/","title":{"rendered":"Harrison Fordin suosittu komediasarja uusittiin \u2013\u00a0Nelj\u00e4s kausi on nyt varma"},"content":{"rendered":"<p>Apple TV Plus -suoratoistopalvelun suosittu komediasarja Shrinking jatkuu kolmannen kauden jaksoin.<\/p>\n<p><strong>Harrison Fordin <\/strong>ja<strong> Jason Segelin<\/strong> t\u00e4hditt\u00e4m\u00e4 sarja uusittiin kuitenkin nyt nelj\u00e4nnelle kaudelle. Shrinking kertoo terapeuteista, joilla on asiakkaiden lis\u00e4ksi tekemist\u00e4 my\u00f6s omien el\u00e4miens\u00e4 kanssa.<\/p>\n<p>Kolmannella kaudella mukaan saatiin my\u00f6s <strong>Michael J. Fox <\/strong>ja<strong> Jeff Daniels<\/strong>. Uutisesta kertoi <a href=\"https:\/\/variety.com\/2026\/tv\/news\/shrinking-renewed-season-4-apple-season-3-premiere-1236642609\/\" rel=\"nofollow noopener\" target=\"_blank\">Variety<\/a>.<\/p>\n<p><a href=\"https:\/\/www.episodi.fi\/?post_type=uutiset&amp;p=253158\" rel=\"nofollow noopener\" target=\"_blank\">Lue my\u00f6s: Nyt Apple TV:ss\u00e4: Harrison Fordin ja Jason Segelin mainio komediadraama jatkuu taas \u2013 mukana my\u00f6s Michael J. Fox<\/a><\/p>\n<p>Lue my\u00f6s: <a href=\"https:\/\/www.episodi.fi\/uutiskirje\/?uutiskirjemainos=tekstilinkkimainos\" title=\"Tilaa Episodin uutiskirje ja voit voittaa leffalippuja! Nappaa tv-vinkit suoraan s\u00e4hk\u00f6postiin t\u00e4st\u00e4.\" class=\"underline-custom !font-montserrat !font-bold !underline-offset-4 !decoration-4 !decoration-episodi-blue !text-md\" rel=\"nofollow noopener\" target=\"_blank\">Tilaa Episodin uutiskirje ja voit voittaa leffalippuja! Nappaa katseluvinkit suoraan s\u00e4hk\u00f6postiin t\u00e4st\u00e4.<\/a><\/p>\n","protected":false},"excerpt":{"rendered":"Apple TV Plus -suoratoistopalvelun suosittu komediasarja Shrinking jatkuu kolmannen kauden jaksoin. Harrison Fordin ja Jason Segelin t\u00e4hditt\u00e4m\u00e4 sarja&hellip;\n","protected":false},"author":2,"featured_media":154780,"comment_status":"","ping_status":"","sticky":false,"template":"","format":"standard","meta":{"footnotes":"","_share_on_mastodon":"0"},"categories":[133],"tags":[5406,137,33,31,30,6827,6302,15408,15334,32,206,156,109],"class_list":["post-154779","post","type-post","status-publish","format-standard","has-post-thumbnail","category-televisiot","tag-apple-tv-plus","tag-entertainment","tag-fi","tag-finland","tag-finnish","tag-harrison-ford","tag-ignostot","tag-jason-segel","tag-shrinking","tag-suomi","tag-televisiot","tag-tv","tag-viihde"],"share_on_mastodon":{"url":"https:\/\/pubeurope.com\/@fi\/115974128480848171","error":""},"_links":{"self":[{"href":"https:\/\/www.europesays.com\/fi\/wp-json\/wp\/v2\/posts\/154779","targetHints":{"allow":["GET"]}}],"collection":[{"href":"https:\/\/www.europesays.com\/fi\/wp-json\/wp\/v2\/posts"}],"about":[{"href":"https:\/\/www.europesays.com\/fi\/wp-json\/wp\/v2\/types\/post"}],"author":[{"embeddable":true,"href":"https:\/\/www.europesays.com\/fi\/wp-json\/wp\/v2\/users\/2"}],"replies":[{"embeddable":true,"href":"https:\/\/www.europesays.com\/fi\/wp-json\/wp\/v2\/comments?post=154779"}],"version-history":[{"count":0,"href":"https:\/\/www.europesays.com\/fi\/wp-json\/wp\/v2\/posts\/154779\/revisions"}],"wp:featuredmedia":[{"embeddable":true,"href":"https:\/\/www.europesays.com\/fi\/wp-json\/wp\/v2\/media\/154780"}],"wp:attachment":[{"href":"https:\/\/www.europesays.com\/fi\/wp-json\/wp\/v2\/media?parent=154779"}],"wp:term":[{"taxonomy":"category","embeddable":true,"href":"https:\/\/www.europesays.com\/fi\/wp-json\/wp\/v2\/categories?post=154779"},{"taxonomy":"post_tag","embeddable":true,"href":"https:\/\/www.europesays.com\/fi\/wp-json\/wp\/v2\/tags?post=154779"}],"curies":[{"name":"wp","href":"https:\/\/api.w.org\/{rel}","templated":true}]}}