{"id":15478,"date":"2025-08-25T05:03:08","date_gmt":"2025-08-25T05:03:08","guid":{"rendered":"https:\/\/www.europesays.com\/fi\/15478\/"},"modified":"2025-08-25T05:03:08","modified_gmt":"2025-08-25T05:03:08","slug":"pomppaa-irti-seinasta-nain-laineen-kasperi-heli-pukki-ja-visa-tuovinen-luonnehtivat-saipa-muraaleja-paikalliset","status":"publish","type":"post","link":"https:\/\/www.europesays.com\/fi\/15478\/","title":{"rendered":"&#8221;Pomppaa irti sein\u00e4st\u00e4&#8221; \u2013 N\u00e4in Laineen Kasperi, Heli Pukki ja Visa Tuovinen luonnehtivat SaiPa-muraaleja | Paikalliset"},"content":{"rendered":"<p>SaiPan menestyskautta juhlistavia sein\u00e4maalauksia voi \u00e4\u00e4nest\u00e4\u00e4 viel\u00e4 viikon. Etel\u00e4-Saimaa kysyi mielipiteit\u00e4 niist\u00e4 kolmelta paikalliselta kuvantekij\u00e4lt\u00e4.<\/p>\n<p>SaiPaa juhlistavien sein\u00e4maalausten \u00e4\u00e4nestysaikaa on viel\u00e4 t\u00e4m\u00e4 viikko. Syyskuun alussa selvi\u00e4\u00e4, mitk\u00e4 muraaliehdotukset jatkossa koristavat Karjalankulmaa keskustassa, Kaukaan Lylyn liikuntahallia Lauritsalassa ja S-markettia Sammonlahdessa.<\/p>\n<p>Kymment\u00e4 teosta yhdist\u00e4\u00e4 tasokkuus, arvioi kolmihenkinen kuvantekij\u00e4raati, jolta Etel\u00e4-Saimaa kysyi kommentteja t\u00f6ist\u00e4. Jokainen kommentoija my\u00f6s piti tavasta kunnioittaa paikallista menestyst\u00e4, josta kasvoi valtakunnallinen ilmi\u00f6.<\/p>\n<p>\t\t<a class=\"diks-gallery__link\" href=\"https:\/\/i.media.fi\/incoming\/962yry\/7076429.jpg\/alternates\/FREE_1440\/7076429.jpg\" data-thumbnail=\"\" data-sub-html=\"Laineen Kasperin suosikkiteoksia sis\u00e4ll\u00f6n perusteella ovat Hurmos ja Iltaj\u00e4\u00e4t, teknisen\u00e4 ideana r\u00e4pp\u00e4ri arvostaa Yhdell\u00e4 viivalla, yhdess\u00e4 -ehdotusta. Kuva toukokuulta 2021. Anu Kiljunen\" aria-label=\"Katso isompi kuva\" rel=\"nofollow noopener\" target=\"_blank\"><br \/>\n\t\t\t\t<img class=\"diks-figure__image\" src=\"https:\/\/www.europesays.com\/fi\/wp-content\/uploads\/2025\/08\/7076429.jpg\" loading=\"lazy\" decoding=\"sync\" alt=\"\"\/><br \/>\n\t\t\t<\/a><br \/>\n\t\t\t\t\tLaineen Kasperin suosikkiteoksia sis\u00e4ll\u00f6n perusteella ovat Hurmos ja Iltaj\u00e4\u00e4t, teknisen\u00e4 ideana r\u00e4pp\u00e4ri arvostaa Yhdell\u00e4 viivalla, yhdess\u00e4 -ehdotusta. Kuva toukokuulta 2021. Anu Kiljunen<\/p>\n<p>\t\t\t\tLaineen Kasperi: Onko se liiankin tunteellinen?&#8221;<\/p>\n","protected":false},"excerpt":{"rendered":"SaiPan menestyskautta juhlistavia sein\u00e4maalauksia voi \u00e4\u00e4nest\u00e4\u00e4 viel\u00e4 viikon. Etel\u00e4-Saimaa kysyi mielipiteit\u00e4 niist\u00e4 kolmelta paikalliselta kuvantekij\u00e4lt\u00e4. SaiPaa juhlistavien sein\u00e4maalausten&hellip;\n","protected":false},"author":2,"featured_media":15479,"comment_status":"","ping_status":"","sticky":false,"template":"","format":"standard","meta":{"footnotes":""},"categories":[132],"tags":[137,6034,33,31,30,1143,108,3667,4508,1446,41,195,47,32,109],"class_list":{"0":"post-15478","1":"post","2":"type-post","3":"status-publish","4":"format-standard","5":"has-post-thumbnail","7":"category-musiikki","8":"tag-entertainment","9":"tag-es-lappeenranta","10":"tag-fi","11":"tag-finland","12":"tag-finnish","13":"tag-jaakiekko","14":"tag-kulttuuri","15":"tag-lappee","16":"tag-lappeenrannan-seutukunta","17":"tag-lappeenranta","18":"tag-liikunta-ja-urheilu","19":"tag-music","20":"tag-musiikki","21":"tag-suomi","22":"tag-viihde"},"share_on_mastodon":{"url":"","error":""},"_links":{"self":[{"href":"https:\/\/www.europesays.com\/fi\/wp-json\/wp\/v2\/posts\/15478","targetHints":{"allow":["GET"]}}],"collection":[{"href":"https:\/\/www.europesays.com\/fi\/wp-json\/wp\/v2\/posts"}],"about":[{"href":"https:\/\/www.europesays.com\/fi\/wp-json\/wp\/v2\/types\/post"}],"author":[{"embeddable":true,"href":"https:\/\/www.europesays.com\/fi\/wp-json\/wp\/v2\/users\/2"}],"replies":[{"embeddable":true,"href":"https:\/\/www.europesays.com\/fi\/wp-json\/wp\/v2\/comments?post=15478"}],"version-history":[{"count":0,"href":"https:\/\/www.europesays.com\/fi\/wp-json\/wp\/v2\/posts\/15478\/revisions"}],"wp:featuredmedia":[{"embeddable":true,"href":"https:\/\/www.europesays.com\/fi\/wp-json\/wp\/v2\/media\/15479"}],"wp:attachment":[{"href":"https:\/\/www.europesays.com\/fi\/wp-json\/wp\/v2\/media?parent=15478"}],"wp:term":[{"taxonomy":"category","embeddable":true,"href":"https:\/\/www.europesays.com\/fi\/wp-json\/wp\/v2\/categories?post=15478"},{"taxonomy":"post_tag","embeddable":true,"href":"https:\/\/www.europesays.com\/fi\/wp-json\/wp\/v2\/tags?post=15478"}],"curies":[{"name":"wp","href":"https:\/\/api.w.org\/{rel}","templated":true}]}}