{"id":15492,"date":"2025-08-25T05:25:07","date_gmt":"2025-08-25T05:25:07","guid":{"rendered":"https:\/\/www.europesays.com\/fi\/15492\/"},"modified":"2025-08-25T05:25:07","modified_gmt":"2025-08-25T05:25:07","slug":"ohhoh-erikoisjoukot-kouluttaja-viihtyi-tis-kaunottarien-seurassa-seiska-fi","status":"publish","type":"post","link":"https:\/\/www.europesays.com\/fi\/15492\/","title":{"rendered":"Ohhoh! Erikoisjoukot-kouluttaja viihtyi TIS-kaunottarien seurassa &#8211; Seiska.fi"},"content":{"rendered":"<ol>\n<li><a href=\"https:\/\/news.google.com\/rss\/articles\/CBMipAFBVV95cUxORnpwd3VfbVlaOXBFYi1JN1VYdkVjaDUzLWd2a2tVcVYzWi1oVlUwejF2MzRrNVF6NVZ1V2FfeXA4eTZIbG9iaDlPaGVUVzRjZnk3cXBwZV95bDZOQ0pmQ3lEQXZrbzVlMDhraFpPMFdBaXBxV0lwUl9NUUhqSHJWME15Qlh4SENhY0lpZ1FjdkxzWjF1TGtnNFc5RjZXVTl1cThGYg?oc=5\" target=\"_blank\" rel=\"nofollow noopener\">Ohhoh! Erikoisjoukot-kouluttaja viihtyi TIS-kaunottarien seurassa<\/a>&nbsp;&nbsp;Seiska.fi<\/li>\n<li><a href=\"https:\/\/news.google.com\/rss\/articles\/CBMiVkFVX3lxTE84MXBxTzJQLVFvX2Y1QVdyWl8tb0ZlS2RrbDNxUktYM2NkYnpMbnhiS2xSNnhGZnF6Sm9IWTRsY05wb1ozUHBVcVROOW5mbkptWllIZmN3?oc=5\" target=\"_blank\" rel=\"nofollow noopener\">Kotkalainen Nikita Nystedt ottelee lauantaina kotiyleis\u00f6n edess\u00e4 \u2013 &#8221;Rakastan nyrkkeily\u00e4, ja se on mielest\u00e4ni taidetta&#8221;<\/a>&nbsp;&nbsp;Kymen Sanomat<\/li>\n<li><a href=\"https:\/\/news.google.com\/rss\/articles\/CBMiQkFVX3lxTFBzYWEzVy15RXhVMy1EYlBTYS1XM3pyV2pwWUFwd2NpUFdFSWFfdGZ6elVyTHV5bmVtTWpBZkhWRnlxUQ?oc=5\" target=\"_blank\" rel=\"nofollow noopener\">Nyrkkeilypromoottori ja Kotkan Satama-areena sopuun hinnasta \u2013 nyrkkeilyottelu j\u00e4rjestet\u00e4\u00e4n sittenkin sis\u00e4tiloissa<\/a>&nbsp;&nbsp;Yle<\/li>\n<li><a href=\"https:\/\/news.google.com\/rss\/articles\/CBMiQkFVX3lxTE1rM3Y3ajFTN2UzSGN4UkloZlQ2OFpMZ2pOa29QT19tUzdFeGFmcEZwS2hmdFZocnc2MkxRLUFtS0lzZw?oc=5\" target=\"_blank\" rel=\"nofollow noopener\">Entinen ammattisotilas Matias Pet\u00e4ist\u00f6 ryhtyi nyrkkeilylupauksen manageriksi \u2013 j\u00e4rjest\u00e4\u00e4 nyt otteluillan Kotkassa<\/a>&nbsp;&nbsp;Yle<\/li>\n<li><a href=\"https:\/\/news.google.com\/rss\/articles\/CBMiVkFVX3lxTE1GWi0tRldSNUpzWXVTRWxYMFViRk9kQUhyS2NjazhLMlNFV0JnY2FUOTNqS0VlN19TUE80and1ZVozS3NzVHIwUV9lOGJLSEE3VE1PTFhB?oc=5\" target=\"_blank\" rel=\"nofollow noopener\">Kotkan Satama-areena t\u00e4yttyy lauantaina ammattilaisnyrkkeilyst\u00e4 \u2013 Tapahtuma siirrettiin viime hetkill\u00e4 sis\u00e4tiloihin<\/a>&nbsp;&nbsp;Kymen Sanomat<\/li>\n<\/ol>\n","protected":false},"excerpt":{"rendered":"Ohhoh! Erikoisjoukot-kouluttaja viihtyi TIS-kaunottarien seurassa&nbsp;&nbsp;Seiska.fi Kotkalainen Nikita Nystedt ottelee lauantaina kotiyleis\u00f6n edess\u00e4 \u2013 &#8221;Rakastan nyrkkeily\u00e4, ja se on&hellip;\n","protected":false},"author":2,"featured_media":15493,"comment_status":"","ping_status":"","sticky":false,"template":"","format":"standard","meta":{"footnotes":""},"categories":[136],"tags":[407,137,33,31,30,6039,408,465,2156,3270,6037,32,1667,2929,6036,6035,6038,160,109,1083],"class_list":{"0":"post-15492","1":"post","2":"type-post","3":"status-publish","4":"format-standard","5":"has-post-thumbnail","7":"category-julkkikset","8":"tag-celebrities","9":"tag-entertainment","10":"tag-fi","11":"tag-finland","12":"tag-finnish","13":"tag-isabell-jansson","14":"tag-julkkikset","15":"tag-kotka","16":"tag-matias-petaisto","17":"tag-nyrkkeily","18":"tag-nyrkkeilyottelu","19":"tag-suomi","20":"tag-tapahtumat","21":"tag-temptation-island-suomi","22":"tag-tis-isabell","23":"tag-tis-tuuli","24":"tag-tuuli-lehtonen","25":"tag-urheilu","26":"tag-viihde","27":"tag-yhteiskuva"},"share_on_mastodon":{"url":"","error":""},"_links":{"self":[{"href":"https:\/\/www.europesays.com\/fi\/wp-json\/wp\/v2\/posts\/15492","targetHints":{"allow":["GET"]}}],"collection":[{"href":"https:\/\/www.europesays.com\/fi\/wp-json\/wp\/v2\/posts"}],"about":[{"href":"https:\/\/www.europesays.com\/fi\/wp-json\/wp\/v2\/types\/post"}],"author":[{"embeddable":true,"href":"https:\/\/www.europesays.com\/fi\/wp-json\/wp\/v2\/users\/2"}],"replies":[{"embeddable":true,"href":"https:\/\/www.europesays.com\/fi\/wp-json\/wp\/v2\/comments?post=15492"}],"version-history":[{"count":0,"href":"https:\/\/www.europesays.com\/fi\/wp-json\/wp\/v2\/posts\/15492\/revisions"}],"wp:featuredmedia":[{"embeddable":true,"href":"https:\/\/www.europesays.com\/fi\/wp-json\/wp\/v2\/media\/15493"}],"wp:attachment":[{"href":"https:\/\/www.europesays.com\/fi\/wp-json\/wp\/v2\/media?parent=15492"}],"wp:term":[{"taxonomy":"category","embeddable":true,"href":"https:\/\/www.europesays.com\/fi\/wp-json\/wp\/v2\/categories?post=15492"},{"taxonomy":"post_tag","embeddable":true,"href":"https:\/\/www.europesays.com\/fi\/wp-json\/wp\/v2\/tags?post=15492"}],"curies":[{"name":"wp","href":"https:\/\/api.w.org\/{rel}","templated":true}]}}