{"id":15494,"date":"2025-08-25T05:28:09","date_gmt":"2025-08-25T05:28:09","guid":{"rendered":"https:\/\/www.europesays.com\/fi\/15494\/"},"modified":"2025-08-25T05:28:09","modified_gmt":"2025-08-25T05:28:09","slug":"anna-maija-tuokko-muistelee-ttk-aikaansa-sai-ohjelmasta-erityistaidon-se-ei-lahde-minusta-pois-ikina","status":"publish","type":"post","link":"https:\/\/www.europesays.com\/fi\/15494\/","title":{"rendered":"Anna-Maija Tuokko muistelee TTK-aikaansa \u2013 sai ohjelmasta erityistaidon \u201dSe ei l\u00e4hde minusta pois ikin\u00e4\u201d"},"content":{"rendered":"<p>N\u00e4yttelij\u00e4 Anna-Maija Tuokko t\u00e4hditt\u00e4\u00e4 tv-ohjelman lis\u00e4ksi my\u00f6s musikaalia. T\u00e4hti kertoi urakuulumisistaan Huomenta Suomessa.\u00a0<\/p>\n<p>Monipuolinen n\u00e4yttelij\u00e4 <a class=\"underline\" data-testid=\"internal-link\" role=\"link\" data-sentry-element=\"Link\" data-sentry-component=\"InternalLink\" data-sentry-source-file=\"InternalLink.tsx\" href=\"https:\/\/www.mtvuutiset.fi\/aihe\/anna-maija-tuokko\/7175762\" rel=\"nofollow noopener\" target=\"_blank\"><strong class=\"typography-bold\">Anna-Maija Tuokko<\/strong><\/a> n\u00e4hd\u00e4\u00e4n j\u00e4lleen tutussa Mette-roolissa <a class=\"underline\" data-testid=\"internal-link\" role=\"link\" data-sentry-element=\"Link\" data-sentry-component=\"InternalLink\" data-sentry-source-file=\"InternalLink.tsx\" href=\"https:\/\/www.mtvuutiset.fi\/aihe\/onnela\/7666666\" rel=\"nofollow noopener\" target=\"_blank\">Onnelan<\/a> kuudennella tuotantokaudella.\u00a0<\/p>\n<p>Mette-hahmo tykk\u00e4\u00e4 pit\u00e4\u00e4 kulissit kunnossa ja pukeutuu aina viimeisen p\u00e4\u00e4lle. Tuokko kertoo samaistuvansa roolihahmoonsa osittain.\u00a0<\/p>\n<p>\u2013 Rakastan vaatteita ja pukeutumista, mutta minulle ei ole my\u00f6sk\u00e4\u00e4n ongelma l\u00e4hte\u00e4 pyjamahousut jalassa kauppaan. Mettelle se voisi olla, Tuokko kuvailee rooliaan.<\/p>\n<p>Onnelan kuudes kausi n\u00e4hd\u00e4\u00e4n my\u00f6hemmin syksyll\u00e4 MTV Katsomossa ja MTV3-kanavalla. Uusi kausi jatkaa yht\u00e4 hervottoman humoristisella linjalla kuin edelt\u00e4j\u00e4ns\u00e4kin. Porvoon Poutaniemess\u00e4 teeskennell\u00e4\u00e4n hampaat irvess\u00e4, ett\u00e4 kaikki on hyvin, vaikka idyllisen perhe-el\u00e4m\u00e4n taakse k\u00e4tkeytyy mehukas ihmissuhdev\u00e4\u00e4nt\u00f6.<\/p>\n<p>Tuokko kertoo p\u00e4\u00e4sev\u00e4n\u00e4 helposti takaisin roolin sis\u00e4lle pitk\u00e4nkin tauon j\u00e4lkeen.\u00a0<\/p>\n<p>\u2013 Ne hahmot sielt\u00e4 aina syttyy, vaikka olisi ollut muutamia vuosia taukoa kuvauksista.<\/p>\n<p>Onnelan lis\u00e4ksi Tuokko t\u00e4hditt\u00e4\u00e4 Turun kaupunginteatterissa n\u00e4ht\u00e4v\u00e4\u00e4 <strong class=\"typography-bold\">Addams Family-<\/strong>musikaalia, jossa h\u00e4n esitt\u00e4\u00e4 perheen \u00e4iti\u00e4 Morticia Addamsia.\u00a0<\/p>\n<p>Lue my\u00f6s:<a class=\"underline\" data-testid=\"internal-link\" role=\"link\" data-sentry-element=\"Link\" data-sentry-component=\"InternalLink\" data-sentry-source-file=\"InternalLink.tsx\" href=\"https:\/\/www.mtvuutiset.fi\/artikkeli\/anna-maija-tuokko-paljastaa-mika-sanna-marinissa-kiehtoo-nayttelija-esittaa-entista-paaministeria-audiodraamassa\/9016498\" rel=\"nofollow noopener\" target=\"_blank\">Anna-Maija Tuokko paljastaa, mik\u00e4 Sanna Marinissa kiehtoo \u2013 t\u00e4lt\u00e4 n\u00e4yttelij\u00e4 kuulostaa entisen\u00e4 p\u00e4\u00e4ministerin\u00e4<\/a><\/p>\n<p>Musikaalissa on vaativia tanssikohtauksia, jotka n\u00e4yttelij\u00e4 my\u00f6s taitaa, sill\u00e4 h\u00e4nell\u00e4 on taskussaan vuoden 2017 <a class=\"underline\" data-testid=\"internal-link\" role=\"link\" data-sentry-element=\"Link\" data-sentry-component=\"InternalLink\" data-sentry-source-file=\"InternalLink.tsx\" href=\"https:\/\/www.mtvuutiset.fi\/aihe\/tanssii-tahtien-kanssa\/2839810\" rel=\"nofollow noopener\" target=\"_blank\">Tanssii T\u00e4htien Kanssa<\/a> -ohjelman voitto yhdess\u00e4 tanssinopettaja <strong class=\"typography-bold\">Matti Puron<\/strong> kanssa.\u00a0<\/p>\n<p>\u2013 Meill\u00e4 on siin\u00e4 esityksess\u00e4 hieno tanssinumero, niin se tanssiasento tulee sielt\u00e4 TTK-ajoilta saman tien. Se on iskostettu sielt\u00e4 ajoilta. Se ei l\u00e4hde minusta pois ikin\u00e4.\u00a0<\/p>\n<p>Katso koko haastattelu videolta!<\/p>\n","protected":false},"excerpt":{"rendered":"N\u00e4yttelij\u00e4 Anna-Maija Tuokko t\u00e4hditt\u00e4\u00e4 tv-ohjelman lis\u00e4ksi my\u00f6s musikaalia. T\u00e4hti kertoi urakuulumisistaan Huomenta Suomessa.\u00a0 Monipuolinen n\u00e4yttelij\u00e4 Anna-Maija Tuokko n\u00e4hd\u00e4\u00e4n&hellip;\n","protected":false},"author":2,"featured_media":15495,"comment_status":"","ping_status":"","sticky":false,"template":"","format":"standard","meta":{"footnotes":""},"categories":[133],"tags":[137,33,31,30,32,206,156,109],"class_list":{"0":"post-15494","1":"post","2":"type-post","3":"status-publish","4":"format-standard","5":"has-post-thumbnail","7":"category-televisiot","8":"tag-entertainment","9":"tag-fi","10":"tag-finland","11":"tag-finnish","12":"tag-suomi","13":"tag-televisiot","14":"tag-tv","15":"tag-viihde"},"share_on_mastodon":{"url":"","error":""},"_links":{"self":[{"href":"https:\/\/www.europesays.com\/fi\/wp-json\/wp\/v2\/posts\/15494","targetHints":{"allow":["GET"]}}],"collection":[{"href":"https:\/\/www.europesays.com\/fi\/wp-json\/wp\/v2\/posts"}],"about":[{"href":"https:\/\/www.europesays.com\/fi\/wp-json\/wp\/v2\/types\/post"}],"author":[{"embeddable":true,"href":"https:\/\/www.europesays.com\/fi\/wp-json\/wp\/v2\/users\/2"}],"replies":[{"embeddable":true,"href":"https:\/\/www.europesays.com\/fi\/wp-json\/wp\/v2\/comments?post=15494"}],"version-history":[{"count":0,"href":"https:\/\/www.europesays.com\/fi\/wp-json\/wp\/v2\/posts\/15494\/revisions"}],"wp:featuredmedia":[{"embeddable":true,"href":"https:\/\/www.europesays.com\/fi\/wp-json\/wp\/v2\/media\/15495"}],"wp:attachment":[{"href":"https:\/\/www.europesays.com\/fi\/wp-json\/wp\/v2\/media?parent=15494"}],"wp:term":[{"taxonomy":"category","embeddable":true,"href":"https:\/\/www.europesays.com\/fi\/wp-json\/wp\/v2\/categories?post=15494"},{"taxonomy":"post_tag","embeddable":true,"href":"https:\/\/www.europesays.com\/fi\/wp-json\/wp\/v2\/tags?post=15494"}],"curies":[{"name":"wp","href":"https:\/\/api.w.org\/{rel}","templated":true}]}}