{"id":15508,"date":"2025-08-25T05:43:08","date_gmt":"2025-08-25T05:43:08","guid":{"rendered":"https:\/\/www.europesays.com\/fi\/15508\/"},"modified":"2025-08-25T05:43:08","modified_gmt":"2025-08-25T05:43:08","slug":"elon-muskin-jattiyritykselle-takaisku-ilta-sanomat","status":"publish","type":"post","link":"https:\/\/www.europesays.com\/fi\/15508\/","title":{"rendered":"Elon Muskin j\u00e4ttiyritykselle takaisku &#8211; Ilta-Sanomat"},"content":{"rendered":"<p>SpaceX ilmoitti takaiskusta vain vartti ennen h-hetke\u00e4.<\/p>\n<p class=\"article-body margin-bottom-24 padding-x-16\">Avaruusyhti\u00f6 SpaceX on perunut Starship-avaruusaluksensa koelaukaisun. Starshipin j\u00e4rjestyksess\u00e4\u00e4n kymmenes koelaukaisu oli m\u00e4\u00e4r\u00e4 tehd\u00e4 paikallista aikaa sunnuntaina alkuillasta.<\/p>\n<p class=\"article-body margin-bottom-24 padding-x-16\">SpaceX ilmoitti vain noin 15 minuuttia ennen h-hetke\u00e4, ett\u00e4 laukaisu on peruttu. Yhti\u00f6 sanoi, ett\u00e4 se tarvitsee aikaa maaj\u00e4rjestelmiss\u00e4 havaittujen ongelmien ratkaisemiseen.<\/p>\n<p class=\"article-body margin-bottom-24 padding-x-16\">Miljard\u00f6\u00f6ri <a class=\"article-personlink\" href=\"https:\/\/www.is.fi\/haku\/?query=Elon%20Muskin\" rel=\"nofollow noopener\" target=\"_blank\">Elon Muskin<\/a> SpaceX on kohdannut viime aikoina useita takaiskuja. Starshipin kaikki kolme t\u00e4n\u00e4 vuonna j\u00e4rjestetty\u00e4 koelentoa ovat p\u00e4\u00e4ttyneet raketin ylemm\u00e4n vaiheen tuhoutumiseen.<\/p>\n","protected":false},"excerpt":{"rendered":"SpaceX ilmoitti takaiskusta vain vartti ennen h-hetke\u00e4. Avaruusyhti\u00f6 SpaceX on perunut Starship-avaruusaluksensa koelaukaisun. Starshipin j\u00e4rjestyksess\u00e4\u00e4n kymmenes koelaukaisu oli&hellip;\n","protected":false},"author":2,"featured_media":15509,"comment_status":"","ping_status":"","sticky":false,"template":"","format":"standard","meta":{"footnotes":""},"categories":[114],"tags":[453,33,31,30,34,118,452,32,119],"class_list":{"0":"post-15508","1":"post","2":"type-post","3":"status-publish","4":"format-standard","5":"has-post-thumbnail","7":"category-avaruus","8":"tag-avaruus","9":"tag-fi","10":"tag-finland","11":"tag-finnish","12":"tag-ilta-sanomat","13":"tag-science","14":"tag-space","15":"tag-suomi","16":"tag-tiede"},"share_on_mastodon":{"url":"","error":""},"_links":{"self":[{"href":"https:\/\/www.europesays.com\/fi\/wp-json\/wp\/v2\/posts\/15508","targetHints":{"allow":["GET"]}}],"collection":[{"href":"https:\/\/www.europesays.com\/fi\/wp-json\/wp\/v2\/posts"}],"about":[{"href":"https:\/\/www.europesays.com\/fi\/wp-json\/wp\/v2\/types\/post"}],"author":[{"embeddable":true,"href":"https:\/\/www.europesays.com\/fi\/wp-json\/wp\/v2\/users\/2"}],"replies":[{"embeddable":true,"href":"https:\/\/www.europesays.com\/fi\/wp-json\/wp\/v2\/comments?post=15508"}],"version-history":[{"count":0,"href":"https:\/\/www.europesays.com\/fi\/wp-json\/wp\/v2\/posts\/15508\/revisions"}],"wp:featuredmedia":[{"embeddable":true,"href":"https:\/\/www.europesays.com\/fi\/wp-json\/wp\/v2\/media\/15509"}],"wp:attachment":[{"href":"https:\/\/www.europesays.com\/fi\/wp-json\/wp\/v2\/media?parent=15508"}],"wp:term":[{"taxonomy":"category","embeddable":true,"href":"https:\/\/www.europesays.com\/fi\/wp-json\/wp\/v2\/categories?post=15508"},{"taxonomy":"post_tag","embeddable":true,"href":"https:\/\/www.europesays.com\/fi\/wp-json\/wp\/v2\/tags?post=15508"}],"curies":[{"name":"wp","href":"https:\/\/api.w.org\/{rel}","templated":true}]}}