{"id":1552,"date":"2025-08-11T14:38:25","date_gmt":"2025-08-11T14:38:25","guid":{"rendered":"https:\/\/www.europesays.com\/fi\/1552\/"},"modified":"2025-08-11T14:38:25","modified_gmt":"2025-08-11T14:38:25","slug":"vr-ar-industrial-coalition-tarkeimmat-eun-virtuaalitodellisuus-ja-konfiguraatioteollisuuden-kohtaamat-haasteet-ja-mahdollisuudet","status":"publish","type":"post","link":"https:\/\/www.europesays.com\/fi\/1552\/","title":{"rendered":"VR\/AR Industrial Coalition: T\u00e4rkeimm\u00e4t EU:n virtuaalitodellisuus- ja konfiguraatioteollisuuden kohtaamat haasteet ja mahdollisuudet"},"content":{"rendered":"<p class=\"ecl-page-header-standardised__description\">Virtuaalitodellisuuden ja t\u00e4ydennetyn todellisuuden teollisen koalition (VR\/AR) teollinen koalitio j\u00e4rjesti ensimm\u00e4isen ty\u00f6pajan, jossa k\u00e4siteltiin eurooppalaisen todellisuus- ja todellisuusalan ja ekosysteemin haasteita ja mahdollisuuksia.<\/p>\n<p>Kuten komission media- <a href=\"https:\/\/digital-strategy.ec.europa.eu\/en\/policies\/media-and-audiovisual-action-plan\" rel=\"nofollow noopener\" target=\"_blank\">ja audiovisuaalialan toimintasuunnitelmassa ilmoitettiin,<\/a> virtuaalitodellisuuden ja laajennetun todellisuuden koalitio (VR\/AR) j\u00e4rjest\u00e4\u00e4 sidosryhmien kanssa ty\u00f6pajoja marraskuusta 2021 helmikuuhun 2022.<\/p>\n<p><img loading=\"lazy\" decoding=\"async\" src=\"https:\/\/www.europesays.com\/fi\/wp-content\/uploads\/2025\/08\/Visual_report__1st_workshop_002_2KuQRYaFbQoWjYrCbWnn2G5mN8_82862.png\" alt=\"17 osallistujaa virtuaalitodellisuus- ja konfiguraatioteollisuuden eri sektoreilta ja arvoketjun osista kokoontui keskustelemaan eurooppalaisen todellisuus- ja todellisuusmallin teollisuuden ja ekosysteemin suurimmista haasteista ja mahdollisuuksista. Kokouksessa keskusteltiin yli 50 teknologisesta, sosiaalisesta, oikeudellisesta, taloudellisesta ja liiketoiminnallisesta haasteesta ja tilaisuudesta. Seuraavat haasteet ja mahdollisuudet olivat yleisimpi\u00e4: Yhteisty\u00f6 ja hajanaisuuteen puuttuminen Vahvistettu yhteisty\u00f6 koko arvoketjussa voisi tukea yhteentoimivien ratkaisujen kehitt\u00e4mist\u00e4 ja k\u00e4ytt\u00f6\u00f6nottoa EU:ssa #Technological #Business EU:n teollisuuden suvereniteettiin. Lis\u00e4tyt teknologiset kehitysvalmiudet varmistettaisiin oikeudenmukainen p\u00e4\u00e4sy korkealaatuisiin laitteistoihin, ohjelmistoihin ja sis\u00e4lt\u00f6ihin #Business #Technological Valmiudet p\u00e4\u00e4st\u00e4 virtuaalimaailman aikakauteen A hyvin valmisteltu VR\/AR-sektori, jolla on p\u00e4\u00e4sy vahvaan infrastruktuuriin ja jota tuetaan asianmukaisilla oikeudellisilla puitteilla, edist\u00e4isi avointa, esteet\u00f6nt\u00e4 ja eettist\u00e4 virtuaalimaailmaa ja v\u00e4hent\u00e4isi oikeudellista ep\u00e4varmuutta #Legal #Business Teknologisen saavutettavuuden TSBF:n parannettu infrastruktuuri voisi parantaa VR\/AR-laitteiden, -ohjelmistojen ja -teknologioiden saatavuutta ja helpottaisi niiden k\u00e4yt\u00f6n lis\u00e4\u00e4mist\u00e4. #Technological #Social #Business #Financial eritt\u00e4in ammattitaitoiset EU:n lahjakkuudet \u2013 Ty\u00f6voiman, jolla on oikeanlaiset tekniset, luovat ja liiketoimintataidot, edist\u00e4minen sek\u00e4 kykyjen luominen ja sovittaminen yhteen oikeiden mahdollisuuksien kanssa EU:n virtuaalitodellisuus- ja konfiguraatioteollisuudessa voisivat ruokkia nopeasti kasvavaa alaa. #Social #Technological digitaalinen lukutaito ja tietoisuus. VR\/AR-ratkaisujen k\u00e4ytt\u00f6\u00f6noton vauhdittamiseksi tarvitaan markkinoita digitaalisille k\u00e4ytt\u00e4jille, jotka ovat tietoisia VR\/AR-teknologioihin liittyvist\u00e4 mahdollisista hy\u00f6dyist\u00e4 ja riskeist\u00e4. #Social #Business eettinen, kest\u00e4v\u00e4 ja osallistava VR\/AR-ratkaisujen kehitt\u00e4minen eettisell\u00e4, kest\u00e4v\u00e4ll\u00e4 ja osallistavalla tavalla vastaisi k\u00e4ytt\u00e4jien tarpeita, jotka ovat hyvin tietoisia heid\u00e4n digitaalisista oikeuksistaan, ja tuskaisi sosiaalista etua. #Legal #Social Mahdollisuus yhteiskunnalliseen muutokseen hy\u00f6dynt\u00e4m\u00e4ll\u00e4 todellisuus- ja todellisuus- ja todellisuusteknologian tarjoamia mahdollisuuksia tarinankerronnan, mainonnan ja koulutuksen avulla voi auttaa vastaamaan kiireellisiin sosiaalisiin haasteisiin. #Financial #Legal #Business Innovaatiotuki Tailoroiduilla tukirakenteilla ja rahoitusj\u00e4rjestelmill\u00e4 voitaisiin tukea innovointia ja edist\u00e4\u00e4 menestyksekk\u00e4iden EU:n VR\/AR-up- ja scale-up-yritysten kehitt\u00e4mist\u00e4. #Business #Social\" width=\"1654\" height=\"2339\"\/><\/p>\n<p>Ensimm\u00e4iseen ty\u00f6pajaan osallistui 17 osallistujaa todellisuus- ja todellisuusvarmennusteollisuuden eri sektoreilta ja arvoketjun osista keskustelemaan eurooppalaisen todellisuus- ja todellisuusmallin teollisuuden ja ekosysteemin suurimmista haasteista ja mahdollisuuksista. Kokouksessa keskusteltiin yli 50:st\u00e4 teknologisesta, sosiaalisesta, oikeudellisesta, taloudellisesta ja liiketoiminnallisesta haasteesta ja tilaisuudesta.<\/p>\n<p>Lue lis\u00e4\u00e4 VR\/AR Industrial Coalition -ryhm\u00e4st\u00e4 ja sen j\u00e4lkeisist\u00e4 seminaareista ja raportoi <a href=\"https:\/\/digital-strategy.ec.europa.eu\/en\/policies\/virtual-and-augmented-reality-coalition\" rel=\"nofollow noopener\" target=\"_blank\">asiaa k\u00e4sittelev\u00e4lt\u00e4 sivultamme<\/a>.<\/p>\n<p>Ladattava aineisto<\/p>\n<p>Visual report &#8211; 1st workshop (pdf)<\/p>\n<p>    <a download=\"\" href=\"https:\/\/ec.europa.eu\/newsroom\/dae\/redirection\/document\/82861\" class=\"ecl-u-mt-xl ecl-file__download ecl-link ecl-link--standalone ecl-link--icon ecl-link--icon-after\" rel=\"nofollow noopener\" target=\"_blank\"><br \/>\n      Lataa\u00a0<br \/>\n          <\/a><\/p>\n","protected":false},"excerpt":{"rendered":"Virtuaalitodellisuuden ja t\u00e4ydennetyn todellisuuden teollisen koalition (VR\/AR) teollinen koalitio j\u00e4rjesti ensimm\u00e4isen ty\u00f6pajan, jossa k\u00e4siteltiin eurooppalaisen todellisuus- ja todellisuusalan&hellip;\n","protected":false},"author":2,"featured_media":1553,"comment_status":"","ping_status":"","sticky":false,"template":"","format":"standard","meta":{"footnotes":""},"categories":[88],"tags":[33,31,30,32,91,92,424,422,423],"class_list":{"0":"post-1552","1":"post","2":"type-post","3":"status-publish","4":"format-standard","5":"has-post-thumbnail","7":"category-virtuaalitodellisuus","8":"tag-fi","9":"tag-finland","10":"tag-finnish","11":"tag-suomi","12":"tag-technology","13":"tag-teknologia","14":"tag-virtuaalitodellisuus","15":"tag-virtual-reality","16":"tag-vr"},"share_on_mastodon":{"url":"","error":""},"_links":{"self":[{"href":"https:\/\/www.europesays.com\/fi\/wp-json\/wp\/v2\/posts\/1552","targetHints":{"allow":["GET"]}}],"collection":[{"href":"https:\/\/www.europesays.com\/fi\/wp-json\/wp\/v2\/posts"}],"about":[{"href":"https:\/\/www.europesays.com\/fi\/wp-json\/wp\/v2\/types\/post"}],"author":[{"embeddable":true,"href":"https:\/\/www.europesays.com\/fi\/wp-json\/wp\/v2\/users\/2"}],"replies":[{"embeddable":true,"href":"https:\/\/www.europesays.com\/fi\/wp-json\/wp\/v2\/comments?post=1552"}],"version-history":[{"count":0,"href":"https:\/\/www.europesays.com\/fi\/wp-json\/wp\/v2\/posts\/1552\/revisions"}],"wp:featuredmedia":[{"embeddable":true,"href":"https:\/\/www.europesays.com\/fi\/wp-json\/wp\/v2\/media\/1553"}],"wp:attachment":[{"href":"https:\/\/www.europesays.com\/fi\/wp-json\/wp\/v2\/media?parent=1552"}],"wp:term":[{"taxonomy":"category","embeddable":true,"href":"https:\/\/www.europesays.com\/fi\/wp-json\/wp\/v2\/categories?post=1552"},{"taxonomy":"post_tag","embeddable":true,"href":"https:\/\/www.europesays.com\/fi\/wp-json\/wp\/v2\/tags?post=1552"}],"curies":[{"name":"wp","href":"https:\/\/api.w.org\/{rel}","templated":true}]}}