{"id":155385,"date":"2026-01-29T10:39:07","date_gmt":"2026-01-29T10:39:07","guid":{"rendered":"https:\/\/www.europesays.com\/fi\/155385\/"},"modified":"2026-01-29T10:39:07","modified_gmt":"2026-01-29T10:39:07","slug":"uuden-kauhuleffan-traileri-oli-niin-raaka-etta-se-poistettiin-jo-youtubesta","status":"publish","type":"post","link":"https:\/\/www.europesays.com\/fi\/155385\/","title":{"rendered":"Uuden kauhuleffan traileri oli niin raaka, ett\u00e4 se poistettiin jo YouTubesta"},"content":{"rendered":"<p>Faces of Death (1978) ja sen jatko-osat ovat ehk\u00e4 elokuvahistorian kammotuimpia, puhutuimpia sek\u00e4 kielletyimpi\u00e4 teoksia.<\/p>\n<p>Ensimm\u00e4isess\u00e4 elokuvassa n\u00e4hd\u00e4\u00e4n sek\u00e4 aitoja kuolemia ett\u00e4 lavastettuja kohtauksia. T\u00e4m\u00e4 teki elokuvasta kysytty\u00e4 tavaraa genreharrastajien keskuudessa.<\/p>\n<p>Lue my\u00f6s: <a href=\"https:\/\/www.episodi.fi\/uutiset\/tommy-lee-jonesin-tyttaren-kuolema-liittynee-huumeisiin-isa-haki-tytartaan-edunvalvontaan-vuonna-2023\/\" title=\"Tommy Lee Jonesin tytt\u00e4ren kuolema liittynee huumeisiin \u2013 is\u00e4 haki tyt\u00e4rt\u00e4\u00e4n edunvalvontaan vuonna 2023\" class=\"underline-custom !font-montserrat !font-bold !underline-offset-4 !decoration-4 !decoration-episodi-blue !text-md\" rel=\"nofollow noopener\" target=\"_blank\">Tommy Lee Jonesin tytt\u00e4ren kuolema liittynee huumeisiin \u2013 is\u00e4 haki tyt\u00e4rt\u00e4\u00e4n edunvalvontaan vuonna 2023<\/a><\/p>\n<p>Lue my\u00f6s: <a href=\"https:\/\/www.episodi.fi\/uutiset\/kulttileffa-faces-of-deathin-remake-sai-r-leiman-vakivallan-goren-ja-alastomuuden-takia\/\" title=\"Kulttileffa Faces of Deathin \u201dremake\u201d sai R-leiman v\u00e4kivallan, goren ja alastomuuden takia\" class=\"underline-custom !font-montserrat !font-bold !underline-offset-4 !decoration-4 !decoration-episodi-blue !text-md\" rel=\"nofollow noopener\" target=\"_blank\">Kulttileffa Faces of Deathin \u201dremake\u201d sai R-leiman v\u00e4kivallan, goren ja alastomuuden takia<\/a><\/p>\n<p>Nyt n\u00e4iden elokuvien pohjalta on tehty elokuva. <strong>Daniel Goldhaberin<\/strong> ohjaama Faces of Death kertoo videopalvelun moderaattorista, joka t\u00f6rm\u00e4\u00e4 kuolemavideoita julkaisevaan videoporukkaan. H\u00e4n ei ole varma ovatko videot feikkej\u00e4 vai ei.<\/p>\n<p>Elokuvan traileri meni ilmeisesti YouTuben algoritmien tunteisiin ja se on jo poistettu. X:st\u00e4 sen kuitenkin viel\u00e4 l\u00f6yt\u00e4\u00e4.<\/p>\n<p>Jenkkiensi-ilta on 10. huhtikuuta.<\/p>\n<p>Alla traileri.<\/p>\n<p>Lue my\u00f6s: <a href=\"https:\/\/www.episodi.fi\/uutiskirje\/?uutiskirjemainos=tekstilinkkimainos\" title=\"Tilaa Episodin uutiskirje ja voit voittaa leffalippuja! Nappaa tv-vinkit suoraan s\u00e4hk\u00f6postiin t\u00e4st\u00e4.\" class=\"underline-custom !font-montserrat !font-bold !underline-offset-4 !decoration-4 !decoration-episodi-blue !text-md\" rel=\"nofollow noopener\" target=\"_blank\">Tilaa Episodin uutiskirje ja voit voittaa leffalippuja! Nappaa katseluvinkit suoraan s\u00e4hk\u00f6postiin t\u00e4st\u00e4.<\/a><\/p>\n","protected":false},"excerpt":{"rendered":"Faces of Death (1978) ja sen jatko-osat ovat ehk\u00e4 elokuvahistorian kammotuimpia, puhutuimpia sek\u00e4 kielletyimpi\u00e4 teoksia. Ensimm\u00e4isess\u00e4 elokuvassa n\u00e4hd\u00e4\u00e4n&hellip;\n","protected":false},"author":2,"featured_media":155386,"comment_status":"","ping_status":"","sticky":false,"template":"","format":"standard","meta":{"footnotes":"","_share_on_mastodon":"0"},"categories":[131],"tags":[155,137,26075,33,173,31,30,3057,172,5909,6798,32,109],"class_list":["post-155385","post","type-post","status-publish","format-standard","has-post-thumbnail","category-elokuvat","tag-elokuvat","tag-entertainment","tag-faces-of-death","tag-fi","tag-film","tag-finland","tag-finnish","tag-kauhu","tag-movies","tag-reboot","tag-remake","tag-suomi","tag-viihde"],"share_on_mastodon":{"url":"https:\/\/pubeurope.com\/@fi\/115977962362430732","error":""},"_links":{"self":[{"href":"https:\/\/www.europesays.com\/fi\/wp-json\/wp\/v2\/posts\/155385","targetHints":{"allow":["GET"]}}],"collection":[{"href":"https:\/\/www.europesays.com\/fi\/wp-json\/wp\/v2\/posts"}],"about":[{"href":"https:\/\/www.europesays.com\/fi\/wp-json\/wp\/v2\/types\/post"}],"author":[{"embeddable":true,"href":"https:\/\/www.europesays.com\/fi\/wp-json\/wp\/v2\/users\/2"}],"replies":[{"embeddable":true,"href":"https:\/\/www.europesays.com\/fi\/wp-json\/wp\/v2\/comments?post=155385"}],"version-history":[{"count":0,"href":"https:\/\/www.europesays.com\/fi\/wp-json\/wp\/v2\/posts\/155385\/revisions"}],"wp:featuredmedia":[{"embeddable":true,"href":"https:\/\/www.europesays.com\/fi\/wp-json\/wp\/v2\/media\/155386"}],"wp:attachment":[{"href":"https:\/\/www.europesays.com\/fi\/wp-json\/wp\/v2\/media?parent=155385"}],"wp:term":[{"taxonomy":"category","embeddable":true,"href":"https:\/\/www.europesays.com\/fi\/wp-json\/wp\/v2\/categories?post=155385"},{"taxonomy":"post_tag","embeddable":true,"href":"https:\/\/www.europesays.com\/fi\/wp-json\/wp\/v2\/tags?post=155385"}],"curies":[{"name":"wp","href":"https:\/\/api.w.org\/{rel}","templated":true}]}}