{"id":1554,"date":"2025-08-11T14:39:17","date_gmt":"2025-08-11T14:39:17","guid":{"rendered":"https:\/\/www.europesays.com\/fi\/1554\/"},"modified":"2025-08-11T14:39:17","modified_gmt":"2025-08-11T14:39:17","slug":"venalaisten-internet-meni-taas-rikki","status":"publish","type":"post","link":"https:\/\/www.europesays.com\/fi\/1554\/","title":{"rendered":"Ven\u00e4l\u00e4isten internet meni taas rikki"},"content":{"rendered":"<p>Ven\u00e4l\u00e4isen Sboy-sivuston mukaan Ven\u00e4j\u00e4ll\u00e4 on perjantaina ilmennyt laajoja h\u00e4iri\u00f6it\u00e4 niin Whatsappin, Telegramin kuin useiden muidenkin keskustelualustojen toiminnassa. H\u00e4iri\u00f6t koskevat useiden operaattorien asiakkaita. Se, ett\u00e4 h\u00e4iri\u00f6it\u00e4 esiintyy useilla operaattoreilla, kertoo tavallisesti ainakin sen, ett\u00e4 vika ei ole operaattorin aiheuttama.<\/p>\n<p><a href=\"https:\/\/\u0441\u0431\u043e\u0439.\u0440\u0444\/\" target=\"_blank\" rel=\"noopener nofollow\">Sboy<\/a> ker\u00e4\u00e4 k\u00e4ytt\u00e4j\u00e4tilastoja ven\u00e4l\u00e4isten ihmisten ilmoitusten perusteella ja niist\u00e4 k\u00e4y ilmi, ett\u00e4 sek\u00e4 Whatsappissa ett\u00e4 Telegramissa ilmoitetut h\u00e4iri\u00f6t ovat kasvaneet alkaneet kasvaa jo 20. tammikuuta. Youtuben toiminnassa ilmoitetut h\u00e4iri\u00f6t sen sijaan ovat v\u00e4hentyneet hieman.<\/p>\n<p>Suuressa osassa operaattoreita h\u00e4iri\u00f6ilmoituksiin on tullut piikki perjantaiaamun ja aamup\u00e4iv\u00e4n aikana. Esimerkiksi verkko-operaattori Vimpelcom kertoi kuitenkin talouslehti <a href=\"https:\/\/www.kommersant.ru\/doc\/7446982?utm_source=yxnews&amp;utm_medium=desktop&amp;utm_referrer=https%3A%2F%2Fdzen.ru%2Fnews%2Fstory%2Fe55b4e98-1393-5a99-b47b-0f63d4b3f8ae\" target=\"_blank\" rel=\"noopener nofollow\">Kommersantille<\/a> aamulla, ett\u00e4 heid\u00e4n verkkonsa toimivat normaalisti, mutta heill\u00e4 on havaittu h\u00e4iri\u00f6it\u00e4 Telegramin toiminnassa.<\/p>\n<p>Edellisen kerran ven\u00e4j\u00e4nkielinen internet eli Runet p\u00e4tki tammikuun puoliv\u00e4liss\u00e4, eli alle kaksi viikkoa sitten. Tuolloin virallinen selitys oli ainakin jonkin aikaa tietoliikennekaapelin rikkoutuminen Tatarstanissa, mutta ainakin asiantuntijoille oli ilmeist\u00e4, ett\u00e4 syyn\u00e4 olivat Ven\u00e4j\u00e4n valtiollinen tietoliikenteen hallintavirasto Roskomnazdorin toimet. Todenn\u00e4k\u00f6isesti valtion hajautettuun verkkouhkien torjuntaj\u00e4rjestelm\u00e4 TSPU:iin tehtiin jonkinlainen p\u00e4ivitys.<\/p>\n<p>\u2013TSPU on j\u00e4rjestelm\u00e4, jolla valtio hallitsee internetin reitityst\u00e4 \u201dsuojatakseen\u201d meit\u00e4 kaikilta \u201dpahoilta\u201d asioilta. Sit\u00e4 p\u00e4ivitet\u00e4\u00e4n ajoittain. Yksi t\u00e4llaisista p\u00e4ivityksist\u00e4 ilmeisesti tapahtui tiistaina. Ja ilmeisesti se ei mennyt kovin hyvin, sanoi riippumattomalle uutiskanava <a href=\"https:\/\/web.telegram.org\/a\/#-1001005031786\" target=\"_blank\" rel=\"noopener nofollow\"><strong>Do\u017edille<\/strong><\/a> verkkoanalyysien asiantuntija <strong>Artur Hat\u0161ijan<\/strong> edellisen h\u00e4iri\u00f6n aikoihin.<\/p>\n<p>Uudemmat h\u00e4iri\u00f6t Telegramin ja Whatsappin toiminnassa her\u00e4tt\u00e4v\u00e4t nyt kysymyksen, ruuvaako Roskomnadzor rajoituksia n\u00e4ihin suosittuihin keskustelupalveluihin. Varsinkin Telegram on ven\u00e4j\u00e4nkielisess\u00e4 maailmassa huomattavan merkitt\u00e4v\u00e4 tietol\u00e4hde \u2013 sinne perustetut uutiskanavat ovat monesti nopeampia, ketter\u00e4mpi\u00e4, vapaampia ja monipuolisempia kuin ven\u00e4l\u00e4inen media.<\/p>\n<p>Telegramissa ilmeni h\u00e4iri\u00f6it\u00e4 my\u00f6s elokuussa. Sattumalta melko pian sen j\u00e4lkeen Pariisissa viranomaiset pid\u00e4ttiv\u00e4t Telegramin perustaja-johtaja <strong>Pavel Durovin<\/strong>. Pid\u00e4tyksen johdosta Durov on ryhtynyt noudattamaan l\u00e4ntisten viranomaisten tietopyynt\u00f6j\u00e4 ja rajoittamaan er\u00e4iden kanavien saatavuutta esimerkiksi EU:ssa. Suomen viranomaisille <a href=\"https:\/\/yle.fi\/a\/74-20136157\" rel=\"nofollow noopener\" target=\"_blank\">Yle kertoi<\/a> Telegramin luovuttaneen viime vuonna 73 k\u00e4ytt\u00e4j\u00e4\u00e4 koskeneita tietoja.<\/p>\n<p>Syntyj\u00e4\u00e4n ven\u00e4l\u00e4inen Durov l\u00e4hti Ven\u00e4j\u00e4lt\u00e4 noin kymmenen vuotta sitten sen j\u00e4lkeen, kun Kremlille my\u00f6nteiset oligarkit valtasivat toisen h\u00e4nen perustamansa palvelun, Ven\u00e4j\u00e4n Facebookiksi kutsutun VK:n. Telegramin palvelimet ja muut toimintaan tarvittavat rakenteet eiv\u00e4t sijaitse Ven\u00e4j\u00e4lle, joten Ven\u00e4j\u00e4n viranomaiset eiv\u00e4t p\u00e4\u00e4se niihin k\u00e4siksi.<\/p>\n<p>T\u00e4m\u00e4 ilmeni Ven\u00e4j\u00e4n viranomaisille melko kivuliaasti vuonna 2018, kun Roskomnadzor-virasto yritti est\u00e4\u00e4 Telegramin toiminnan Ven\u00e4j\u00e4ll\u00e4. Internetin rakenteiden ja pilvipalveluiden toimintalogiikan takia samalla estyiv\u00e4t Ven\u00e4j\u00e4ll\u00e4 my\u00f6s Googlen ja Amazonin pilvipalveluiden muut k\u00e4ytt\u00e4j\u00e4t. Monet verkkokaupat, pankki- ja l\u00e4hettipalvelut, maksup\u00e4\u00e4tteet sek\u00e4 luottokorttiyhti\u00f6 Mastercard lakkasivat toimimasta.<\/p>\n<p>\u00a0<\/p>\n<p>\u00a0<\/p>\n","protected":false},"excerpt":{"rendered":"Ven\u00e4l\u00e4isen Sboy-sivuston mukaan Ven\u00e4j\u00e4ll\u00e4 on perjantaina ilmennyt laajoja h\u00e4iri\u00f6it\u00e4 niin Whatsappin, Telegramin kuin useiden muidenkin keskustelualustojen toiminnassa. H\u00e4iri\u00f6t&hellip;\n","protected":false},"author":2,"featured_media":1555,"comment_status":"","ping_status":"","sticky":false,"template":"","format":"standard","meta":{"footnotes":""},"categories":[87],"tags":[33,31,30,148,32,91,92,547],"class_list":{"0":"post-1554","1":"post","2":"type-post","3":"status-publish","4":"format-standard","5":"has-post-thumbnail","7":"category-internet","8":"tag-fi","9":"tag-finland","10":"tag-finnish","11":"tag-internet","12":"tag-suomi","13":"tag-technology","14":"tag-teknologia","15":"tag-venaja"},"share_on_mastodon":{"url":"","error":""},"_links":{"self":[{"href":"https:\/\/www.europesays.com\/fi\/wp-json\/wp\/v2\/posts\/1554","targetHints":{"allow":["GET"]}}],"collection":[{"href":"https:\/\/www.europesays.com\/fi\/wp-json\/wp\/v2\/posts"}],"about":[{"href":"https:\/\/www.europesays.com\/fi\/wp-json\/wp\/v2\/types\/post"}],"author":[{"embeddable":true,"href":"https:\/\/www.europesays.com\/fi\/wp-json\/wp\/v2\/users\/2"}],"replies":[{"embeddable":true,"href":"https:\/\/www.europesays.com\/fi\/wp-json\/wp\/v2\/comments?post=1554"}],"version-history":[{"count":0,"href":"https:\/\/www.europesays.com\/fi\/wp-json\/wp\/v2\/posts\/1554\/revisions"}],"wp:featuredmedia":[{"embeddable":true,"href":"https:\/\/www.europesays.com\/fi\/wp-json\/wp\/v2\/media\/1555"}],"wp:attachment":[{"href":"https:\/\/www.europesays.com\/fi\/wp-json\/wp\/v2\/media?parent=1554"}],"wp:term":[{"taxonomy":"category","embeddable":true,"href":"https:\/\/www.europesays.com\/fi\/wp-json\/wp\/v2\/categories?post=1554"},{"taxonomy":"post_tag","embeddable":true,"href":"https:\/\/www.europesays.com\/fi\/wp-json\/wp\/v2\/tags?post=1554"}],"curies":[{"name":"wp","href":"https:\/\/api.w.org\/{rel}","templated":true}]}}