{"id":15576,"date":"2025-08-25T07:17:10","date_gmt":"2025-08-25T07:17:10","guid":{"rendered":"https:\/\/www.europesays.com\/fi\/15576\/"},"modified":"2025-08-25T07:17:10","modified_gmt":"2025-08-25T07:17:10","slug":"ruotsin-hovilta-ilouutinen-uusi-perheenjasen","status":"publish","type":"post","link":"https:\/\/www.europesays.com\/fi\/15576\/","title":{"rendered":"Ruotsin hovilta ilouutinen: Uusi perheenj\u00e4sen!"},"content":{"rendered":"<p>            Shutterstock\/All Over Press\n        <\/p>\n<p class=\"subtitle \">Silvia on my\u00f6nt\u00e4nyt olevansa joskus hieman mustasukkainen Kaarle Kustaan huomiosta.<\/p>\n<p class=\"article-content article-content-width !bg-background\">Ruotsin kuningas  ja kuningatar  ovat onnensa kukkuloilla. He ovat saaneet uuden perheenj\u00e4senen.\u00a0<\/p>\n<p class=\"font-weight-bold m-font-weight-bold article-content article-content-width !bg-background\">Arkistovideolla Kaarle Kustaa tervehtii hevosta:<\/p>\n<p class=\"article-content article-content-width !bg-background\">Kunkkuparin el\u00e4m\u00e4\u00e4 on jo l\u00e4hes yhdentoista vuoden ajan rikastuttanut baijerinvuoristovihikoira Brandie. Nyt karvainen seniori on saanut seurakseen samanrotuisen Bonnie -pennun. Hovin p\u00e4\u00e4tiedottaja  on vahvistanut asian <a href=\"https:\/\/www.svenskdam.se\/kungligt\/svensk-dam-avslojar-har-ar-kungaparets-nya-husdjur-hovet-bekraftar\/10987651\" target=\"_blank\" rel=\"nofollow noopener\">Svensk Damtidning<\/a> -lehdelle.\u00a0<\/p>\n<p class=\"article-content article-content-width !bg-background\">\u2013 Tervetullut pieni perheenj\u00e4sen kuningasparille ja yst\u00e4v\u00e4 Brandielle, t\u00e4m\u00e4 kuvailee.\u00a0<\/p>\n<p>Kuninkaan paras yst\u00e4v\u00e4<\/p>\n<p class=\"article-content article-content-width !bg-background\">Bonnie on hankittu samalta kasvattajalta kuin Brandie aikoinaan. P\u00e4\u00e4t\u00f6s on ilmeinen, sill\u00e4 Kaarle Kustaan ja Silvian kerrotaan suorastaan hullaantuneen Brandien luonteesta. Silvian mukaan koiralla ja Kaarle Kustaalla on aivan erityinen suhde.\u00a0<\/p>\n<p>                <img decoding=\"async\" src=\"https:\/\/www.europesays.com\/fi\/wp-content\/uploads\/2025\/08\/1908098.webp\" width=\"576\" height=\"720\" alt=\"Brandie, Silvia ja Kalle muodostavat tiiviin kolmikon - nyt joukkoon on tullut yksi lis\u00e4\u00e4.\" loading=\"lazy\" \/>            <\/p>\n<p>\n            Brandie, Silvia ja Kalle muodostavat tiiviin kolmikon &#8211; nyt joukkoon on tullut yksi lis\u00e4\u00e4.<br \/>\n            AOP\n        <\/p>\n<p class=\"article-content article-content-width !bg-background\">\u2013 Olen eritt\u00e4in kiintynyt Brandieen. Kuningas on kuitenkin t\u00e4rkein. Joskus tulen melkein mustasukkaiseksi, sill\u00e4 Brandie haluaa paljon huomiota, Silvia on todennut aiemmin.\u00a0<\/p>\n<p class=\"article-content article-content-width !bg-background\">Kunkun ja karvaturrin l\u00e4mpim\u00e4t v\u00e4lit ovat tulleet selv\u00e4ksi muillekin. Kaarle Kustaa on n\u00e4hty usein ulkoiluttamassa kaveriaan Drottningholmin linnan tiluksilla, mink\u00e4 lis\u00e4ksi Brandie seuraa is\u00e4nt\u00e4\u00e4ns\u00e4 silloin t\u00e4ll\u00f6in jopa ty\u00f6teht\u00e4viin.<\/p>\n<p>                <img decoding=\"async\" src=\"https:\/\/www.europesays.com\/fi\/wp-content\/uploads\/2025\/08\/1908124.webp\" width=\"576\" height=\"720\" alt=\"Muiden kuninkaallisten tapaan Brandiekin taitaa etiketin salat.\" loading=\"lazy\" \/>            <\/p>\n<p>\n            Muiden kuninkaallisten tapaan Brandiekin taitaa etiketin salat.<br \/>\n            PELLE T NILSSON\/AOP\n        <\/p>\n","protected":false},"excerpt":{"rendered":"Shutterstock\/All Over Press Silvia on my\u00f6nt\u00e4nyt olevansa joskus hieman mustasukkainen Kaarle Kustaan huomiosta. Ruotsin kuningas ja kuningatar ovat&hellip;\n","protected":false},"author":2,"featured_media":15577,"comment_status":"","ping_status":"","sticky":false,"template":"","format":"standard","meta":{"footnotes":""},"categories":[130],"tags":[6062,6063,137,33,31,30,3434,2272,4550,4632,6064,2928,6065,32,109],"class_list":{"0":"post-15576","1":"post","2":"type-post","3":"status-publish","4":"format-standard","5":"has-post-thumbnail","7":"category-viihde","8":"tag-bonnie-koira","9":"tag-brandie","10":"tag-entertainment","11":"tag-fi","12":"tag-finland","13":"tag-finnish","14":"tag-koira","15":"tag-kuningas-kaarle-kustaa","16":"tag-kuningatar-silvia","17":"tag-lemmikit","18":"tag-pentu","19":"tag-perheenlisays","20":"tag-ruotsin-hovi","21":"tag-suomi","22":"tag-viihde"},"share_on_mastodon":{"url":"","error":""},"_links":{"self":[{"href":"https:\/\/www.europesays.com\/fi\/wp-json\/wp\/v2\/posts\/15576","targetHints":{"allow":["GET"]}}],"collection":[{"href":"https:\/\/www.europesays.com\/fi\/wp-json\/wp\/v2\/posts"}],"about":[{"href":"https:\/\/www.europesays.com\/fi\/wp-json\/wp\/v2\/types\/post"}],"author":[{"embeddable":true,"href":"https:\/\/www.europesays.com\/fi\/wp-json\/wp\/v2\/users\/2"}],"replies":[{"embeddable":true,"href":"https:\/\/www.europesays.com\/fi\/wp-json\/wp\/v2\/comments?post=15576"}],"version-history":[{"count":0,"href":"https:\/\/www.europesays.com\/fi\/wp-json\/wp\/v2\/posts\/15576\/revisions"}],"wp:featuredmedia":[{"embeddable":true,"href":"https:\/\/www.europesays.com\/fi\/wp-json\/wp\/v2\/media\/15577"}],"wp:attachment":[{"href":"https:\/\/www.europesays.com\/fi\/wp-json\/wp\/v2\/media?parent=15576"}],"wp:term":[{"taxonomy":"category","embeddable":true,"href":"https:\/\/www.europesays.com\/fi\/wp-json\/wp\/v2\/categories?post=15576"},{"taxonomy":"post_tag","embeddable":true,"href":"https:\/\/www.europesays.com\/fi\/wp-json\/wp\/v2\/tags?post=15576"}],"curies":[{"name":"wp","href":"https:\/\/api.w.org\/{rel}","templated":true}]}}