{"id":15582,"date":"2025-08-25T07:22:11","date_gmt":"2025-08-25T07:22:11","guid":{"rendered":"https:\/\/www.europesays.com\/fi\/15582\/"},"modified":"2025-08-25T07:22:11","modified_gmt":"2025-08-25T07:22:11","slug":"analyysi-hallitus-nayttaa-taipuneen-suuryritysten-uhkailun-edessa-useamman-kerran-viking-linen-tapauskin-lienee-selva-talous","status":"publish","type":"post","link":"https:\/\/www.europesays.com\/fi\/15582\/","title":{"rendered":"Analyysi: Hallitus n\u00e4ytt\u00e4\u00e4 taipuneen suuryritysten uhkailun edess\u00e4 useamman kerran \u2013 Viking Linen tapauskin lienee selv\u00e4 | Talous"},"content":{"rendered":"<p class=\"sc-jYczwO sc-dNFkOE bUKqJd eiHPxO yle__article__paragraph\">Yritysten verotukseen ja jopa museoiden rahoitukseen saatiin muutoksia uhkailun voimalla, kirjoittaa taloustoimittaja Juha-Matti M\u00e4ntyl\u00e4.<\/p>\n<p><img decoding=\"async\" alt=\"symbolinen kuvituskuva aiheeseen joka k\u00e4sittelee yritysten mahdollista l\u00e4ht\u00f6\u00e4 Suomesta.\" src=\"https:\/\/www.europesays.com\/fi\/wp-content\/uploads\/2025\/08\/39-151115268a874f011e96.jpeg\" class=\"sc-dntSTA iywpZY\"\/><\/p>\n<p>Avaa kuvien katselu<\/p>\n<p>Kun hallitus leikkaa tukia tai s\u00e4\u00e4t\u00e4\u00e4 uusia veroja, yritykset uhkaavat siirt\u00e4\u00e4 t\u00f6it\u00e4 ja investointeja pois Suomesta. Kuva: Eetu-Mikko Pietarinen \/ Yle<img decoding=\"async\" alt=\"Taloustoimittaja Juha-Matti M\u00e4ntyl\u00e4\" src=\"https:\/\/www.europesays.com\/fi\/wp-content\/uploads\/2025\/08\/39-104111263860e8084b2d.jpeg\" class=\"sc-dntSTA iywpZY\"\/><\/p>\n<p>Juha-Matti M\u00e4ntyl\u00e4taloustoimittaja<\/p>\n<p class=\"sc-jYczwO sc-ciCoXh bUKqJd cIOueB yle__article__paragraph\">Suomalaisyhti\u00f6t puolustavat nyt saavutettuja etuja poikkeuksellisen uhkaavin sanak\u00e4\u00e4ntein. Tuorein esimerkki on Viking Line, joka uhkaa liputtaa laivansa Ruotsiin, mik\u00e4li <strong class=\"sc-eEHciv gtNhAX yle__article__strong\">Riikka Purran<\/strong> (PS) ehdotus miehist\u00f6tuen leikkauksesta toteutuu.<\/p>\n<p class=\"sc-jYczwO sc-ciCoXh bUKqJd cIOueB yle__article__paragraph\">\u2013 Yksi varteenotettava vaihtoehto on lipunvaihto, yhti\u00f6st\u00e4 <a class=\"sc-jDJeIs gotUgl yle__article__link\" href=\"https:\/\/www.is.fi\/taloussanomat\/art-2000011412722.html\" role=\"link\" rel=\"nofollow noopener\" target=\"_blank\">kerrotaan<\/a>.<\/p>\n<p class=\"sc-jYczwO sc-ciCoXh bUKqJd cIOueB yle__article__paragraph\">Viime aikoina moni muukin on esitt\u00e4nyt uhkauksia. Hyv\u00e4 esimerkki on Fazer, joka laittoi tehdashankkeensa j\u00e4ihin vastalauseeksi hallituksen kaavailemalle makeisverolle.<\/p>\n<p class=\"sc-jYczwO sc-ciCoXh bUKqJd cIOueB yle__article__paragraph\">\u2013 Aina on mahdollista, ett\u00e4 rakennamme tehtaan Lahden sijasta muualle, esimerkiksi Ruotsiin, toimitusjohtaja Christoph Vitzthum <a class=\"sc-jDJeIs gotUgl yle__article__link\" href=\"https:\/\/www.hs.fi\/talous\/art-2000010835064.html\" role=\"link\" rel=\"nofollow noopener\" target=\"_blank\">jyr\u00e4hti<\/a>.<\/p>\n<p class=\"sc-jYczwO sc-ciCoXh bUKqJd cIOueB yle__article__paragraph\">Kolmas uhkailija oli it-j\u00e4tti Google. Yhti\u00f6 <a class=\"sc-jDJeIs gotUgl yle__article__link\" href=\"https:\/\/yle.fi\/a\/74-20155449\" role=\"link\" rel=\"nofollow noopener\" target=\"_blank\">vihjasi<\/a> peruvansa mittavat investointinsa, jos hallitus nostaa datakeskusten s\u00e4hk\u00f6veroa.<\/p>\n<p class=\"sc-jYczwO sc-ciCoXh bUKqJd cIOueB yle__article__paragraph\">\u2013 T\u00e4m\u00e4 edellytt\u00e4\u00e4 yrityksess\u00e4mme uudelleenarviointia Suomen houkuttelevuudesta investointikohteena, yhti\u00f6 totesi lausunnossaan.<\/p>\n<p class=\"sc-jYczwO sc-ciCoXh bUKqJd cIOueB yle__article__paragraph\">Ainakin Fazerin ja Googlen kohdalla uhkailu n\u00e4ytt\u00e4\u00e4 kannattaneen. Makeisvero kaatui maaliskuussa, ja datakeskusten s\u00e4hk\u00f6veron korotus nostettiin hyllylle hein\u00e4kuussa.<\/p>\n<p class=\"sc-jYczwO sc-ciCoXh bUKqJd cIOueB yle__article__paragraph\">Purra tapasi Viking Linen edustajia vierailullaan Ahvenanmaalla perjantaina, mutta tapauksen jatko lienee selv\u00e4. Varustamoilla on niin tiukka ote hallituspuolue RKP:st\u00e4, ett\u00e4 miehist\u00f6tuen leikkaus on ep\u00e4todenn\u00e4k\u00f6ist\u00e4.<\/p>\n<p>Miksi uhkailu toimii?<\/p>\n<p class=\"sc-jYczwO sc-ciCoXh bUKqJd cIOueB yle__article__paragraph\">Talousteorian mukaan sellaista liiketoimintaa ei kannata yll\u00e4pit\u00e4\u00e4, joka ei tule omillaan toimeen. Tutkijat toistelevat, ett\u00e4 yritystuet kangistavat ja j\u00e4hmett\u00e4v\u00e4t taloutta. Ne hidastavat ns. \u201dluovaa tuhoa\u201d, joka olisi pitk\u00e4n aikav\u00e4lin kasvun ja kilpailukyvyn l\u00e4hde.<\/p>\n<p class=\"sc-jYczwO sc-ciCoXh bUKqJd cIOueB yle__article__paragraph\">Yritystuista on kuitenkin l\u00e4hes mahdotonta p\u00e4\u00e4st\u00e4 eroon.<\/p>\n<p class=\"sc-jYczwO sc-ciCoXh bUKqJd cIOueB yle__article__paragraph\">T\u00e4m\u00e4 johtuu siit\u00e4, ett\u00e4 hy\u00f6tyji\u00e4 on v\u00e4h\u00e4n mutta maksajia paljon. Tukea saavalla yrityksell\u00e4 on suuri motivaatio puolustaa j\u00e4rjestelm\u00e4\u00e4 \u2013 laskun kuittaava veronmaksaja sen sijaan ei nouse barrikadeille yksitt\u00e4ist\u00e4 yritystukea vastustamaan.<\/p>\n<p class=\"sc-jYczwO sc-ciCoXh bUKqJd cIOueB yle__article__paragraph\">Yritykset pystyv\u00e4t my\u00f6s esitt\u00e4m\u00e4\u00e4n konkreettisia uhkakuvia \u2013 kuten juuri laivojen ulosliputus, menetetyt ty\u00f6paikat ja aiemmin julkaistujen investointien peruutukset. Kansantalouden abstraktia kokonaishy\u00f6ty\u00e4 sen sijaan on paljon vaikeampi puolustaa.<\/p>\n<p class=\"sc-jYczwO sc-ciCoXh bUKqJd cIOueB yle__article__paragraph\">Monen poliitikon huomio painottuu sinne, miss\u00e4 on \u00e4\u00e4nek\u00e4s eturyhm\u00e4 ja konkreettinen uhkakuva \u2013 vaikka tutkimusn\u00e4ytt\u00f6 yritystuen kokonaishy\u00f6dyst\u00e4 olisi heikko. Kukaan ei halua olla se, joka karkotti karkkitehtaan.<\/p>\n<p class=\"sc-jYczwO sc-ciCoXh bUKqJd cIOueB yle__article__paragraph\">Riippumatta hallituksen v\u00e4rist\u00e4, yritykset osaavat vet\u00e4\u00e4 oikeasta narusta. Hankenin ty\u00f6el\u00e4m\u00e4professori ja ex-poliitikko <strong class=\"sc-eEHciv gtNhAX yle__article__strong\">Juhana Vartiainen<\/strong> totesi <a class=\"sc-jDJeIs gotUgl yle__article__link\" href=\"https:\/\/areena.yle.fi\/1-75635791\" role=\"link\" rel=\"nofollow noopener\" target=\"_blank\">Slaget-podcastissa<\/a>, ett\u00e4 tilanne on toivoton: Vasemmistopuolueet eiv\u00e4t pid\u00e4 puhtaasta markkinataloudesta ja porvareilla on liian l\u00e4heiset suhteet elinkeinoel\u00e4m\u00e4\u00e4n.<\/p>\n<p class=\"sc-jYczwO sc-ciCoXh bUKqJd cIOueB yle__article__paragraph\">En pyri t\u00e4ss\u00e4 yhteydess\u00e4 arvioimaan, ovatko Googlen, Fazerin tai Viking Linen nauttimat tuet tarpeen. Osittain ehk\u00e4 ovatkin. Selv\u00e4\u00e4 kuitenkin on, ett\u00e4 julkisuudessa n\u00e4m\u00e4 etujaan puolustavat yritykset ovat aina vahvoilla.<\/p>\n<p>Museovirasto nokitti<\/p>\n<p class=\"sc-jYczwO sc-ciCoXh bUKqJd cIOueB yle__article__paragraph\">Yritykset eiv\u00e4t ole ainoita, jotka osaavat t\u00e4m\u00e4n pelin. Vuosi sitten syksyll\u00e4 Museovirasto <a class=\"sc-jDJeIs gotUgl yle__article__link\" href=\"https:\/\/yle.fi\/a\/74-20120024\" role=\"link\" rel=\"nofollow noopener\" target=\"_blank\">ilmoitti<\/a> sulkevansa s\u00e4\u00e4st\u00f6jen vuoksi useita museokohteita.<\/p>\n<p class=\"sc-jYczwO sc-ciCoXh bUKqJd cIOueB yle__article__paragraph\">Joukossa olivat muun muassa p\u00e4\u00e4kaupunkiseutulaisille rakas Seurasaari sek\u00e4 Askaisissa sijaitseva Louhisaaren kartanolinna, joka ei ole enemp\u00e4\u00e4 eik\u00e4 v\u00e4hemp\u00e4\u00e4 kuin marsalkka Mannerheimin synnyinkoti.<\/p>\n<p class=\"sc-jYczwO sc-ciCoXh bUKqJd cIOueB yle__article__paragraph\">T\u00e4st\u00e4 seurasi kohu, julkinen paine ja lopulta miljoonan euron lis\u00e4rahoitus. Kohteet pysyiv\u00e4t auki.<\/p>\n<p class=\"sc-jYczwO sc-ciCoXh bUKqJd cIOueB yle__article__paragraph\">Jos museov\u00e4ki olisi p\u00e4\u00e4tt\u00e4nyt s\u00e4\u00e4st\u00e4\u00e4 jostain v\u00e4hemm\u00e4n n\u00e4kyv\u00e4st\u00e4 kohteesta, lis\u00e4rahoitus olisi todenn\u00e4k\u00f6isesti j\u00e4\u00e4nyt saamatta.<\/p>\n<p><strong class=\"sc-boKDdR cjuzCv\">Yritystuet nousivat j\u00e4lleen kiistakapulaksi \u2013 \u201dLobbarit pit\u00e4isi nyt viimein unohtaa\u201d<\/strong><\/p>\n<p><img decoding=\"async\" alt=\"\" src=\"https:\/\/www.europesays.com\/fi\/wp-content\/uploads\/2025\/08\/13-12-1022-4-1251547-main.png\" class=\"sc-dntSTA iywpZY\"\/>Miksi yritystuista leikkaaminen on niin vaikeaa, kysyt\u00e4\u00e4n Ylen Uutispodcastissa.<\/p>\n","protected":false},"excerpt":{"rendered":"Yritysten verotukseen ja jopa museoiden rahoitukseen saatiin muutoksia uhkailun voimalla, kirjoittaa taloustoimittaja Juha-Matti M\u00e4ntyl\u00e4. Avaa kuvien katselu Kun&hellip;\n","protected":false},"author":2,"featured_media":15583,"comment_status":"","ping_status":"","sticky":false,"template":"","format":"standard","meta":{"footnotes":""},"categories":[12],"tags":[22,23,26,27,33,31,30,17,24,25,28,29,6066,15,18,21,32,78,19,20,16,3613,1356],"class_list":{"0":"post-15582","1":"post","2":"type-post","3":"status-publish","4":"format-standard","5":"has-post-thumbnail","7":"category-suomi","8":"tag-breaking-news","9":"tag-breakingnews","10":"tag-featured-news","11":"tag-featurednews","12":"tag-fi","13":"tag-finland","14":"tag-finnish","15":"tag-headlines","16":"tag-latest-news","17":"tag-latestnews","18":"tag-main-news","19":"tag-mainnews","20":"tag-menojen-leikkaaminen","21":"tag-news","22":"tag-otsikot","23":"tag-paauutiset","24":"tag-suomi","25":"tag-talous","26":"tag-top-stories","27":"tag-topstories","28":"tag-uutiset","29":"tag-viking-line","30":"tag-yritykset"},"share_on_mastodon":{"url":"","error":""},"_links":{"self":[{"href":"https:\/\/www.europesays.com\/fi\/wp-json\/wp\/v2\/posts\/15582","targetHints":{"allow":["GET"]}}],"collection":[{"href":"https:\/\/www.europesays.com\/fi\/wp-json\/wp\/v2\/posts"}],"about":[{"href":"https:\/\/www.europesays.com\/fi\/wp-json\/wp\/v2\/types\/post"}],"author":[{"embeddable":true,"href":"https:\/\/www.europesays.com\/fi\/wp-json\/wp\/v2\/users\/2"}],"replies":[{"embeddable":true,"href":"https:\/\/www.europesays.com\/fi\/wp-json\/wp\/v2\/comments?post=15582"}],"version-history":[{"count":0,"href":"https:\/\/www.europesays.com\/fi\/wp-json\/wp\/v2\/posts\/15582\/revisions"}],"wp:featuredmedia":[{"embeddable":true,"href":"https:\/\/www.europesays.com\/fi\/wp-json\/wp\/v2\/media\/15583"}],"wp:attachment":[{"href":"https:\/\/www.europesays.com\/fi\/wp-json\/wp\/v2\/media?parent=15582"}],"wp:term":[{"taxonomy":"category","embeddable":true,"href":"https:\/\/www.europesays.com\/fi\/wp-json\/wp\/v2\/categories?post=15582"},{"taxonomy":"post_tag","embeddable":true,"href":"https:\/\/www.europesays.com\/fi\/wp-json\/wp\/v2\/tags?post=15582"}],"curies":[{"name":"wp","href":"https:\/\/api.w.org\/{rel}","templated":true}]}}