{"id":15588,"date":"2025-08-25T07:34:08","date_gmt":"2025-08-25T07:34:08","guid":{"rendered":"https:\/\/www.europesays.com\/fi\/15588\/"},"modified":"2025-08-25T07:34:08","modified_gmt":"2025-08-25T07:34:08","slug":"googlen-pixel-10-sarja-tuo-mukanaan-whatsapp-puhelut-satelliitin-kautta","status":"publish","type":"post","link":"https:\/\/www.europesays.com\/fi\/15588\/","title":{"rendered":"Googlen Pixel 10 -sarja tuo mukanaan WhatsApp-puhelut satelliitin kautta"},"content":{"rendered":"\n<p><strong>Google on vahvistanut, ett\u00e4 Pixel 10 -puhelimet tukevat ensimm\u00e4isen\u00e4 WhatsAppin \u00e4\u00e4ni- ja videopuheluja satelliittiyhteyden kautta.<\/strong><\/p>\n<p><a href=\"https:\/\/muropaketti.com\/avainsana\/google-pixel\/\" rel=\"nofollow noopener\" target=\"_blank\">Google Pixel<\/a> 10 -puhelimien toistaiseksi uniikki toiminto otetaan k\u00e4ytt\u00f6\u00f6n 28. elokuuta 2025, ja sen avulla k\u00e4ytt\u00e4j\u00e4t voivat soittaa ja vastaanottaa WhatsApp-puheluita ilman mobiiliverkon tai Wi-Fi-yhteyden tarvetta.<\/p>\n<p>Palvelu toimii vain osallistuvien operaattorien kautta, ja k\u00e4ytt\u00f6 voi aiheuttaa lis\u00e4kustannuksia. Tarkempia hintoja ja saatavuutta odotetaan operaattoreilta l\u00e4hip\u00e4ivin\u00e4, mutta Suomeen ominaisuus tuskin viel\u00e4 rantautuu.<\/p>\n<p>Pixel 10 -mallisto, johon kuuluvat Pixel 10, Pixel 10 Pro, Pixel 10 Pro XL ja Pixel 10 Pro Fold, esiteltiin <a href=\"https:\/\/muropaketti.com\/mobiili\/mobiiliuutiset\/google-julkisti-pixel-10-puhelimet-lisaa-tekoalya-ja-kehittyneemmat-kamerat\/\" rel=\"nofollow noopener\" target=\"_blank\">viime viikolla<\/a> Tensor G5 -piirill\u00e4, uusilla kameroilla ja suuremmilla akuilla varustettuna.<\/p>\n<blockquote class=\"twitter-tweet\">\n<p dir=\"ltr\" lang=\"en\"><a href=\"https:\/\/twitter.com\/hashtag\/Pixel10?src=hash&amp;ref_src=twsrc%5Etfw\" rel=\"nofollow noopener\" target=\"_blank\">#Pixel10<\/a> has you covered on and off the grid \ud83d\udccd Pixel devices will be the first to offer voice and video calls on <a href=\"https:\/\/twitter.com\/WhatsApp?ref_src=twsrc%5Etfw\" rel=\"nofollow noopener\" target=\"_blank\">@WhatsApp<\/a> over a satellite network starting 8\/28\u00b9 \ud83c\udf0d <a href=\"https:\/\/t.co\/6yDSDMskkK\" rel=\"nofollow\">pic.twitter.com\/6yDSDMskkK<\/a><\/p>\n<p>\u2014 Made by Google (@madebygoogle) <a href=\"https:\/\/twitter.com\/madebygoogle\/status\/1958939850716946905?ref_src=twsrc%5Etfw\" rel=\"nofollow noopener\" target=\"_blank\">August 22, 2025<\/a><\/p>\n<\/blockquote>\n<p><script async src=\"https:\/\/platform.twitter.com\/widgets.js\" charset=\"utf-8\"><\/script><\/p>\n","protected":false},"excerpt":{"rendered":"Google on vahvistanut, ett\u00e4 Pixel 10 -puhelimet tukevat ensimm\u00e4isen\u00e4 WhatsAppin \u00e4\u00e4ni- ja videopuheluja satelliittiyhteyden kautta. Google Pixel 10&hellip;\n","protected":false},"author":2,"featured_media":15589,"comment_status":"","ping_status":"","sticky":false,"template":"","format":"standard","meta":{"footnotes":""},"categories":[85],"tags":[33,31,30,716,5000,419,418,32,91,92],"class_list":{"0":"post-15588","1":"post","2":"type-post","3":"status-publish","4":"format-standard","5":"has-post-thumbnail","7":"category-mobiili","8":"tag-fi","9":"tag-finland","10":"tag-finnish","11":"tag-google","12":"tag-google-pixel","13":"tag-mobiili","14":"tag-mobile","15":"tag-suomi","16":"tag-technology","17":"tag-teknologia"},"share_on_mastodon":{"url":"","error":""},"_links":{"self":[{"href":"https:\/\/www.europesays.com\/fi\/wp-json\/wp\/v2\/posts\/15588","targetHints":{"allow":["GET"]}}],"collection":[{"href":"https:\/\/www.europesays.com\/fi\/wp-json\/wp\/v2\/posts"}],"about":[{"href":"https:\/\/www.europesays.com\/fi\/wp-json\/wp\/v2\/types\/post"}],"author":[{"embeddable":true,"href":"https:\/\/www.europesays.com\/fi\/wp-json\/wp\/v2\/users\/2"}],"replies":[{"embeddable":true,"href":"https:\/\/www.europesays.com\/fi\/wp-json\/wp\/v2\/comments?post=15588"}],"version-history":[{"count":0,"href":"https:\/\/www.europesays.com\/fi\/wp-json\/wp\/v2\/posts\/15588\/revisions"}],"wp:featuredmedia":[{"embeddable":true,"href":"https:\/\/www.europesays.com\/fi\/wp-json\/wp\/v2\/media\/15589"}],"wp:attachment":[{"href":"https:\/\/www.europesays.com\/fi\/wp-json\/wp\/v2\/media?parent=15588"}],"wp:term":[{"taxonomy":"category","embeddable":true,"href":"https:\/\/www.europesays.com\/fi\/wp-json\/wp\/v2\/categories?post=15588"},{"taxonomy":"post_tag","embeddable":true,"href":"https:\/\/www.europesays.com\/fi\/wp-json\/wp\/v2\/tags?post=15588"}],"curies":[{"name":"wp","href":"https:\/\/api.w.org\/{rel}","templated":true}]}}