{"id":155881,"date":"2026-01-29T23:21:07","date_gmt":"2026-01-29T23:21:07","guid":{"rendered":"https:\/\/www.europesays.com\/fi\/155881\/"},"modified":"2026-01-29T23:21:07","modified_gmt":"2026-01-29T23:21:07","slug":"festarit-tuska-julkaisi-lisaa-huippunimia-liput-liikkuvat-talla-hetkella-ennatystahtiin-lansivayla-fi","status":"publish","type":"post","link":"https:\/\/www.europesays.com\/fi\/155881\/","title":{"rendered":"Festarit | Tuska julkaisi lis\u00e4\u00e4 huippunimi\u00e4 \u2013 &quot;Liput liikkuvat t\u00e4ll\u00e4 hetkell\u00e4 enn\u00e4tystahtiin&quot; &#8211; lansivayla.fi"},"content":{"rendered":"<ol>\n<li><a href=\"https:\/\/news.google.com\/rss\/articles\/CBMiWEFVX3lxTE9HV3A0TkZKeDBEd3EzVFJvdXFralpjVXFKX1hPbW05TXExZnRsM2JweVMwbkdiaWU0Z0NwM21RZUpoOFUwTURQT0I3RUIzOFRBZ0NqQVB5LXQ?oc=5\" target=\"_blank\" rel=\"nofollow noopener\">Festarit | Tuska julkaisi lis\u00e4\u00e4 huippunimi\u00e4 \u2013 &#8221;Liput liikkuvat t\u00e4ll\u00e4 hetkell\u00e4 enn\u00e4tystahtiin&#8221;<\/a>&nbsp;&nbsp;lansivayla.fi<\/li>\n<li><a href=\"https:\/\/news.google.com\/rss\/articles\/CBMiYEFVX3lxTE1KMkczQTBoeXRHRkVqXzA4LVNaUXAyS0Z6aXd3VWFxRGltZXdnMmcyeF9DY21hdEpDUzFFeFhUZzN0dGxjTEpjdmxReDktOThBaUl1eEVxT1hSOGwtWVBVMg?oc=5\" target=\"_blank\" rel=\"nofollow noopener\">Tuska julkaisi lis\u00e4\u00e4 artisteja \u2013 n\u00e4m\u00e4 huippunimet n\u00e4hd\u00e4\u00e4n Suvilahdessa | Paikalliset<\/a>&nbsp;&nbsp;helsinginuutiset.fi<\/li>\n<li><a href=\"https:\/\/news.google.com\/rss\/articles\/CBMixgFBVV95cUxQeS1Wa1N1cGZ6VWZGdXNZQU10SGlrTXM3YTRuY1BVbnZoeWhQRENocFlwa05NYkIzVWQzUWZFUUdGOFNsYVVDcU4tYkxVUlZPUzZhYUxqTkFzVTZuc3ZnMVo5bld2SWhuRTkwWUctY2E3TmsxRjZ6SVFHN3pEdzlvRGFSTG5IVlFEeXdSb2Y5aDQ2RTNzWkh4Y1ZyQjV4blRJWTJYUXNGMkJJMjBSZlVQNHhjdW1IaWtHWmlvR2ZIRjlWT2kyMkE?oc=5\" target=\"_blank\" rel=\"nofollow noopener\">Tuska-festivaali julkisti lis\u00e4\u00e4 esiintyji\u00e4 \u2013 mukana niin pitk\u00e4n linjan veteraaneja kuin uusia nimi\u00e4<\/a>&nbsp;&nbsp;Rumba.fi<\/li>\n<li><a href=\"https:\/\/news.google.com\/rss\/articles\/CBMikgFBVV95cUxOLUJTSVBLOXVaZGhJY0RZaVRDMWJhZEN0QVFIdGo1dXNGYzNIMUd6YVBpN0FoSGE3aEJiR0duU2IxX2g0amVxdFB2eHlpRWFsM2J2NmRKdnY5VkhQLVdaUHd6Y0VPM0JXVDFuSlZ3VWc3N2xUQ3hNNGlUZUtvYnAtYnVqZms5UllIOF93NHEtdVJUdw?oc=5\" target=\"_blank\" rel=\"nofollow noopener\">Tuskan kattaukseen 15 uutta nime\u00e4: Amorphis, Skindred, Tarot\u2026<\/a>&nbsp;&nbsp;Soundi.fi<\/li>\n<li><a href=\"https:\/\/news.google.com\/rss\/articles\/CBMisgFBVV95cUxPVi15Skh3VlpmenFwMnFOVklFeGotS0ZQS25kVnN1Um10VU1CVms3dzRFRGtUdEdXV0QzZFlsWlBOY2N3MHZ2ZFFjeTFLbUdHVnBNR1lSSmR4S2tKUmdKWDlxQ1F1aEduY2VxcVBucERGXzBjcG1GVXBLMnFsaW00UGw3R0plNjBrb3UtQ0VrcDRUYmpoU3RGcFJTLWhDMmh3c29pcXd6bnZncFZpa0YxTS13?oc=5\" target=\"_blank\" rel=\"nofollow noopener\">Tuska tiedottaa: Skindred ja iso joukko kotimaisia kovuuksia lis\u00e4tty ohjelmistoon<\/a>&nbsp;&nbsp;Inferno.fi<\/li>\n<\/ol>\n","protected":false},"excerpt":{"rendered":"Festarit | Tuska julkaisi lis\u00e4\u00e4 huippunimi\u00e4 \u2013 &#8221;Liput liikkuvat t\u00e4ll\u00e4 hetkell\u00e4 enn\u00e4tystahtiin&#8221;&nbsp;&nbsp;lansivayla.fi Tuska julkaisi lis\u00e4\u00e4 artisteja \u2013 n\u00e4m\u00e4&hellip;\n","protected":false},"author":2,"featured_media":155882,"comment_status":"","ping_status":"","sticky":false,"template":"","format":"standard","meta":{"footnotes":""},"categories":[130],"tags":[137,33,31,30,763,525,47,141,532,16642,32,397,484,109],"class_list":{"0":"post-155881","1":"post","2":"type-post","3":"status-publish","4":"format-standard","5":"has-post-thumbnail","7":"category-viihde","8":"tag-entertainment","9":"tag-fi","10":"tag-finland","11":"tag-finnish","12":"tag-kulttuuri-ja-viihde","13":"tag-laulaminen-ja-laulajat","14":"tag-musiikki","15":"tag-muusikot-bandit","16":"tag-rock-ja-pop","17":"tag-rock-musiikki","18":"tag-suomi","19":"tag-taide","20":"tag-taiteellinen-ilmaisu-ja-mediat","21":"tag-viihde"},"share_on_mastodon":{"url":"https:\/\/pubeurope.com\/@fi\/115980958631903846","error":""},"_links":{"self":[{"href":"https:\/\/www.europesays.com\/fi\/wp-json\/wp\/v2\/posts\/155881","targetHints":{"allow":["GET"]}}],"collection":[{"href":"https:\/\/www.europesays.com\/fi\/wp-json\/wp\/v2\/posts"}],"about":[{"href":"https:\/\/www.europesays.com\/fi\/wp-json\/wp\/v2\/types\/post"}],"author":[{"embeddable":true,"href":"https:\/\/www.europesays.com\/fi\/wp-json\/wp\/v2\/users\/2"}],"replies":[{"embeddable":true,"href":"https:\/\/www.europesays.com\/fi\/wp-json\/wp\/v2\/comments?post=155881"}],"version-history":[{"count":0,"href":"https:\/\/www.europesays.com\/fi\/wp-json\/wp\/v2\/posts\/155881\/revisions"}],"wp:featuredmedia":[{"embeddable":true,"href":"https:\/\/www.europesays.com\/fi\/wp-json\/wp\/v2\/media\/155882"}],"wp:attachment":[{"href":"https:\/\/www.europesays.com\/fi\/wp-json\/wp\/v2\/media?parent=155881"}],"wp:term":[{"taxonomy":"category","embeddable":true,"href":"https:\/\/www.europesays.com\/fi\/wp-json\/wp\/v2\/categories?post=155881"},{"taxonomy":"post_tag","embeddable":true,"href":"https:\/\/www.europesays.com\/fi\/wp-json\/wp\/v2\/tags?post=155881"}],"curies":[{"name":"wp","href":"https:\/\/api.w.org\/{rel}","templated":true}]}}