{"id":15590,"date":"2025-08-25T07:35:08","date_gmt":"2025-08-25T07:35:08","guid":{"rendered":"https:\/\/www.europesays.com\/fi\/15590\/"},"modified":"2025-08-25T07:35:08","modified_gmt":"2025-08-25T07:35:08","slug":"jani-sievinen-ja-maria-nyqvist-jattivat-avioerohakemuksen","status":"publish","type":"post","link":"https:\/\/www.europesays.com\/fi\/15590\/","title":{"rendered":"Jani Sievinen ja Maria Nyqvist j\u00e4ttiv\u00e4t avioerohakemuksen"},"content":{"rendered":"<p>Jani Sievinen ja Maria Nyqvist j\u00e4ttiv\u00e4t avioerohakemuksen.<\/p>\n<p><img decoding=\"async\" class=\"image image-show image-preview\" src=\"https:\/\/www.europesays.com\/fi\/wp-content\/uploads\/2025\/08\/fcfe6de36c7640e32942cd7b9ec6a36c6f9611f38dc47e951355249952617e31.jpg\" alt=\"\"\/><img decoding=\"async\" class=\"image image-show\" src=\"https:\/\/www.europesays.com\/fi\/wp-content\/uploads\/2025\/08\/1756107308_463_fcfe6de36c7640e32942cd7b9ec6a36c6f9611f38dc47e951355249952617e31.jpg\" alt=\"\"\/><\/p>\n<p>Pariskunta oli yhdess\u00e4 11 vuotta. Jenni G\u00e4stgivar<\/p>\n<p class=\"paragraph\">Entinen uimari <a href=\"https:\/\/www.iltalehti.fi\/henkilot\/Jani Sievinen\" class=\"article-link-person-page\" rel=\"nofollow noopener\" target=\"_blank\">Jani Sievinen<\/a> ja <strong>Maria Nyqvist<\/strong> j\u00e4ttiv\u00e4t avioerohakemuksen Helsingin k\u00e4r\u00e4j\u00e4oikeuteen.<\/p>\n<p class=\"paragraph\">Helsingin k\u00e4r\u00e4j\u00e4oikeudesta kerrotaan Iltalehdelle, ett\u00e4 hakemus on j\u00e4tetty perjantaina 22. elokuuta. Pari j\u00e4tti hakemuksen yhdess\u00e4.<\/p>\n<p class=\"paragraph\">Pariskunta ilmoitti <a href=\"https:\/\/www.iltalehti.fi\/viihdeuutiset\/7cd2bc3e-1203-498e-b6c4-fe2d1ba83aaf\" rel=\"nofollow noopener\" target=\"_blank\">erostaan<\/a> Facebookissa ja Instagramissa 18. elokuuta.<\/p>\n<p class=\"paragraph\">Jos julkaisu ei n\u00e4y voit katsoa sen <a href=\"https:\/\/www.instagram.com\/p\/DNgNMONNs0d\/\" target=\"_blank\" rel=\"noopener nofollow\">t\u00e4st\u00e4<\/a>.<\/p>\n<p class=\"paragraph\">Sievinen kertoi eroa k\u00e4sittelev\u00e4ss\u00e4 Facebook-julkaisussaan, ett\u00e4 p\u00e4\u00e4t\u00f6s erota tuli Nyqvistilt\u00e4. H\u00e4n olisi halunnut jatkaa viel\u00e4 kaksikon liittoa.<\/p>\n<p class=\"paragraph\">\u2013\u2009Marian ja minun liitto p\u00e4\u00e4ttyy. Itse olisin halunnut jatkaa matkaa. Ymm\u00e4rr\u00e4n perusteet ja kun perusteet ymm\u00e4rt\u00e4\u00e4 niin hyv\u00e4ksyy my\u00f6s tosiasiat, uinnin moninkertainen maailman- ja Euroopan mestari Sievinen kirjoitti tuolloin.<\/p>\n<p class=\"paragraph\">Jos julkaisu ei n\u00e4y voit katsoa sen <a href=\"https:\/\/www.facebook.com\/photo.php?fbid=10162328920792605&amp;set=a.79553742604&amp;type=3&amp;ref=embed_post\" target=\"_blank\" rel=\"noopener nofollow\">t\u00e4st\u00e4<\/a>.<\/p>\n<p class=\"paragraph\"><a href=\"https:\/\/www.iltalehti.fi\/viihdeuutiset\/7cd2bc3e-1203-498e-b6c4-fe2d1ba83aaf\" rel=\"nofollow noopener\" target=\"_blank\">Iltalehti<\/a> tavoitti saman p\u00e4iv\u00e4n\u00e4 Maria Nyqvistin. H\u00e4n vahvisti Sievisen julkaisussa olleen tiedon, ett\u00e4 p\u00e4\u00e4t\u00f6s oli h\u00e4nen.<\/p>\n<p class=\"paragraph\">\u2013 Vahvistan, h\u00e4n sanoi.<\/p>\n<p class=\"paragraph\">Vaikka eroilmoitus oli yll\u00e4tt\u00e4v\u00e4, p\u00e4\u00e4t\u00f6s ei ollut.<\/p>\n<p class=\"paragraph\">\u2013 Ei ole yll\u00e4tt\u00e4v\u00e4 tilanne, Nyqvist kommentoi.<\/p>\n<p class=\"paragraph\">H\u00e4n my\u00f6nsi olevansa hyvin haikeissa tunnelmissa, eik\u00e4 ollut kovin innokas avaamaan tilannetta sen enemp\u00e4\u00e4.<\/p>\n<p class=\"paragraph\">\u2013 T\u00e4m\u00e4 on nyt niin tuore juttu, ett\u00e4 t\u00e4ss\u00e4 on aika herkill\u00e4 juuri t\u00e4ll\u00e4 hetkell\u00e4. En enemp\u00e4\u00e4 t\u00e4st\u00e4 nyt, h\u00e4n sanoi.<\/p>\n<p><script async src=\"\/\/www.instagram.com\/embed.js\"><\/script><\/p>\n","protected":false},"excerpt":{"rendered":"Jani Sievinen ja Maria Nyqvist j\u00e4ttiv\u00e4t avioerohakemuksen. Pariskunta oli yhdess\u00e4 11 vuotta. Jenni G\u00e4stgivar Entinen uimari Jani Sievinen&hellip;\n","protected":false},"author":2,"featured_media":15591,"comment_status":"","ping_status":"","sticky":false,"template":"","format":"standard","meta":{"footnotes":""},"categories":[136],"tags":[35,407,137,33,31,30,408,142,637,888,885,887,32,109],"class_list":{"0":"post-15590","1":"post","2":"type-post","3":"status-publish","4":"format-standard","5":"has-post-thumbnail","7":"category-julkkikset","8":"tag-24h","9":"tag-celebrities","10":"tag-entertainment","11":"tag-fi","12":"tag-finland","13":"tag-finnish","14":"tag-julkkikset","15":"tag-poliitikot","16":"tag-politiikka","17":"tag-suomalaiset-poliitikot","18":"tag-suomen-poliittiset-puolueet","19":"tag-suomen-politiikka","20":"tag-suomi","21":"tag-viihde"},"share_on_mastodon":{"url":"","error":""},"_links":{"self":[{"href":"https:\/\/www.europesays.com\/fi\/wp-json\/wp\/v2\/posts\/15590","targetHints":{"allow":["GET"]}}],"collection":[{"href":"https:\/\/www.europesays.com\/fi\/wp-json\/wp\/v2\/posts"}],"about":[{"href":"https:\/\/www.europesays.com\/fi\/wp-json\/wp\/v2\/types\/post"}],"author":[{"embeddable":true,"href":"https:\/\/www.europesays.com\/fi\/wp-json\/wp\/v2\/users\/2"}],"replies":[{"embeddable":true,"href":"https:\/\/www.europesays.com\/fi\/wp-json\/wp\/v2\/comments?post=15590"}],"version-history":[{"count":0,"href":"https:\/\/www.europesays.com\/fi\/wp-json\/wp\/v2\/posts\/15590\/revisions"}],"wp:featuredmedia":[{"embeddable":true,"href":"https:\/\/www.europesays.com\/fi\/wp-json\/wp\/v2\/media\/15591"}],"wp:attachment":[{"href":"https:\/\/www.europesays.com\/fi\/wp-json\/wp\/v2\/media?parent=15590"}],"wp:term":[{"taxonomy":"category","embeddable":true,"href":"https:\/\/www.europesays.com\/fi\/wp-json\/wp\/v2\/categories?post=15590"},{"taxonomy":"post_tag","embeddable":true,"href":"https:\/\/www.europesays.com\/fi\/wp-json\/wp\/v2\/tags?post=15590"}],"curies":[{"name":"wp","href":"https:\/\/api.w.org\/{rel}","templated":true}]}}