{"id":15592,"date":"2025-08-25T07:37:15","date_gmt":"2025-08-25T07:37:15","guid":{"rendered":"https:\/\/www.europesays.com\/fi\/15592\/"},"modified":"2025-08-25T07:37:15","modified_gmt":"2025-08-25T07:37:15","slug":"kirja-arvio-kekkonen-ravakkana-salaisessa-poliisissa-kajaani-oli-uran-alkuvaiheessa-keskeinen-paikka","status":"publish","type":"post","link":"https:\/\/www.europesays.com\/fi\/15592\/","title":{"rendered":"Kirja-arvio: Kekkonen r\u00e4v\u00e4kk\u00e4n\u00e4 salaisessa poliisissa \u2013 Kajaani oli uran alkuvaiheessa keskeinen paikka"},"content":{"rendered":"<p>                                  Kulttuuri<\/p>\n<p>                <img loading=\"lazy\" decoding=\"async\" itemprop=\"contentUrl\" class=\"figure-img img-fluid\"  src=\"https:\/\/www.europesays.com\/fi\/wp-content\/uploads\/2025\/08\/1756107435_499_imengine.public.prod.hil.infomaker.io\" width=\"564\" height=\"317\"  alt=\"\"\/><\/p>\n<p>                                    Urho Kekkosen vaiheet Etsiv\u00e4ss\u00e4 keskuspoliisissa tulevat tarkoin k\u00e4sitellyksi Pekka Niirasen uudessa tietokirjassa.<br \/>\n                                                    Kuva:<br \/>\n                    SKS<\/p>\n<dl class=\"authorbox__creator--dl authorbox__creator--dl--top\">\n<dt class=\"authorbox__creator--name\">\n      Risto Kormilainen\n    <\/dt>\n<dd class=\"authorbox__creator--description\">Kainuun Sanomat<\/dd>\n<\/dl>\n<p>      MAINOS &#8211; juttu jatkuu mainoksen j\u00e4lkeen<\/p>\n<p>      MAINOS &#8211; mainos p\u00e4\u00e4ttyy<\/p>\n<p class=\"ew-body\">Pekka Niiranen: Ohrana Kekkonen. UKK Etsiv\u00e4ss\u00e4 keskuspoliisissa<\/p>\n<p class=\"ew-body\">477 sivua, SKS Kirjat 2025<\/p>\n<p class=\"ew-body\">T\u00e4hdet: viisi<\/p>\n<p class=\"ew-body\"><strong id=\"strong-84b55016988d401dcf55f36b208e9972\">Urho Kekkonen<\/strong> (1900\u20131986) toimi Etsiv\u00e4ss\u00e4 keskuspoliisissa (EK) vuosina 1919\u20131927.<\/p>\n<p class=\"ew-body\">Tuon ajanjakson aikana h\u00e4n tutustui maanalaiseen kommunismin, sen toimintaperiaatteisiin ja it\u00e4rajan takaa tulleisii<\/p>\n<p>  <a class=\"btn btn-secondary btn-icon-left\" href=\"#coral_thread\"><br \/>\n    <img decoding=\"async\" src=\"https:\/\/www.kainuunsanomat.fi\/wp-content\/themes\/hilla-theme\/assets\/img\/icon_comments.svg\" alt=\"\"\/><br \/>\n    Kommentoi<br \/>\n  <\/a><\/p>\n<p>  <a class=\"btn btn-secondary btn-icon-left mailto_web\" href=\"mailto:toimitus@kainuunsanomat.fi?subject=Ilmoita%20asiavirheest%C3%A4&amp;body=Otsikko%3A%20Kirja-arvio%3A%20Kekkonen%20r%C3%A4v%C3%A4kk%C3%A4n%C3%A4%20salaisessa%20poliisissa%20%E2%80%93%20Kajaani%20oli%20uran%20alkuvaiheessa%20keskeinen%20paikka%0AUuid%3A%2090dfee33-6b8e-4645-a122-ef0790517833%0AUrl%3A%20https%3A%2F%2Fwww.kainuunsanomat.fi%2Fartikkeli%2Fkirja-arvio-kekkonen-ravakkana-salaisessa-poliisissa-kajaani-oli-uran-alkuvaiheessa-keskeinen-pai\"><br \/>\n    <img decoding=\"async\" src=\"https:\/\/www.kainuunsanomat.fi\/wp-content\/themes\/hilla-theme\/assets\/img\/icon_feedback.svg\" alt=\"\"\/><br \/>\n    Ilmoita asiavirheest\u00e4<br \/>\n  <\/a><\/p>\n","protected":false},"excerpt":{"rendered":"Kulttuuri Urho Kekkosen vaiheet Etsiv\u00e4ss\u00e4 keskuspoliisissa tulevat tarkoin k\u00e4sitellyksi Pekka Niirasen uudessa tietokirjassa. Kuva: SKS Risto Kormilainen Kainuun&hellip;\n","protected":false},"author":2,"featured_media":15593,"comment_status":"","ping_status":"","sticky":false,"template":"","format":"standard","meta":{"footnotes":""},"categories":[134],"tags":[377,137,33,31,30,378,32,109],"class_list":{"0":"post-15592","1":"post","2":"type-post","3":"status-publish","4":"format-standard","5":"has-post-thumbnail","7":"category-kirjat","8":"tag-books","9":"tag-entertainment","10":"tag-fi","11":"tag-finland","12":"tag-finnish","13":"tag-kirjat","14":"tag-suomi","15":"tag-viihde"},"share_on_mastodon":{"url":"","error":""},"_links":{"self":[{"href":"https:\/\/www.europesays.com\/fi\/wp-json\/wp\/v2\/posts\/15592","targetHints":{"allow":["GET"]}}],"collection":[{"href":"https:\/\/www.europesays.com\/fi\/wp-json\/wp\/v2\/posts"}],"about":[{"href":"https:\/\/www.europesays.com\/fi\/wp-json\/wp\/v2\/types\/post"}],"author":[{"embeddable":true,"href":"https:\/\/www.europesays.com\/fi\/wp-json\/wp\/v2\/users\/2"}],"replies":[{"embeddable":true,"href":"https:\/\/www.europesays.com\/fi\/wp-json\/wp\/v2\/comments?post=15592"}],"version-history":[{"count":0,"href":"https:\/\/www.europesays.com\/fi\/wp-json\/wp\/v2\/posts\/15592\/revisions"}],"wp:featuredmedia":[{"embeddable":true,"href":"https:\/\/www.europesays.com\/fi\/wp-json\/wp\/v2\/media\/15593"}],"wp:attachment":[{"href":"https:\/\/www.europesays.com\/fi\/wp-json\/wp\/v2\/media?parent=15592"}],"wp:term":[{"taxonomy":"category","embeddable":true,"href":"https:\/\/www.europesays.com\/fi\/wp-json\/wp\/v2\/categories?post=15592"},{"taxonomy":"post_tag","embeddable":true,"href":"https:\/\/www.europesays.com\/fi\/wp-json\/wp\/v2\/tags?post=15592"}],"curies":[{"name":"wp","href":"https:\/\/api.w.org\/{rel}","templated":true}]}}