{"id":15597,"date":"2025-08-25T07:47:07","date_gmt":"2025-08-25T07:47:07","guid":{"rendered":"https:\/\/www.europesays.com\/fi\/15597\/"},"modified":"2025-08-25T07:47:07","modified_gmt":"2025-08-25T07:47:07","slug":"venajan-rykmentti-murskattiin-veriloylyssa-pakotettiin-vetaytymaan","status":"publish","type":"post","link":"https:\/\/www.europesays.com\/fi\/15597\/","title":{"rendered":"Ven\u00e4j\u00e4n rykmentti murskattiin veril\u00f6ylyss\u00e4, pakotettiin vet\u00e4ytym\u00e4\u00e4n"},"content":{"rendered":"<p class=\"ai-optimize-7 ai-optimize-introduction\">Ven\u00e4j\u00e4n 237. VDV-rykmentin johto m\u00e4\u00e4r\u00e4si joukkoyksik\u00f6n osia suorittamaan useita hy\u00f6kk\u00e4yksi\u00e4 avoimen maaston yli tunkeutuakseen Yunakivkan kyl\u00e4n it\u00e4osiin Ukrainan Sumyn alueella ven\u00e4l\u00e4isupseerien vastustuksesta huolimatta, toteaa Ven\u00e4j\u00e4n pohjoiseen sotatoimiyhtym\u00e4\u00e4n kytk\u00f6ksiss\u00e4 olevan sotabloggaaja.<\/p>\n<p class=\"ai-optimize-7 ai-optimize-introduction\">Asiasta <a href=\"https:\/\/understandingwar.org\/backgrounder\/russian-offensive-campaign-assessment-august-24-2025\" target=\"_blank\" rel=\"noopener nofollow\">kertoo<\/a> amerikkalainen Institute for the Study of War (ISW) -ajatushautomo tilannekatsauksessaan.<\/p>\n<p class=\"ai-optimize-7 ai-optimize-introduction\">Ven\u00e4l\u00e4isen sotabloggaajan mukaan rykmentti menetti hy\u00f6kk\u00e4yksiss\u00e4 noin 80 prosenttia henkil\u00f6st\u00f6st\u00e4\u00e4n ja vet\u00e4ytyy lep\u00e4\u00e4m\u00e4\u00e4n ryhmitty\u00e4kseen uudelleen.<\/p>\n<p class=\"ai-optimize-7 ai-optimize-introduction\">ISW:n mukaan Ven\u00e4j\u00e4n joukot ovat jatkaneet hy\u00f6kk\u00e4ysoperaatioita Pohjois-Sumyn alueella viikonloppuna. Hy\u00f6kk\u00e4\u00e4j\u00e4n etenemisest\u00e4 ei ole kuitenkaan vahvistettuja tietoja.<\/p>\n<p class=\"ai-optimize-7 ai-optimize-introduction\">Ukrainan joukkojen kerrotaan torjuneen ven\u00e4l\u00e4isten hy\u00f6kk\u00e4ykset.<\/p>\n<p class=\"ai-optimize-7 ai-optimize-introduction\">Hy\u00f6kk\u00e4\u00e4j\u00e4 on jo pidemm\u00e4n aikaa k\u00e4ytt\u00e4nyt lihamyllyksi kutsuttua taktiikkaa, jossa puolustajan asemiin vy\u00f6rytet\u00e4\u00e4n hy\u00f6kk\u00e4yksi\u00e4 useissa eri aalloissa. Taktiikka on johtanut valtaviin tappioihin.<\/p>\n<blockquote class=\"twitter-tweet\" data-width=\"550\" data-dnt=\"true\">\n<p lang=\"en\" dir=\"ltr\">2\/ Russian Offensive Campaign Assessment, August 24, 2025: <a href=\"https:\/\/t.co\/peHf9q3I6s\" rel=\"nofollow\">https:\/\/t.co\/peHf9q3I6s<\/a> <a href=\"https:\/\/t.co\/soct1dR2UH\" rel=\"nofollow\">pic.twitter.com\/soct1dR2UH<\/a><\/p>\n<p>\u2014 Institute for the Study of War (@TheStudyofWar) <a href=\"https:\/\/twitter.com\/TheStudyofWar\/status\/1959789811062988882?ref_src=twsrc%5Etfw\" rel=\"nofollow noopener\" target=\"_blank\">August 25, 2025<\/a><\/p>\n<\/blockquote>\n<p>\t\t\t\t<script async src=\"https:\/\/platform.twitter.com\/widgets.js\" charset=\"utf-8\"><\/script><\/p>\n","protected":false},"excerpt":{"rendered":"Ven\u00e4j\u00e4n 237. VDV-rykmentin johto m\u00e4\u00e4r\u00e4si joukkoyksik\u00f6n osia suorittamaan useita hy\u00f6kk\u00e4yksi\u00e4 avoimen maaston yli tunkeutuakseen Yunakivkan kyl\u00e4n it\u00e4osiin Ukrainan&hellip;\n","protected":false},"author":2,"featured_media":15598,"comment_status":"","ping_status":"","sticky":false,"template":"","format":"standard","meta":{"footnotes":""},"categories":[14],"tags":[22,23,26,27,33,31,30,17,24,25,28,29,15,18,21,32,19,20,56,16,987,59,60,61],"class_list":{"0":"post-15597","1":"post","2":"type-post","3":"status-publish","4":"format-standard","5":"has-post-thumbnail","7":"category-ulkomaat","8":"tag-breaking-news","9":"tag-breakingnews","10":"tag-featured-news","11":"tag-featurednews","12":"tag-fi","13":"tag-finland","14":"tag-finnish","15":"tag-headlines","16":"tag-latest-news","17":"tag-latestnews","18":"tag-main-news","19":"tag-mainnews","20":"tag-news","21":"tag-otsikot","22":"tag-paauutiset","23":"tag-suomi","24":"tag-top-stories","25":"tag-topstories","26":"tag-ulkomaat","27":"tag-uutiset","28":"tag-venajan-hyokkays","29":"tag-world","30":"tag-world-news","31":"tag-worldnews"},"share_on_mastodon":{"url":"","error":""},"_links":{"self":[{"href":"https:\/\/www.europesays.com\/fi\/wp-json\/wp\/v2\/posts\/15597","targetHints":{"allow":["GET"]}}],"collection":[{"href":"https:\/\/www.europesays.com\/fi\/wp-json\/wp\/v2\/posts"}],"about":[{"href":"https:\/\/www.europesays.com\/fi\/wp-json\/wp\/v2\/types\/post"}],"author":[{"embeddable":true,"href":"https:\/\/www.europesays.com\/fi\/wp-json\/wp\/v2\/users\/2"}],"replies":[{"embeddable":true,"href":"https:\/\/www.europesays.com\/fi\/wp-json\/wp\/v2\/comments?post=15597"}],"version-history":[{"count":0,"href":"https:\/\/www.europesays.com\/fi\/wp-json\/wp\/v2\/posts\/15597\/revisions"}],"wp:featuredmedia":[{"embeddable":true,"href":"https:\/\/www.europesays.com\/fi\/wp-json\/wp\/v2\/media\/15598"}],"wp:attachment":[{"href":"https:\/\/www.europesays.com\/fi\/wp-json\/wp\/v2\/media?parent=15597"}],"wp:term":[{"taxonomy":"category","embeddable":true,"href":"https:\/\/www.europesays.com\/fi\/wp-json\/wp\/v2\/categories?post=15597"},{"taxonomy":"post_tag","embeddable":true,"href":"https:\/\/www.europesays.com\/fi\/wp-json\/wp\/v2\/tags?post=15597"}],"curies":[{"name":"wp","href":"https:\/\/api.w.org\/{rel}","templated":true}]}}