{"id":155979,"date":"2026-01-30T02:29:10","date_gmt":"2026-01-30T02:29:10","guid":{"rendered":"https:\/\/www.europesays.com\/fi\/155979\/"},"modified":"2026-01-30T02:29:10","modified_gmt":"2026-01-30T02:29:10","slug":"analyysi-auer-karajat-paattyivat-yllatykseen-viela-suurempi-yllatys-saattaa-olla-tulossa-kotimaa","status":"publish","type":"post","link":"https:\/\/www.europesays.com\/fi\/155979\/","title":{"rendered":"Analyysi: Auer-k\u00e4r\u00e4j\u00e4t p\u00e4\u00e4ttyiv\u00e4t yll\u00e4tykseen \u2013 viel\u00e4 suurempi yll\u00e4tys saattaa olla tulossa | Kotimaa"},"content":{"rendered":"<p class=\"aw-1gybjub aw-1p7kakr kEtdKx cEmitX yle__article__paragraph\">Suomen rikoshistorian yksi seuratuimmista henkil\u00f6ist\u00e4 poistui keskiviikkona helpottuneena Turun oikeustalolta.<\/p>\n<p class=\"aw-1gybjub aw-1p7kakr kEtdKx cEmitX yle__article__paragraph\">\u2013 Toivottavasti se j\u00e4\u00e4 nyt t\u00e4h\u00e4n, ettei t\u00e4t\u00e4 tarvitse jatkaa, <strong class=\"aw-ak79eh KyCXm yle__article__strong\">Anneli Auer<\/strong> sanoi toimittajille oikeustalon k\u00e4yt\u00e4v\u00e4ll\u00e4.<\/p>\n<p class=\"aw-1gybjub aw-1p7kakr kEtdKx cEmitX yle__article__paragraph\">My\u00f6s jutun toinen syytetty, Auerin entinen miesyst\u00e4v\u00e4, <strong class=\"aw-ak79eh KyCXm yle__article__strong\">Jens Ihle<\/strong> on kyll\u00e4stynyt olemaan syytettyn\u00e4.<\/p>\n<p class=\"aw-1gybjub aw-1p7kakr kEtdKx cEmitX yle__article__paragraph\">\u2013 Toiveikkaana [olen], ett\u00e4 saadaan kunnollinen p\u00e4\u00e4t\u00f6s ja t\u00e4m\u00e4 ruljanssi p\u00e4\u00e4ttyy.<\/p>\n<p class=\"aw-1gybjub aw-1p7kakr kEtdKx cEmitX yle__article__paragraph\">Auerin, Ihlen, syytt\u00e4j\u00e4n ja median ruljanssi Turun oikeustalolla p\u00e4\u00e4ttyi keskiviikkona.<\/p>\n<p class=\"aw-1gybjub aw-1p7kakr kEtdKx cEmitX yle__article__paragraph\">Mutta jutun kolmella tuomarilla riitt\u00e4\u00e4 hommia. Heid\u00e4n p\u00f6yd\u00e4ll\u00e4\u00e4n on nyt suuria kysymyksi\u00e4:<\/p>\n<p class=\"aw-1gybjub aw-1p7kakr kEtdKx cEmitX yle__article__paragraph\">Onko Anneli Auer hirvi\u00f6\u00e4iti, joka raiskasi lapsiaan?<\/p>\n<p class=\"aw-1gybjub aw-1p7kakr kEtdKx cEmitX yle__article__paragraph\">Syyllistyik\u00f6 Jens Ihle Auerin lapsiin kohdistuneisiin kammottaviin seksuaalirikoksiin, joista h\u00e4nt\u00e4 syytet\u00e4\u00e4n?<\/p>\n<p class=\"aw-1gybjub aw-1p7kakr kEtdKx cEmitX yle__article__paragraph\">Kuka tai ketk\u00e4 t\u00e4ss\u00e4 jutussa valehtelevat?<\/p>\n<p><img decoding=\"async\" alt=\"Nainen median edess\u00e4.\" src=\"https:\/\/www.europesays.com\/fi\/wp-content\/uploads\/2026\/01\/39-156431769316d0c7b1b4.jpeg\" loading=\"lazy\" class=\"aw-1l9m598 hKVVvP\"\/><\/p>\n<p>Avaa kuvien katselu<\/p>\n<p>Erikoissyytt\u00e4j\u00e4 Leena Koivuniemen mukaan oikeudenk\u00e4ynniss\u00e4 esitetty n\u00e4ytt\u00f6 todistaa Auerin ja Ihlen syyllisyyden.  Kuva: Kalle M\u00e4kel\u00e4 \/ YleOikeudessa puitiin lasten vammoja<\/p>\n<p class=\"aw-1gybjub aw-1p7kakr kEtdKx cEmitX yle__article__paragraph\">Kolme kuukautta kest\u00e4neess\u00e4 oikeudenk\u00e4ynniss\u00e4 syytt\u00e4j\u00e4 ja puolustus marssittivat runsaasti henkil\u00f6todistajia tuomareiden eteen.<\/p>\n<p class=\"aw-1gybjub aw-1p7kakr kEtdKx cEmitX yle__article__paragraph\">Oikeudessa kuultiin esimerkiksi Auerin ja Ihlen lapsia sek\u00e4 sukulaisia ja tuttavia.<\/p>\n<p class=\"aw-1gybjub aw-1p7kakr kEtdKx cEmitX yle__article__paragraph\">Auerin kolme nuorinta lasta kertoivat heihin kohdistuneista teoista sijaisvanhemmilleen kes\u00e4ll\u00e4 2011.<\/p>\n<p class=\"aw-1gybjub aw-1p7kakr kEtdKx cEmitX yle__article__paragraph\">Sijaisvanhemmat olivat syytt\u00e4j\u00e4n p\u00e4\u00e4todistajat. Siksi heit\u00e4 yritettiin \u201dmustamaalata\u201d, sanoi syytt\u00e4j\u00e4 loppulausunnossaan.<\/p>\n<p class=\"aw-1gybjub aw-1p7kakr kEtdKx cEmitX yle__article__paragraph\">Puolustuksen mukaan sijaisvanhemmat pitiv\u00e4t liian tiukkoja s\u00e4\u00e4nt\u00f6j\u00e4 lapsille ja painostivat n\u00e4m\u00e4 \u201dsepitt\u00e4m\u00e4\u00e4n tarinat\u201d rikoksista.<\/p>\n<p class=\"aw-1gybjub aw-1p7kakr kEtdKx cEmitX yle__article__paragraph\">Syytt\u00e4j\u00e4n oikeuteen tuoma erikoisl\u00e4\u00e4k\u00e4ri <strong class=\"aw-ak79eh KyCXm yle__article__strong\">Minna Joki-Erkkil\u00e4<\/strong> l\u00f6ysi aikoinaan lapsista vammoja ja arpia, jotka syytteiden mukaan ovat tulleet Auerin ja Ihlen tekemist\u00e4 seksuaalirikoksista ja pahoinpitelyst\u00e4.<\/p>\n<p class=\"aw-1gybjub aw-1p7kakr kEtdKx cEmitX yle__article__paragraph\">Puolustuksen mukaan Joki-Erkkil\u00e4n tutkimukset eiv\u00e4t ole luotettavia, koska niiss\u00e4 on k\u00e4ytetty esimerkiksi UV-valoa. Syytt\u00e4j\u00e4n mukaan UV-valolla saatiin luotettavia todisteita.<\/p>\n<p class=\"aw-1gybjub aw-1p7kakr kEtdKx cEmitX yle__article__paragraph\">Oikeudessa puitiin paljon my\u00f6s er\u00e4\u00e4n Auerin lapsen kuvantamistutkimuksessa havaittua per\u00e4suolen poikkeavaa laajentumaa.<\/p>\n<p class=\"aw-1gybjub aw-1p7kakr kEtdKx cEmitX yle__article__paragraph\">Se on tullut syytt\u00e4j\u00e4n mukaan lapseen kohdistuneesta raiskauksesta.<\/p>\n<p class=\"aw-1gybjub aw-1p7kakr kEtdKx cEmitX yle__article__paragraph\">Puolustus katsoo, ett\u00e4 vamma on ummetuksen aiheuttama.<\/p>\n<p>L\u00f6yt\u00e4\u00e4k\u00f6 oikeus t\u00e4yden totuuden?<\/p>\n<p class=\"aw-1gybjub aw-1p7kakr kEtdKx cEmitX yle__article__paragraph\">Kuten jokainen Auerin ja Ihlen oikeudenk\u00e4ynti\u00e4 seurannut tiet\u00e4\u00e4, he ovat kertaalleen k\u00e4rsineet vankeusrangaistuksen Auerin lapsiin kohdistuneista rikoksista.<\/p>\n<p class=\"aw-1gybjub aw-1p7kakr kEtdKx cEmitX yle__article__paragraph\">Korkein oikeus purki tuomiot, koska lapset kertoivat muutama vuosi sitten, ettei mit\u00e4\u00e4n rikoksia olekaan tapahtunut.<\/p>\n<p class=\"aw-1gybjub aw-1p7kakr kEtdKx cEmitX yle__article__paragraph\">Varsinais-Suomen k\u00e4r\u00e4j\u00e4oikeus joutuu nyt pohtimaan, ovatko lasten aikaisemmat vai uudet kertomukset luotettavampia.<\/p>\n<p class=\"aw-1gybjub aw-1p7kakr kEtdKx cEmitX yle__article__paragraph\">Syytt\u00e4j\u00e4n mukaan kertomukset ovat voineet muuttua esimerkiksi siksi, ett\u00e4 lapsille on tarjottu rahaa, tai lapset ovat halunneet kielt\u00e4\u00e4 mieless\u00e4\u00e4n traumaattiset tapahtumat.<\/p>\n<p class=\"aw-1gybjub aw-1p7kakr kEtdKx cEmitX yle__article__paragraph\">Puolustus pit\u00e4\u00e4 itsest\u00e4\u00e4n selv\u00e4n\u00e4, ett\u00e4 uudet kertomukset ovat totta.<\/p>\n<p class=\"aw-1gybjub aw-1p7kakr kEtdKx cEmitX yle__article__paragraph\">Auerin asianajaja <strong class=\"aw-ak79eh KyCXm yle__article__strong\">Markku Fredman<\/strong> totesi keskiviikkona oikeudessa, ett\u00e4 jos lasten aikaisemmat kertomukset pit\u00e4isiv\u00e4t paikkansa, moni ihminen on valehdellut.<\/p>\n<p class=\"aw-1gybjub aw-1p7kakr kEtdKx cEmitX yle__article__paragraph\">T\u00e4ss\u00e4 oikeudenk\u00e4ynniss\u00e4 on kaksi totuutta: syytt\u00e4j\u00e4n ja puolustuksen.<\/p>\n<p class=\"aw-1gybjub aw-1p7kakr kEtdKx cEmitX yle__article__paragraph\">Pystyyk\u00f6 Varsinais-Suomen k\u00e4r\u00e4j\u00e4oikeus l\u00f6yt\u00e4m\u00e4\u00e4n t\u00e4ydellisen totuuden?<\/p>\n<p class=\"aw-1gybjub aw-1p7kakr kEtdKx cEmitX yle__article__paragraph\">Teht\u00e4v\u00e4 on vaikea, koska v\u00e4itetyist\u00e4 rikoksista on paljon aikaa, ja esimerkiksi lasten vammoista moni asiantuntija on kesken\u00e4\u00e4n eri mielt\u00e4.<\/p>\n<p class=\"aw-1gybjub aw-1p7kakr kEtdKx cEmitX yle__article__paragraph\">On hyv\u00e4 muistaa, ett\u00e4 k\u00e4r\u00e4j\u00e4oikeus etsii niin sanottua prosessuaalista totuutta. Se on totuus, joka muodostuu oikeudelle esitetyn todistelun ja n\u00e4yt\u00f6n perusteella.<\/p>\n<p class=\"aw-1gybjub aw-1p7kakr kEtdKx cEmitX yle__article__paragraph\">Prosessuaalinen totuus voi olla joskus erilainen kuin se ihan oikea totuus.<\/p>\n<p>N\u00e4in Anneli Auer kommentoi oikeudenk\u00e4ynti\u00e4 medialle tammikuun 28. p\u00e4iv\u00e4.Joutuuko Gummerus ottamaan kuvan my\u00f6s hovioikeudessa?<\/p>\n<p class=\"aw-1gybjub aw-1p7kakr kEtdKx cEmitX yle__article__paragraph\">Auerin ja Ihlen oikeudenk\u00e4ynti p\u00e4\u00e4ttyi yll\u00e4tykseen, kun Ihlen asianajaja <strong class=\"aw-ak79eh KyCXm yle__article__strong\">Kaarle Gummerus<\/strong> halusi ottaa kuvan oikeussalin yleis\u00f6st\u00e4.<\/p>\n<p class=\"aw-1gybjub aw-1p7kakr kEtdKx cEmitX yle__article__paragraph\">Puheenjohtaja hyv\u00e4ksyi sen, koska kuvattavat suostuivat toiveeseen.<\/p>\n<p class=\"aw-1gybjub aw-1p7kakr kEtdKx cEmitX yle__article__paragraph\">Joutuuko Gummerus ottamaan kuvan my\u00f6s Turun hovioikeudessa?<\/p>\n<p class=\"aw-1gybjub aw-1p7kakr kEtdKx cEmitX yle__article__paragraph\">Auer ja Ihle kertoivat keskiviikkona valittavansa hovioikeuteen, jos tuomio tulee.<\/p>\n<p class=\"aw-1gybjub aw-1p7kakr kEtdKx cEmitX yle__article__paragraph\">\u2013 Totta kai, sanoi Anneli Auer.<\/p>\n<p class=\"aw-1gybjub aw-1p7kakr kEtdKx cEmitX yle__article__paragraph\">\u2013 Se on itsest\u00e4\u00e4n selv\u00e4\u00e4. En tule ikin\u00e4 alistumaan t\u00e4h\u00e4n, ett\u00e4 minua pidet\u00e4\u00e4n syyllisen\u00e4, jatkoi Jens Ihle.<\/p>\n<p class=\"aw-1gybjub aw-1p7kakr kEtdKx cEmitX yle__article__paragraph\">Syytt\u00e4j\u00e4n tulevaisuuden mietteist\u00e4 ei ole tietoa.<\/p>\n<p class=\"aw-1gybjub aw-1p7kakr kEtdKx cEmitX yle__article__paragraph\">Varsinais-Suomen k\u00e4r\u00e4j\u00e4oikeus antaa tuomionsa huhtikuun 29. p\u00e4iv\u00e4.<\/p>\n<p class=\"aw-1gybjub aw-1p7kakr kEtdKx cEmitX yle__article__paragraph\">Varmasti moni yll\u00e4ttyy.<\/p>\n","protected":false},"excerpt":{"rendered":"Suomen rikoshistorian yksi seuratuimmista henkil\u00f6ist\u00e4 poistui keskiviikkona helpottuneena Turun oikeustalolta. \u2013 Toivottavasti se j\u00e4\u00e4 nyt t\u00e4h\u00e4n, ettei t\u00e4t\u00e4&hellip;\n","protected":false},"author":2,"featured_media":155980,"comment_status":"","ping_status":"","sticky":false,"template":"","format":"standard","meta":{"footnotes":"","_share_on_mastodon":"0"},"categories":[5],"tags":[10877,22,23,26,27,33,31,30,17,71,24,25,28,29,15,18,21,2944,1263,4353,32,19,20,16,6472],"class_list":["post-155979","post","type-post","status-publish","format-standard","has-post-thumbnail","category-otsikot","tag-anneli-auer","tag-breaking-news","tag-breakingnews","tag-featured-news","tag-featurednews","tag-fi","tag-finland","tag-finnish","tag-headlines","tag-kotimaa","tag-latest-news","tag-latestnews","tag-main-news","tag-mainnews","tag-news","tag-otsikot","tag-paauutiset","tag-pahoinpitely","tag-rikosepailyt","tag-seksuaalirikokset","tag-suomi","tag-top-stories","tag-topstories","tag-uutiset","tag-varsinais-suomen-karajaoikeus"],"share_on_mastodon":{"url":"https:\/\/pubeurope.com\/@fi\/115981697848080483","error":""},"_links":{"self":[{"href":"https:\/\/www.europesays.com\/fi\/wp-json\/wp\/v2\/posts\/155979","targetHints":{"allow":["GET"]}}],"collection":[{"href":"https:\/\/www.europesays.com\/fi\/wp-json\/wp\/v2\/posts"}],"about":[{"href":"https:\/\/www.europesays.com\/fi\/wp-json\/wp\/v2\/types\/post"}],"author":[{"embeddable":true,"href":"https:\/\/www.europesays.com\/fi\/wp-json\/wp\/v2\/users\/2"}],"replies":[{"embeddable":true,"href":"https:\/\/www.europesays.com\/fi\/wp-json\/wp\/v2\/comments?post=155979"}],"version-history":[{"count":0,"href":"https:\/\/www.europesays.com\/fi\/wp-json\/wp\/v2\/posts\/155979\/revisions"}],"wp:featuredmedia":[{"embeddable":true,"href":"https:\/\/www.europesays.com\/fi\/wp-json\/wp\/v2\/media\/155980"}],"wp:attachment":[{"href":"https:\/\/www.europesays.com\/fi\/wp-json\/wp\/v2\/media?parent=155979"}],"wp:term":[{"taxonomy":"category","embeddable":true,"href":"https:\/\/www.europesays.com\/fi\/wp-json\/wp\/v2\/categories?post=155979"},{"taxonomy":"post_tag","embeddable":true,"href":"https:\/\/www.europesays.com\/fi\/wp-json\/wp\/v2\/tags?post=155979"}],"curies":[{"name":"wp","href":"https:\/\/api.w.org\/{rel}","templated":true}]}}