{"id":15603,"date":"2025-08-25T07:50:15","date_gmt":"2025-08-25T07:50:15","guid":{"rendered":"https:\/\/www.europesays.com\/fi\/15603\/"},"modified":"2025-08-25T07:50:15","modified_gmt":"2025-08-25T07:50:15","slug":"tama-on-koko-muonion-juttu-muoniossa-on-koulutettu-era-ja-luonto-oppaita-jo-30-vuotta","status":"publish","type":"post","link":"https:\/\/www.europesays.com\/fi\/15603\/","title":{"rendered":"\u201dT\u00e4m\u00e4 on koko Muonion juttu\u201d \u2013 Muoniossa on koulutettu er\u00e4- ja luonto-oppaita jo 30 vuotta"},"content":{"rendered":"<p>\n      T\u00e4nne tulevat eronneet, karanneet tai muuten p\u00f6lj\u00e4t.\n    <\/p>\n<p>\n      Niin Jani Modig muistaa vastuuopettajan sanoneen, ja muut ymp\u00e4rill\u00e4 purskahtavat lausahduksen kuullessaan remakkaan nauruun.\n    <\/p>\n<p class=\"article__paragraph\">\n      Modig on entinen \u201dlumo\u201d eli Muonion er\u00e4opasopiskelija. H\u00e4n on saapunut vanhaan opinahjoonsa juhlistamaan er\u00e4opaskoulutuksen 30-vuotista taivalta ja istuu kurssitovereidensa kanssa koulun aulassa muistelemassa menneit\u00e4. Heid\u00e4n opinnoistaan on vier\u00e4ht\u00e4nyt jo 20 vuotta, mutta nauru raikaa ja juttua piisaa \u2013 aivan kuin ennenkin.\n    <\/p>\n<p class=\"article__paragraph\">\n      \u2013\u202fEi uskoisi, joku kommentoi ajankulua.\n    <\/p>\n<p>    <img decoding=\"async\" class=\"responsive-image article__image-image lozad\"   src=\"https:\/\/www.europesays.com\/fi\/wp-content\/uploads\/2025\/08\/zEEJrRy-Snp46Xb9rw3NC5CK5GN5iz5IMbU9HbAMH0LuHgiFKPgcFM7ZZwmfJqcv47dk0-CQ-uewj3lquu8dvoPas84scfsXBHJS.jpeg\" alt=\"Jani Modig j\u00e4i er\u00e4opasvuoden j\u00e4lkeen pohjoiseen asumaan. H\u00e4n asuu Yll\u00e4sj\u00e4rvell\u00e4 ja ty\u00f6skentelee yritt\u00e4j\u00e4n\u00e4 Kittil\u00e4ss\u00e4.\"\/><\/p>\n<p>\n                Jani Modig j\u00e4i er\u00e4opasvuoden j\u00e4lkeen pohjoiseen asumaan. H\u00e4n asuu Yll\u00e4sj\u00e4rvell\u00e4 ja ty\u00f6skentelee yritt\u00e4j\u00e4n\u00e4 Kittil\u00e4ss\u00e4.\n              <\/p>\n<p>\n                Kuva: Liisa Kuittinen\n              <\/p>\n<p class=\"article__paragraph\">\n      Modig oli 30-vuotias, kun h\u00e4n aloitti er\u00e4opaskoulun. H\u00e4n muutti Muonioon \u201dkaukaa Espoosta\u201d ja j\u00e4i sille tielle.\n    <\/p>\n<p class=\"article__paragraph\">\n      \u2013\u202fJostakin se on ihmisen l\u00e4hdett\u00e4v\u00e4, nyky\u00e4\u00e4n Yll\u00e4sj\u00e4rvell\u00e4 asuva Modig lohkaisee.\n    <\/p>\n<p class=\"article__paragraph\">\n      H\u00e4nelle er\u00e4opasvuosi merkitsi uutta el\u00e4m\u00e4nsuuntaa.\n    <\/p>\n<p class=\"article__paragraph\">\n      \u2013\u202fKun el\u00e4m\u00e4 potkii tarpeeksi p\u00e4\u00e4h\u00e4n, sit\u00e4 tajuaa lopulta tehd\u00e4 muutoksen.\n    <\/p>\n<p>T\u00e4st\u00e4 on kyse<\/p>\n<p>      30 vuotta lumokoulutusta<\/p>\n<p class=\"article__fact-paragraph\">\n      Muoniossa alettiin kouluttaa luontomatkailuoppaita vuonna 1995.\n    <\/p>\n<p class=\"article__fact-paragraph\">\n      Nyky\u00e4\u00e4n oppaat suorittavat luontoalan ammattitutkinnon, ja koulutuksesta valmistutaan er\u00e4- ja luonto-oppaaksi.\n    <\/p>\n<p class=\"article__fact-paragraph\">\n      Koulutuksen j\u00e4rjest\u00e4\u00e4 ammattiopisto Lappia, ja se kest\u00e4\u00e4 vuoden.\n    <\/p>\n<p class=\"article__fact-paragraph\">\n      Koulutuksen aloittaa vuosittain noin 20 opiskelijaa.\n    <\/p>\n<p class=\"article__paragraph\">\n      Hyv\u00e4 ryhm\u00e4henki ja samanhenkiset ihmiset.\n    <\/p>\n<p class=\"article__paragraph\">\n      N\u00e4m\u00e4 kaksi asiaa nousevat esiin, kun entiset lumot kokoontuvat yhteen ja muistelevat er\u00e4opaskouluaikojaan. Monille vuosi Muoniossa on ollut k\u00e4\u00e4nteentekev\u00e4, ja he muistelevat sit\u00e4 kaipauksella.\n    <\/p>\n<p class=\"article__paragraph\">\n      \u2013 Minulle siit\u00e4 alkoi muutos parempaan, omann\u00e4k\u00f6isemp\u00e4\u00e4n el\u00e4m\u00e4\u00e4n, kuvailee rovaniemel\u00e4inen Henna Joona.\n    <\/p>\n<p class=\"article__paragraph\">\n      H\u00e4n aloitti er\u00e4opaskoulun vuonna 2017. H\u00e4n oli silloin 33-vuotias.\n    <\/p>\n<p>    <img decoding=\"async\" class=\"responsive-image article__image-image lozad\"   src=\"https:\/\/www.europesays.com\/fi\/wp-content\/uploads\/2025\/08\/0PjT7ede6QgMPAtzjrdhpGucCang3zvPXWD283anrn2LEVRUonajYa6E6RjodvF6qZVD4DZ9wd2Hc27J8R9PasjJynrLKrCEcgu1.jpeg\" alt=\"Rovaniemel\u00e4inen Henna Joona l\u00f6ysi er\u00e4opaskoulusta samanhenkisi\u00e4 ihmisi\u00e4. \u201dMeill\u00e4 oli tosi hyv\u00e4 porukka, jossa sai p\u00e4\u00e4st\u00e4\u00e4 itsens\u00e4 valloilleen.\u201d\"\/><\/p>\n<p>\n                Rovaniemel\u00e4inen Henna Joona l\u00f6ysi er\u00e4opaskoulusta samanhenkisi\u00e4 ihmisi\u00e4. \u201dMeill\u00e4 oli tosi hyv\u00e4 porukka, jossa sai p\u00e4\u00e4st\u00e4\u00e4 itsens\u00e4 valloilleen.\u201d\n              <\/p>\n<p>\n                Kuva: Liisa Kuittinen\n              <\/p>\n<p class=\"article__paragraph\">\n      \u2013 Meill\u00e4 oli tosi hyv\u00e4 porukka, jossa sai vapaasti olla oma itsens\u00e4. Sit\u00e4 kautta l\u00f6ysin sen, mik\u00e4 on itsess\u00e4 hyv\u00e4\u00e4 ja mit\u00e4 haluan el\u00e4m\u00e4lt\u00e4, Joona sanoo.\n    <\/p>\n<p class=\"article__paragraph\">\n      Er\u00e4- ja luonto-oppaan koulutus on ammattitutkinto, ja tutkinnon suorittajat ovat usein jo ty\u00f6el\u00e4m\u00e4ss\u00e4. He ovat monenik\u00e4isi\u00e4 ja edustavat useita eri ammattiryhmi\u00e4.\n    <\/p>\n<p class=\"article__paragraph\">\n      \u2013 Yhdist\u00e4v\u00e4 tekij\u00e4 on yhteinen kiinnostuksen kohde, luonto, m\u00e4\u00e4rittelee vuoden 2005 lumo Henna L\u00e4nsip\u00e4\u00e4.\n    <\/p>\n<p class=\"article__paragraph\">\n      Entisten lumojen mielest\u00e4 on rikkaus, ett\u00e4 opiskelutoverit ovat eri-ik\u00e4isi\u00e4. Opiskelijoiden ik\u00e4haitari liikkuu 18:sta yli 50:een.\n    <\/p>\n<p class=\"article__paragraph\">\n      \u2013 Min\u00e4 olin kurssini vanhin nainen, mutten koskaan kokenut olevani vanha, Ulriikka Nuorala kertoo.\n    <\/p>\n<p>    <img decoding=\"async\" class=\"responsive-image article__image-image lozad\"   src=\"https:\/\/www.europesays.com\/fi\/wp-content\/uploads\/2025\/08\/Wd5EGOTfnuCikLmBnyBlviytZpYHA-j-sIDJEoB_rq5am_CCe-qoVHRhiBZtGNDQ3ek1p4a6-gXM31UG1TjEYQtRjW420ChKHKyj.jpeg\" alt=\"T\u00e4m\u00e4n vuoden er\u00e4opasopiskelijat Laura Suomalainen (toinen vas.) ja Sofia Ahvenainen (kolmas vas.) valmistivat lumojen 30-vuotisjuhlaan mokkapaloja marttojen reseptill\u00e4. Opiskelutoverit Jaakko Haltia, Noora Nuotio ja Jooseppi Myllyneva seurasivat vieress\u00e4. Uusilla lumoilla oli kaksi viikkoa koulua takana. \u201dRyhm\u00e4henki on hyv\u00e4. Meit\u00e4 on tiivis, pieni porukka\u201d, he kertoivat.\"\/><\/p>\n<p>\n                T\u00e4m\u00e4n vuoden er\u00e4opasopiskelijat Laura Suomalainen (toinen vas.) ja Sofia Ahvenainen (kolmas vas.) valmistivat lumojen 30-vuotisjuhlaan mokkapaloja marttojen reseptill\u00e4. Opiskelutoverit Jaakko Haltia, Noora Nuotio ja Jooseppi Myllyneva seurasivat vieress\u00e4. Uusilla lumoilla oli kaksi viikkoa koulua takana. \u201dRyhm\u00e4henki on hyv\u00e4. Meit\u00e4 on tiivis, pieni porukka\u201d, he kertoivat.\n              <\/p>\n<p>\n                Kuva: Liisa Kuittinen\n              <\/p>\n<p class=\"article__paragraph\">\n      Ensimm\u00e4inen er\u00e4opaskurssi k\u00e4ynnistyi Muoniossa syksyll\u00e4 1995. Idea l\u00e4hti paikallisesta matkailuyrityksest\u00e4, Harrinivasta.\n    <\/p>\n<p class=\"article__paragraph\">\n      \u2013 Siell\u00e4 oli tarvetta luontoa tunteville ja eri v\u00e4linein luonnossa turvallisesti liikkuville oppaille, kertoo ammattiopisto Lappian entinen rehtori ja kouluttaja Veli-Pekka Kurki.\n    <\/p>\n<p class=\"article__paragraph\">\n      \u2013 Perustimme ty\u00f6ryhm\u00e4n suunnittelemaan koulutusta.\n    <\/p>\n<p class=\"article__paragraph\">\n      Koulutuksen alkaessa er\u00e4opas ei viel\u00e4 ollut virallinen ammattitutkinto, ja opintolinjan nime\u00e4 mietittiin pitk\u00e4\u00e4n. Lopulta p\u00e4\u00e4dyttiin luontomatkailuoppaan nimeen. Se lyheni k\u00e4yt\u00f6ss\u00e4 lumoksi \u2013 lempinimeksi, joka on Muoniossa yh\u00e4 k\u00e4yt\u00f6ss\u00e4, vaikka tutkintonimike on sittemmin muuttunut.\n    <\/p>\n<p class=\"article__paragraph\">\n      \u2013 Koulutus on kehittynyt ja uudistunut kaiken aikaa, Kurki sanoo.\n    <\/p>\n<p class=\"article__paragraph\">\n      \u2013 Olemme ottaneet aina yhden askeleen taaksep\u00e4in ja kaksi eteenp\u00e4in.\n    <\/p>\n<p class=\"article__paragraph\">\n      Priitta P\u00f6yht\u00e4ri-Tr\u00f8en tuli lumojen vastuukouluttajaksi vuonna 2013. Jo sit\u00e4 ennen h\u00e4n oli toiminut er\u00e4opaskursseilla opettajana.\n    <\/p>\n<p class=\"article__paragraph\">\n      \u2013 Koulutuksen alkaessa olin yritt\u00e4j\u00e4n\u00e4 \u00c4k\u00e4skerolla. Aluksi tulin tekem\u00e4\u00e4n koiratarhaviikkoa, h\u00e4n kertoo.\n    <\/p>\n<p>    <img decoding=\"async\" class=\"responsive-image article__image-image lozad\"   src=\"https:\/\/www.europesays.com\/fi\/wp-content\/uploads\/2025\/08\/UMReAtEPoDSXHvxQSJIKUc_msxSlcnEdPWNYiSbj7J9GOp7YxM1LllmP3wW6OjUPjwuEhrPw0u23sFBzSET1SkNmEtn5uCmeH-0m.jpeg\" alt=\"Er\u00e4opaskouluttaja Priitta P\u00f6yht\u00e4ri-Tr\u00f8en juonsi 30-vuotisjuhlaa. P\u00f6yht\u00e4ri-Tr\u00f8en uskoo er\u00e4opaskoulutuksen tuovan Muonioon elinvoimaa\"\/><\/p>\n<p>\n                Er\u00e4opaskouluttaja Priitta P\u00f6yht\u00e4ri-Tr\u00f8en juonsi 30-vuotisjuhlaa. P\u00f6yht\u00e4ri-Tr\u00f8en uskoo er\u00e4opaskoulutuksen tuovan Muonioon elinvoimaa\n              <\/p>\n<p>\n                Kuva: Liisa Kuittinen\n              <\/p>\n<p class=\"article__paragraph\">\n      P\u00f6yht\u00e4ri-Tr\u00f8en uskoo, ett\u00e4 er\u00e4opaskoulu tuo alueelle elinvoimaa. Sit\u00e4 kautta saadaan uusia asukkaita, ty\u00f6ntekij\u00f6it\u00e4 ja yritt\u00e4ji\u00e4. Vaikka monille er\u00e4opasopiskelijoille vuosi Muoniossa merkitsee v\u00e4livuotta, aina joku j\u00e4\u00e4 paikkakunnalle.\n    <\/p>\n<p class=\"article__paragraph\">\n      \u2013 Me koulutamme er\u00e4oppaita Lapin matkailuun, h\u00e4n painottaa.\n    <\/p>\n<p class=\"article__paragraph\">\n      P\u00f6yht\u00e4ri-Tr\u00f8enin mukaan Muonion er\u00e4- ja luonto-opaskoulutuksella on Muoniossa vahva paikallinen hyv\u00e4ksynt\u00e4.\n    <\/p>\n<p class=\"article__paragraph\">\n      \u2013 Muoniolaiset pit\u00e4v\u00e4t lumoja ominaan. T\u00e4m\u00e4 on koko Muonion juttu.\n    <\/p>\n<p>\u201dLumokoulu yhdist\u00e4\u00e4 t\u00e4nne j\u00e4\u00e4vi\u00e4\u201d<\/p>\n<p>Liisa Kuittinen<\/p>\n<p>    <img decoding=\"async\" class=\"responsive-image article__armpit-image-image lozad\"   src=\"https:\/\/www.europesays.com\/fi\/wp-content\/uploads\/2025\/08\/JaEQT8kBqv2zDyZuAusclkajfWokf7u76mq6xcPMEcvo8P4Xp9ThpiKSBH7QAMq7yZJao6EYjtKGswOsp1Q2TLbmv9wE5VnpfiTV.jpeg\" alt=\"Sanni Lampinen on asunut Muoniossa kahdeksan vuotta ja kotiutunut paikkakunnalle hyvin. Muoniolaiseksi h\u00e4n ei kuitenkaan viel\u00e4 itse\u00e4\u00e4n koe. \u201dMuoniolaiset ovat muoniolaisia. Olen junantuoma. P\u00e4rj\u00e4\u00e4n kuitenkin muoniolaisten kanssa hyvin\u201d, h\u00e4n sanoo.\"\/><\/p>\n<p>\n                Sanni Lampinen on asunut Muoniossa kahdeksan vuotta ja kotiutunut paikkakunnalle hyvin. Muoniolaiseksi h\u00e4n ei kuitenkaan viel\u00e4 itse\u00e4\u00e4n koe. \u201dMuoniolaiset ovat muoniolaisia. Olen junantuoma. P\u00e4rj\u00e4\u00e4n kuitenkin muoniolaisten kanssa hyvin\u201d, h\u00e4n sanoo.\n              <\/p>\n<p>\n                Kuva: Liisa Kuittinen\n              <\/p>\n<p class=\"article__armpit-paragraph\">\n      Sanni Lampisen toi Muonioon uteliaisuus.\n    <\/p>\n<p class=\"article__armpit-paragraph\">\n      Vuonna 2015 P\u00e4ij\u00e4t-H\u00e4meest\u00e4 l\u00e4ht\u00f6isin oleva Lampinen asui Australiassa. H\u00e4n oli kouluttautunut fysioterapeutiksi ja mietti, mit\u00e4 muuta voisi viel\u00e4 tehd\u00e4.\n    <\/p>\n<p class=\"article__armpit-paragraph\">\n      \u2013 Tykk\u00e4sin jo silloin vied\u00e4 kavereita luontokohteisiin, h\u00e4n kertoo.\n    <\/p>\n<p class=\"article__armpit-paragraph\">\n      Lampinen kiinnostui Muonion er\u00e4opaskoulusta ja p\u00e4\u00e4tti hakea sinne. Ovet eiv\u00e4t auenneet ensi yrityksell\u00e4, mutta Lampinen muutti Muonioon. Vuosi oli 2017.\n    <\/p>\n<p class=\"article__armpit-paragraph\">\n      \u2013 Ty\u00f6skentelin kaksi talvea koiravaljakko-oppaana ja hain kouluun uudelleen.\n    <\/p>\n<p class=\"article__armpit-paragraph\">\n      Vuonna 2019 Lampinen p\u00e4\u00e4si sis\u00e4\u00e4n er\u00e4opaskouluun. H\u00e4n oli 29-vuotias.\n    <\/p>\n<p class=\"article__armpit-paragraph\">\n      \u2013 Olin odottanut hirve\u00e4sti, ett\u00e4 p\u00e4\u00e4sisin syvent\u00e4m\u00e4\u00e4n luontotiet\u00e4myst\u00e4 ja tapaamaan muita opiskelijoita, h\u00e4n kertoo.\n    <\/p>\n<p class=\"article__armpit-paragraph\">\n      \u2013 Vuosi oli hyvin opettavainen. Sain esimerkiksi talviretkeilyyn varmuutta ja ymm\u00e4rryst\u00e4 siit\u00e4, mit\u00e4 kaikkea pit\u00e4\u00e4 ottaa huomioon. Opin my\u00f6s kartanlukutaitoa.\n    <\/p>\n<p class=\"article__armpit-paragraph\">\n      Lampinen on j\u00e4\u00e4nyt Muonioon. H\u00e4n ty\u00f6skentelee fysioterapeuttina ja oppaana.\n    <\/p>\n<p class=\"article__armpit-paragraph\">\n      \u2013 Minulla on oma toiminimi, ja Discover Lapland ostaa minulta opastuksia. Ved\u00e4n 5\u20138 pitk\u00e4\u00e4 vaellusta vuodessa.\n    <\/p>\n<p class=\"article__armpit-paragraph\">\n      Lampinen tiet\u00e4\u00e4, ett\u00e4 monille er\u00e4opasvuosi merkitsee v\u00e4livuotta ja heng\u00e4hdystaukoa ty\u00f6el\u00e4m\u00e4st\u00e4. Kunnan puolesta h\u00e4n toivoisi, ett\u00e4 nykyist\u00e4 useammilla olisi kiinnostusta j\u00e4\u00e4d\u00e4 Muonioon.\n    <\/p>\n<p class=\"article__armpit-paragraph\">\n      \u2013 Toisaalta lumokoulu yhdist\u00e4\u00e4 niit\u00e4, ketk\u00e4 t\u00e4nne j\u00e4\u00e4v\u00e4t. Olemme kiinnostuneita samanlaisista asioista.\n    <\/p>\n","protected":false},"excerpt":{"rendered":"T\u00e4nne tulevat eronneet, karanneet tai muuten p\u00f6lj\u00e4t. Niin Jani Modig muistaa vastuuopettajan sanoneen, ja muut ymp\u00e4rill\u00e4 purskahtavat lausahduksen&hellip;\n","protected":false},"author":2,"featured_media":15604,"comment_status":"","ping_status":"","sticky":false,"template":"","format":"standard","meta":{"footnotes":""},"categories":[117],"tags":[33,31,30,72,476,118,32,119,477],"class_list":{"0":"post-15603","1":"post","2":"type-post","3":"status-publish","4":"format-standard","5":"has-post-thumbnail","7":"category-luonto","8":"tag-fi","9":"tag-finland","10":"tag-finnish","11":"tag-luonto","12":"tag-nature","13":"tag-science","14":"tag-suomi","15":"tag-tiede","16":"tag-wildlife"},"share_on_mastodon":{"url":"","error":""},"_links":{"self":[{"href":"https:\/\/www.europesays.com\/fi\/wp-json\/wp\/v2\/posts\/15603","targetHints":{"allow":["GET"]}}],"collection":[{"href":"https:\/\/www.europesays.com\/fi\/wp-json\/wp\/v2\/posts"}],"about":[{"href":"https:\/\/www.europesays.com\/fi\/wp-json\/wp\/v2\/types\/post"}],"author":[{"embeddable":true,"href":"https:\/\/www.europesays.com\/fi\/wp-json\/wp\/v2\/users\/2"}],"replies":[{"embeddable":true,"href":"https:\/\/www.europesays.com\/fi\/wp-json\/wp\/v2\/comments?post=15603"}],"version-history":[{"count":0,"href":"https:\/\/www.europesays.com\/fi\/wp-json\/wp\/v2\/posts\/15603\/revisions"}],"wp:featuredmedia":[{"embeddable":true,"href":"https:\/\/www.europesays.com\/fi\/wp-json\/wp\/v2\/media\/15604"}],"wp:attachment":[{"href":"https:\/\/www.europesays.com\/fi\/wp-json\/wp\/v2\/media?parent=15603"}],"wp:term":[{"taxonomy":"category","embeddable":true,"href":"https:\/\/www.europesays.com\/fi\/wp-json\/wp\/v2\/categories?post=15603"},{"taxonomy":"post_tag","embeddable":true,"href":"https:\/\/www.europesays.com\/fi\/wp-json\/wp\/v2\/tags?post=15603"}],"curies":[{"name":"wp","href":"https:\/\/api.w.org\/{rel}","templated":true}]}}