{"id":156051,"date":"2026-01-30T05:02:07","date_gmt":"2026-01-30T05:02:07","guid":{"rendered":"https:\/\/www.europesays.com\/fi\/156051\/"},"modified":"2026-01-30T05:02:07","modified_gmt":"2026-01-30T05:02:07","slug":"usu-toistakymmenta-teboil-yrittajaa-siirtynyt-seon-alaisuuteen-uutisia-lyhyesti","status":"publish","type":"post","link":"https:\/\/www.europesays.com\/fi\/156051\/","title":{"rendered":"USU: Toistakymment\u00e4 Teboil-yritt\u00e4j\u00e4\u00e4 siirtynyt SEOn alaisuuteen | Uutisia lyhyesti"},"content":{"rendered":"<p class=\"aw-1gybjub aw-1p7kakr kEtdKx cEmitX yle__article__paragraph\">Toistakymment\u00e4 Teboil-yritt\u00e4j\u00e4\u00e4 on siirtynyt huoltoasemaverkosto SEOn alaisuuteen. Asiasta kertoi Uutissuomalaiselle SEOn toimitusjohtaja <strong class=\"aw-ak79eh KyCXm yle__article__strong\">Arto Viljanen<\/strong>.<\/p>\n<p class=\"aw-1gybjub aw-1p7kakr kEtdKx cEmitX yle__article__paragraph\">Viljanen ei suostunut kertomaan medialle tarkkaa lukemaa, mutta osalla siirtyneist\u00e4 yritt\u00e4jist\u00e4 on h\u00e4nen mukaansa useampia huoltoasemia.<\/p>\n<p class=\"aw-1gybjub aw-1p7kakr kEtdKx cEmitX yle__article__paragraph\">SEO on Viljasen mukaan l\u00e4hestynyt kaikkia Teboil-yritt\u00e4ji\u00e4.<\/p>\n<p class=\"aw-1gybjub aw-1p7kakr kEtdKx cEmitX yle__article__paragraph\">\u2013 Osa Teboil-yritt\u00e4jist\u00e4 ei ole tehnyt viel\u00e4 ratkaisua vaan odottaa jotain tapahtuvaksi, en osaa sanoa mit\u00e4, Viljanen sanoi Uutissuomalaiselle.<\/p>\n<p class=\"aw-1gybjub aw-1p7kakr kEtdKx cEmitX yle__article__paragraph\">S-ryhm\u00e4 kertoi Uutissuomalaiselle, ett\u00e4 useampi Teboil-yritt\u00e4j\u00e4 on ilmaissut heille halukkuutensa siirty\u00e4 S-ryhm\u00e4n alaisuuteen. S-ryhm\u00e4n mukaan he eiv\u00e4t pysty tarjoamaan yritt\u00e4jille kauppiasvetoista mallia.<\/p>\n","protected":false},"excerpt":{"rendered":"Toistakymment\u00e4 Teboil-yritt\u00e4j\u00e4\u00e4 on siirtynyt huoltoasemaverkosto SEOn alaisuuteen. Asiasta kertoi Uutissuomalaiselle SEOn toimitusjohtaja Arto Viljanen. Viljanen ei suostunut kertomaan&hellip;\n","protected":false},"author":2,"featured_media":156052,"comment_status":"","ping_status":"","sticky":false,"template":"","format":"standard","meta":{"footnotes":"","_share_on_mastodon":"0"},"categories":[76],"tags":[79,77,33,31,30,9614,71,26178,32,78,15389],"class_list":["post-156051","post","type-post","status-publish","format-standard","has-post-thumbnail","category-talous","tag-business","tag-economy","tag-fi","tag-finland","tag-finnish","tag-huoltamot","tag-kotimaa","tag-seo","tag-suomi","tag-talous","tag-teboil"],"share_on_mastodon":{"url":"https:\/\/pubeurope.com\/@fi\/115982299570014168","error":""},"_links":{"self":[{"href":"https:\/\/www.europesays.com\/fi\/wp-json\/wp\/v2\/posts\/156051","targetHints":{"allow":["GET"]}}],"collection":[{"href":"https:\/\/www.europesays.com\/fi\/wp-json\/wp\/v2\/posts"}],"about":[{"href":"https:\/\/www.europesays.com\/fi\/wp-json\/wp\/v2\/types\/post"}],"author":[{"embeddable":true,"href":"https:\/\/www.europesays.com\/fi\/wp-json\/wp\/v2\/users\/2"}],"replies":[{"embeddable":true,"href":"https:\/\/www.europesays.com\/fi\/wp-json\/wp\/v2\/comments?post=156051"}],"version-history":[{"count":0,"href":"https:\/\/www.europesays.com\/fi\/wp-json\/wp\/v2\/posts\/156051\/revisions"}],"wp:featuredmedia":[{"embeddable":true,"href":"https:\/\/www.europesays.com\/fi\/wp-json\/wp\/v2\/media\/156052"}],"wp:attachment":[{"href":"https:\/\/www.europesays.com\/fi\/wp-json\/wp\/v2\/media?parent=156051"}],"wp:term":[{"taxonomy":"category","embeddable":true,"href":"https:\/\/www.europesays.com\/fi\/wp-json\/wp\/v2\/categories?post=156051"},{"taxonomy":"post_tag","embeddable":true,"href":"https:\/\/www.europesays.com\/fi\/wp-json\/wp\/v2\/tags?post=156051"}],"curies":[{"name":"wp","href":"https:\/\/api.w.org\/{rel}","templated":true}]}}