{"id":15609,"date":"2025-08-25T08:03:14","date_gmt":"2025-08-25T08:03:14","guid":{"rendered":"https:\/\/www.europesays.com\/fi\/15609\/"},"modified":"2025-08-25T08:03:14","modified_gmt":"2025-08-25T08:03:14","slug":"piia-helanderin-helios-sukeltaa-valheen-ja-vallan-tiheaan-verkkoon","status":"publish","type":"post","link":"https:\/\/www.europesays.com\/fi\/15609\/","title":{"rendered":"Piia Helanderin Helios sukeltaa valheen ja vallan tihe\u00e4\u00e4n verkkoon"},"content":{"rendered":"<p><strong><\/p>\n<p>Helios on Piia Helanderin esikoisteos ja uuden j\u00e4nnityssarjan avaus, jossa rakkaus polttaa ja valta tappaa.<\/p>\n<p><\/strong><\/p>\n<p>Kes\u00e4iseen Hankoon ja Hyvink\u00e4\u00e4lle sijoittuva\u00a0Helios esittelee lukijoille freelancer-toimittaja Sandra Dahlqvistin, joka yritt\u00e4\u00e4 rakentaa el\u00e4m\u00e4\u00e4ns\u00e4 uudelleen vaikean parisuhteen j\u00e4lkeen. Palatessaan juttukeikalta Hangosta kotiin Hyvink\u00e4\u00e4lle h\u00e4n saa yll\u00e4tt\u00e4v\u00e4n puhelun. Ep\u00e4toivoinen is\u00e4 kertoo tytt\u00e4rens\u00e4 Matildan kadonneen samoissa ratsastuskisoissa, joista Sandra on ollut raportoimassa hevosurheilulehdelle, ja pyyt\u00e4\u00e4 Sandran apua. Sandra ajautuu keskelle tapahtumaketjua, joka ulottuu syv\u00e4lle ratsastusmaailman kulisseihin ja sen valtarakenteisiin.<\/p>\n<p>Poliisista katoamista alkaa selvitt\u00e4\u00e4 Ossi Hietala, joka on juuri aloittanut Hyvink\u00e4\u00e4n rikostutkintayksik\u00f6ss\u00e4 toivuttuaan traumaattisesta ty\u00f6tapaturmasta. J\u00e4nnitystarina avautuu lukijalle useasta n\u00e4k\u00f6kulmasta, Matildan p\u00e4iv\u00e4kirjamerkinn\u00e4t kuvaavat nuoren tyt\u00f6n sis\u00e4ist\u00e4 maailmaa ja valmennuskulttuuria, jossa rajat h\u00e4m\u00e4rtyv\u00e4t.<\/p>\n<p>Helios k\u00e4sittelee nuoriin kohdistuvia paineita, valmentaja-valmenettavasuhteiden dynamiikkaa ja sit\u00e4, miten vaikeaa on erottaa totuus tarinasta, kun jokaisella on oma versionsa. Romaani yhdist\u00e4\u00e4 psykologiseen j\u00e4nnitykseen yhteiskunnallisen ulottuvuuden ja nuorten kokemusten kuvauksen. Romaanissa pohditaan my\u00f6s median roolia, yksityisyyden rajoja sek\u00e4 sit\u00e4, miten vaikeaa on tulla kuulluksi kun vastassa on auktoriteetteja ja vaikenemisen kulttuuri.<\/p>\n<p><strong>Piia Helander<\/strong>\u00a0(s. 1992) on laskentasihteeri, esikoiskirjailija, ikuinen heppatytt\u00f6 ja yhden jackrussellinterrierin hovipalvelija. H\u00e4n rakastaa kahvia, salaper\u00e4isyyksi\u00e4 ja kotikaupunkiaan Hyvink\u00e4\u00e4t\u00e4.<\/p>\n<p><strong>Helios julkaistaan 12.6.2025.<\/strong><\/p>\n<p>Teos julkaistaan kaikissa formaateissa. \u00c4\u00e4nikirjan lukevat <strong>Markus J\u00e4rvenp\u00e4\u00e4<\/strong> ja <strong>Johanna Valle<\/strong>.<\/p>\n<p><strong>Haastattelut ja pdf-vedokset medialle:<\/strong> <a href=\"https:\/\/www.sttinfo.fi\/tiedote\/71216202\/mailto:jenni.heiti@otava.fi\" rel=\"nofollow noopener\" target=\"_blank\">jenni.heiti@otava.fi<\/a><\/p>\n<p><strong>Arvostelukappaleet:<\/strong> <a href=\"https:\/\/www.sttinfo.fi\/tiedote\/71216202\/mailto:arvostelukappale@otava.fi\" rel=\"nofollow noopener\" target=\"_blank\">arvostelukappale@otava.fi<\/a><\/p>\n","protected":false},"excerpt":{"rendered":"Helios on Piia Helanderin esikoisteos ja uuden j\u00e4nnityssarjan avaus, jossa rakkaus polttaa ja valta tappaa. Kes\u00e4iseen Hankoon ja&hellip;\n","protected":false},"author":2,"featured_media":15610,"comment_status":"","ping_status":"","sticky":false,"template":"","format":"standard","meta":{"footnotes":""},"categories":[134],"tags":[377,137,33,31,30,378,32,109],"class_list":{"0":"post-15609","1":"post","2":"type-post","3":"status-publish","4":"format-standard","5":"has-post-thumbnail","7":"category-kirjat","8":"tag-books","9":"tag-entertainment","10":"tag-fi","11":"tag-finland","12":"tag-finnish","13":"tag-kirjat","14":"tag-suomi","15":"tag-viihde"},"share_on_mastodon":{"url":"","error":""},"_links":{"self":[{"href":"https:\/\/www.europesays.com\/fi\/wp-json\/wp\/v2\/posts\/15609","targetHints":{"allow":["GET"]}}],"collection":[{"href":"https:\/\/www.europesays.com\/fi\/wp-json\/wp\/v2\/posts"}],"about":[{"href":"https:\/\/www.europesays.com\/fi\/wp-json\/wp\/v2\/types\/post"}],"author":[{"embeddable":true,"href":"https:\/\/www.europesays.com\/fi\/wp-json\/wp\/v2\/users\/2"}],"replies":[{"embeddable":true,"href":"https:\/\/www.europesays.com\/fi\/wp-json\/wp\/v2\/comments?post=15609"}],"version-history":[{"count":0,"href":"https:\/\/www.europesays.com\/fi\/wp-json\/wp\/v2\/posts\/15609\/revisions"}],"wp:featuredmedia":[{"embeddable":true,"href":"https:\/\/www.europesays.com\/fi\/wp-json\/wp\/v2\/media\/15610"}],"wp:attachment":[{"href":"https:\/\/www.europesays.com\/fi\/wp-json\/wp\/v2\/media?parent=15609"}],"wp:term":[{"taxonomy":"category","embeddable":true,"href":"https:\/\/www.europesays.com\/fi\/wp-json\/wp\/v2\/categories?post=15609"},{"taxonomy":"post_tag","embeddable":true,"href":"https:\/\/www.europesays.com\/fi\/wp-json\/wp\/v2\/tags?post=15609"}],"curies":[{"name":"wp","href":"https:\/\/api.w.org\/{rel}","templated":true}]}}