{"id":156174,"date":"2026-01-30T07:57:10","date_gmt":"2026-01-30T07:57:10","guid":{"rendered":"https:\/\/www.europesays.com\/fi\/156174\/"},"modified":"2026-01-30T07:57:10","modified_gmt":"2026-01-30T07:57:10","slug":"saija-tuupanen-ja-marko-maunuksela-syva-ystavyys-herkka-duetto-julki","status":"publish","type":"post","link":"https:\/\/www.europesays.com\/fi\/156174\/","title":{"rendered":"Saija Tuupanen ja Marko Maunuksela: \u201dSyv\u00e4 yst\u00e4vyys\u201d \u2013 herkk\u00e4 duetto julki"},"content":{"rendered":"<p class=\"has-drop-cap\"><strong>Saija Tuupanen<\/strong> on yhdist\u00e4nyt voimansa <strong>Marko Maunukselan<\/strong> kanssa. Kahden tangokuninkaallisen herkk\u00e4 uutuusduetto on perjantaina, 30. tammikuuta julkaistu Kaunista ja hyv\u00e4\u00e4.<\/p>\n<p><a href=\"https:\/\/www.tanssiin.fi\/tag\/marko-maunuksela\/\" title=\"marko maunuksela\" rel=\"nofollow noopener\" target=\"_blank\">Marko Maunuksela<\/a>\u00a0tiesi, ett\u00e4 h\u00e4nen vuonna 2012 julkaisemansa\u00a0Kaunista ja hyv\u00e4\u00e4\u00a0-kappale samannimiselt\u00e4 albumiltaan on t\u00e4rke\u00e4 my\u00f6s artistiyst\u00e4v\u00e4\u00a0<a href=\"https:\/\/www.tanssiin.fi\/tag\/saija-tuupanen\/\" title=\"Saija Tuupanen\" rel=\"nofollow noopener\" target=\"_blank\">Saija Tuupaselle<\/a>.\u00a0<\/p>\n<p>\u201dT\u00e4m\u00e4 idea on muhinut mieless\u00e4ni jo pitk\u00e4\u00e4n, ett\u00e4 n\u00e4in upea kappale ansaitsee uuden tulemisen. Olen ollut tietoinen, ett\u00e4 Kaunista ja hyv\u00e4\u00e4 on ollut itseni lis\u00e4ksi my\u00f6s Saijalle yksi isoista voimalauluista. Saija on viimeaikoina esitt\u00e4nyt t\u00e4t\u00e4 laulua my\u00f6s omilla keikoillaan\u201d, Marko tausoittaa yhteisduon ajatusta.<\/p>\n<p>\u201dSiit\u00e4 se idea sitten lopulta syntyi, t\u00e4\u00e4 pit\u00e4\u00e4 tehd\u00e4 duettona! Niinp\u00e4 otettiin yhteytt\u00e4 kappaleen s\u00e4velt\u00e4j\u00e4\u00e4n\u00a0<strong>Petri Someriin,<\/strong>\u00a0joka innostui aiheesta ja lupasi my\u00f6s tuottaa ja sovittaa uuden version.\u201d<\/p>\n<p>Tanssiin.fi <a href=\"https:\/\/www.tanssiin.fi\/marko-maunuksela-jatkaa-tangotuomariston-vetajana-uusi-lava-seinajoen-tangomarkkinoille\/\" title=\"Marko Maunuksela jatkaa tangotuomariston vet\u00e4j\u00e4n\u00e4 \u2013\u00a0uusi lava Sein\u00e4joen Tangomarkkinoille\" rel=\"nofollow noopener\" target=\"_blank\">uutisoi<\/a> t\u00e4ll\u00e4 viikolla, ett\u00e4 Maunuksela jatkaa my\u00f6s Sein\u00e4joen Tangomarkkinoiden laulukilpailun tuomariston puheenjohtajana. Saija taas lataa akkujaan pitk\u00e4ll\u00e4 talvilomalla ja palaa <a href=\"https:\/\/www.tanssiin.fi\/artistit\/naistahdet\/saija-tuupanen\/\" title=\"\" rel=\"nofollow noopener\" target=\"_blank\">keikoille<\/a> vasta maaliskuun puoliv\u00e4liss\u00e4.<\/p>\n<p><strong>Lue my\u00f6s:<\/strong> <a href=\"https:\/\/www.tanssiin.fi\/koulukiusattu-saija-tuupanen-antaa-aanen-nuorille-lahdin-mukaan-suurella-sydamella\/\" title=\"Koulukiusattu Saija Tuupanen antaa \u00e4\u00e4nen nuorille: \u201dL\u00e4hdin mukaan suurella syd\u00e4mell\u00e4\u201d\" rel=\"nofollow noopener\" target=\"_blank\">Koulukiusattu Saija Tuupanen antaa \u00e4\u00e4nen nuorille: \u201dL\u00e4hdin mukaan suurella syd\u00e4mell\u00e4\u201d<\/a><\/p>\n<p>Saija: \u201dT\u00e4m\u00e4 laulu on ollut oma voimakappaleeni\u201d<\/p>\n<p>Tangokuningas on yhteisty\u00f6st\u00e4 enemm\u00e4n kuin iloinen ja innoissaan.<\/p>\n<p>\u201dSaijan kanssa oli ihanaa tehd\u00e4 n\u00e4in merkityksellinen duetto. Studiossa syntyi heti syv\u00e4 yhteys, mik\u00e4 kuuluu upeasti laulun kokonaisuudessa. Me ollaan hyvi\u00e4 yst\u00e4vi\u00e4 ja luottamus toiseen on avainasia, ett\u00e4 n\u00e4in t\u00e4rkest\u00e4 duetosta tulee kokonainen.\u201d<\/p>\n<blockquote>\n<p>\u201dLuottamuus toiseen on avainasia\u201d<\/p>\n<p>marko maunuksela<\/p><\/blockquote>\n<p>My\u00f6s Tuupanen iloitsee yhteisest\u00e4 duetosta.<\/p>\n<p>\u201dKuinka onnellinen olen, ett\u00e4 sain antaa my\u00f6s omaa \u00e4\u00e4nt\u00e4 t\u00e4lle Markon hienolle biisille\u201d, tangokuningatar sanoo.<\/p>\n<p>\u201dOlin aivan \u00e4\u00e4rett\u00f6m\u00e4n innoissani, kun Marko t\u00e4t\u00e4 mulle ehdotti. T\u00e4m\u00e4 laulu on ollut mulle oma voimakappaleeni. Toivon, ett\u00e4 se syv\u00e4 yst\u00e4vyys, joka meill\u00e4 Markon kanssa on, kuuluu my\u00f6s t\u00e4ss\u00e4 laulussa.\u201d<\/p>\n<p>Kappaleen sanoittajana on toiminut\u00a0<strong>Sana Mustonen<\/strong>.<\/p>\n<p><strong>Katso ja kuuntele<\/strong> Saija Tuupanen &amp; Marko Maunuksela Kaunista ja hyv\u00e4\u00e4 (s\u00e4v. sov. Petri Somer, san. Sana Mustonen) MagnumLive Oy &amp; MvM Musiikki 2026:<\/p>\n<p><img decoding=\"async\" class=\"aioseo-author-bio-compact-image\" src=\"https:\/\/www.europesays.com\/fi\/wp-content\/uploads\/2025\/10\/cropped-tanssiin-logo.jpg\" alt=\"author avatar\"\/><br \/>\nTanssi- ja iskelm\u00e4musiikin uutiset asiantuntevasti.<\/p>\n<p>80%<br \/>\nIhana<\/p>\n<p>0%<br \/>\nHauska<\/p>\n<p>0%<br \/>\nVau<\/p>\n<p>0%<br \/>\nSurullinen<\/p>\n<p>20%<br \/>\nVihainen\n<\/p>\n<p>Post navigation<\/p>\n","protected":false},"excerpt":{"rendered":"Saija Tuupanen on yhdist\u00e4nyt voimansa Marko Maunukselan kanssa. Kahden tangokuninkaallisen herkk\u00e4 uutuusduetto on perjantaina, 30. tammikuuta julkaistu Kaunista&hellip;\n","protected":false},"author":2,"featured_media":156175,"comment_status":"","ping_status":"","sticky":false,"template":"","format":"standard","meta":{"footnotes":"","_share_on_mastodon":"0"},"categories":[132],"tags":[26186,137,33,31,30,14805,26187,8617,23591,195,47,1243,4831,8193,32,3111,6188,4049,16,193,109],"class_list":["post-156174","post","type-post","status-publish","format-standard","has-post-thumbnail","category-musiikki","tag-duetto","tag-entertainment","tag-fi","tag-finland","tag-finnish","tag-kappale","tag-kaunista-ja-hyvaa","tag-laulu","tag-marko-maunuksela","tag-music","tag-musiikki","tag-musiikkivideo","tag-saija-tuupanen","tag-sinkku","tag-suomi","tag-tangokuningas","tag-tangokuningatar","tag-tanssitahdet","tag-uutiset","tag-video","tag-viihde"],"share_on_mastodon":{"url":"https:\/\/pubeurope.com\/@fi\/115982987812047222","error":""},"_links":{"self":[{"href":"https:\/\/www.europesays.com\/fi\/wp-json\/wp\/v2\/posts\/156174","targetHints":{"allow":["GET"]}}],"collection":[{"href":"https:\/\/www.europesays.com\/fi\/wp-json\/wp\/v2\/posts"}],"about":[{"href":"https:\/\/www.europesays.com\/fi\/wp-json\/wp\/v2\/types\/post"}],"author":[{"embeddable":true,"href":"https:\/\/www.europesays.com\/fi\/wp-json\/wp\/v2\/users\/2"}],"replies":[{"embeddable":true,"href":"https:\/\/www.europesays.com\/fi\/wp-json\/wp\/v2\/comments?post=156174"}],"version-history":[{"count":0,"href":"https:\/\/www.europesays.com\/fi\/wp-json\/wp\/v2\/posts\/156174\/revisions"}],"wp:featuredmedia":[{"embeddable":true,"href":"https:\/\/www.europesays.com\/fi\/wp-json\/wp\/v2\/media\/156175"}],"wp:attachment":[{"href":"https:\/\/www.europesays.com\/fi\/wp-json\/wp\/v2\/media?parent=156174"}],"wp:term":[{"taxonomy":"category","embeddable":true,"href":"https:\/\/www.europesays.com\/fi\/wp-json\/wp\/v2\/categories?post=156174"},{"taxonomy":"post_tag","embeddable":true,"href":"https:\/\/www.europesays.com\/fi\/wp-json\/wp\/v2\/tags?post=156174"}],"curies":[{"name":"wp","href":"https:\/\/api.w.org\/{rel}","templated":true}]}}