{"id":15627,"date":"2025-08-25T08:29:13","date_gmt":"2025-08-25T08:29:13","guid":{"rendered":"https:\/\/www.europesays.com\/fi\/15627\/"},"modified":"2025-08-25T08:29:13","modified_gmt":"2025-08-25T08:29:13","slug":"bbcn-kybertoimittajan-koukuttava-tietokirja-avaa-julius-kivimaen-ja-muiden-kansainvalisten-teinihakkerien-toimintaa","status":"publish","type":"post","link":"https:\/\/www.europesays.com\/fi\/15627\/","title":{"rendered":"BBC:n kybertoimittajan koukuttava tietokirja avaa Julius Kivim\u00e4en ja muiden kansainv\u00e4listen teinihakkerien toimintaa"},"content":{"rendered":"<p><strong><\/p>\n<p><strong>Ctrl+Alt+Kaaos on BBC:n kybertoimittajan Joe Tidyn kirjoittama ensimm\u00e4inen kattava kuvaus kansainv\u00e4lisest\u00e4 hakkerien maailmasta, ja se ilmestyy t\u00e4n\u00e4\u00e4n suomeksi vain p\u00e4iv\u00e4 alkuper\u00e4isteoksen j\u00e4lkeen. Suomalaisittain kirjassa on erityisen kiinnostavaa se, millaisen kuvan se piirt\u00e4\u00e4 Julius Kivim\u00e4en toiminnasta lapsuudesta l\u00e4htien. <\/strong><\/p>\n<p><\/strong><\/p>\n<p><strong>Julius Kivim\u00e4ki<\/strong> lienee maailman vihatuin hakkeri. Vuosina 2018\u20132019 h\u00e4n murtautui Psykoterapiakeskus Vastaamon potilastietokantaan ja varasti yli 30 000 ihmisen potilastiedot. Yritetty\u00e4\u00e4n kirist\u00e4\u00e4 ihmisi\u00e4 Kivim\u00e4ki p\u00e4\u00e4tyi julkaisemaan tietoja Tor-verkossa, joutui Interpolin etsint\u00e4listalle ja pid\u00e4tettiin Ranskassa vuonna 2023.<\/p>\n<p>Kivim\u00e4en historiallisen t\u00f6rke\u00e4\u00e4 rikosta tutkinut BBC:n toimittaja <strong>Joe Tidy<\/strong> on seurannut tapausta tiiviisti muun muassa seuraamalla Kivim\u00e4en oikeudenk\u00e4ynti\u00e4 Suomessa ja on p\u00e4\u00e4ssyt haastattelemaan h\u00e4nt\u00e4 useaan otteeseen. T\u00e4ss\u00e4 kirjassa Tidy kuvaa 12-vuotiaana hakkerin uransa aloittaneen Kivim\u00e4en toimintaa osana viimeisten kymmenen vuoden aikana tapahtunutta teinihakkerien nousua.<\/p>\n<p>Kirja kuvaa kansainv\u00e4listen hakkeriryhmien v\u00e4lisi\u00e4 yhteyksi\u00e4 ja niiden kehityst\u00e4 sek\u00e4 sit\u00e4, kuinka jokainen ryhm\u00e4 on edelt\u00e4j\u00e4\u00e4ns\u00e4 r\u00f6yhke\u00e4mpi, aggressiivisempi ja jopa v\u00e4kivaltaisempi. Tidy my\u00f6s pohtii, miten voimme tulevaisuudessa vastata kyberrikollisuuden haasteisiin paremmin.<\/p>\n<p>Joe Tidy on haastatellut kirjaa varten my\u00f6s suomalaista kyberturvallisuusasiantuntijaa <strong>Mikko Hypp\u00f6st\u00e4<\/strong>. Kirja kertoo, miten Hypp\u00f6nen yritti k\u00e4\u00e4nt\u00e4\u00e4 13-vuotiaan Julius Kivim\u00e4en el\u00e4m\u00e4n suunnan esittelem\u00e4ll\u00e4 h\u00e4nelle p\u00e4iv\u00e4n verran F-Securen toimintaa. Tidy paljastaa my\u00f6s, miksi ei Hypp\u00f6nen ei antanut muutamaa kuukautta my\u00f6hemmin Kivim\u00e4elle t\u00e4m\u00e4n toivomaa TET-paikkaa yrityksen laboratorioissa.<\/p>\n<p>Joe Tidy on BBC:n ensimm\u00e4inen kybertoimittaja. Viimeisten viiden vuoden aikana h\u00e4n on raportoinut kyberhy\u00f6kk\u00e4yksist\u00e4 BBC:n televisio- ja radiokanavilla, sosiaalisessa mediassa ja verkkosivuilla. H\u00e4nen kirjoittamaansa artikkelia Julius Kivim\u00e4est\u00e4 on luettu yli 2,5 miljoonaa kertaa.<\/p>\n<p><strong>Joe Tidy: Ctrl+Alt+Kaaos \u2013 Julius Kivim\u00e4en ja muiden hakkerien j\u00e4ljill\u00e4<br \/><\/strong>Alkuteos: Ctrl+Alt+Chaos: How Teenage Hackers Hijack the Internet<strong><br \/><\/strong>Suomentanut Mina Eriksg\u00e5rd ja Nuanxed AB<\/p>\n","protected":false},"excerpt":{"rendered":"Ctrl+Alt+Kaaos on BBC:n kybertoimittajan Joe Tidyn kirjoittama ensimm\u00e4inen kattava kuvaus kansainv\u00e4lisest\u00e4 hakkerien maailmasta, ja se ilmestyy t\u00e4n\u00e4\u00e4n suomeksi&hellip;\n","protected":false},"author":2,"featured_media":15628,"comment_status":"","ping_status":"","sticky":false,"template":"","format":"standard","meta":{"footnotes":""},"categories":[134],"tags":[377,137,33,31,30,378,32,109],"class_list":{"0":"post-15627","1":"post","2":"type-post","3":"status-publish","4":"format-standard","5":"has-post-thumbnail","7":"category-kirjat","8":"tag-books","9":"tag-entertainment","10":"tag-fi","11":"tag-finland","12":"tag-finnish","13":"tag-kirjat","14":"tag-suomi","15":"tag-viihde"},"share_on_mastodon":{"url":"","error":""},"_links":{"self":[{"href":"https:\/\/www.europesays.com\/fi\/wp-json\/wp\/v2\/posts\/15627","targetHints":{"allow":["GET"]}}],"collection":[{"href":"https:\/\/www.europesays.com\/fi\/wp-json\/wp\/v2\/posts"}],"about":[{"href":"https:\/\/www.europesays.com\/fi\/wp-json\/wp\/v2\/types\/post"}],"author":[{"embeddable":true,"href":"https:\/\/www.europesays.com\/fi\/wp-json\/wp\/v2\/users\/2"}],"replies":[{"embeddable":true,"href":"https:\/\/www.europesays.com\/fi\/wp-json\/wp\/v2\/comments?post=15627"}],"version-history":[{"count":0,"href":"https:\/\/www.europesays.com\/fi\/wp-json\/wp\/v2\/posts\/15627\/revisions"}],"wp:featuredmedia":[{"embeddable":true,"href":"https:\/\/www.europesays.com\/fi\/wp-json\/wp\/v2\/media\/15628"}],"wp:attachment":[{"href":"https:\/\/www.europesays.com\/fi\/wp-json\/wp\/v2\/media?parent=15627"}],"wp:term":[{"taxonomy":"category","embeddable":true,"href":"https:\/\/www.europesays.com\/fi\/wp-json\/wp\/v2\/categories?post=15627"},{"taxonomy":"post_tag","embeddable":true,"href":"https:\/\/www.europesays.com\/fi\/wp-json\/wp\/v2\/tags?post=15627"}],"curies":[{"name":"wp","href":"https:\/\/api.w.org\/{rel}","templated":true}]}}