{"id":15631,"date":"2025-08-25T08:35:09","date_gmt":"2025-08-25T08:35:09","guid":{"rendered":"https:\/\/www.europesays.com\/fi\/15631\/"},"modified":"2025-08-25T08:35:09","modified_gmt":"2025-08-25T08:35:09","slug":"shirly-karvinen-rikkoo-hiljaisuutensa-erosta","status":"publish","type":"post","link":"https:\/\/www.europesays.com\/fi\/15631\/","title":{"rendered":"Shirly Karvinen rikkoo hiljaisuutensa erosta"},"content":{"rendered":"<p>Shirly Karvinen rikkoo hiljaisuutensa eronsa suhteen Olipa kerran otsikko -podcastissaan.<\/p>\n<p><img decoding=\"async\" class=\"image image-show image-preview\" src=\"https:\/\/www.europesays.com\/fi\/wp-content\/uploads\/2025\/08\/71628d3bf42a2fe3f112edf07882ba66b094d41959bd1c548f6cd69987973b16.jpg\" alt=\"\"\/><img decoding=\"async\" class=\"image image-show\" src=\"https:\/\/www.europesays.com\/fi\/wp-content\/uploads\/2025\/08\/1756110909_280_71628d3bf42a2fe3f112edf07882ba66b094d41959bd1c548f6cd69987973b16.jpg\" alt=\"\"\/><\/p>\n<p>Shirly Karvinen tunnustaa, ett\u00e4 erosta puhuminen on h\u00e4nelle vaikeaa. Pasi Liesimaa<\/p>\n<p class=\"paragraph\">Juontaja <strong>Shirly Karvinen<\/strong>, 32, ottaa puheeksi eronsa <a href=\"https:\/\/podme.com\/fi\/jakso\/8699908\/?fbclid=PAZXh0bgNhZW0CMTEAAacrVFDNHovVRYc55FkUsKAI6Av-XyPDcvaMkuQQtRWzxe6Gxruve5fLUAlJaA_aem_bNeQxmcnCIMDPlt1vvoV1Q\" target=\"_blank\" rel=\"noopener nofollow\">Olipa kerran otsikko<\/a> -podcastissaan. Hein\u00e4kuussa Karvisen ja artisti <strong>Sannin<\/strong>, 32, <a href=\"https:\/\/www.iltalehti.fi\/viihdeuutiset\/79e36eef-dc91-47e6-8197-6a72760f26e1\" rel=\"nofollow noopener\" target=\"_blank\">erosta<\/a> uutisoitiin, kun molemmat ilmoittivat asiasta sometileill\u00e4\u00e4n.<\/p>\n<p class=\"paragraph\">Nyt Karvinen haluaa pit\u00e4\u00e4 podcastkuuntelijansa ajan tasalla eron suhteen. Karvinen ei puhu Sannista nimell\u00e4.<\/p>\n<p class=\"paragraph\">\u2013 Se harvemmin on mik\u00e4\u00e4n sellainen hetkess\u00e4 syntynyt p\u00e4\u00e4t\u00f6s, mutta n\u00e4in on tapahtunut. Kaikki on siis hyvin, se on tapahtunut yhteisell\u00e4 p\u00e4\u00e4t\u00f6ksell\u00e4. Siihen ei ole liittynyt mit\u00e4\u00e4n muita tahoja tai kolmansia osapuolia. Eih\u00e4n n\u00e4m\u00e4 ole ikin\u00e4 kivoja tai helppoja asioita, juontaja sanoo jaksossa.<\/p>\n<p class=\"paragraph\">\u2013 Vaikka tulee p\u00e4\u00e4t\u00f6ksi\u00e4, eih\u00e4n se poista sit\u00e4, ett\u00e4 jokin asia on ollut merkityksellinen. Joskus vain on oikea p\u00e4\u00e4t\u00f6s nostaa kytkint\u00e4 ja painua eri suuntiin, h\u00e4n toteaa.<\/p>\n<p>Sanni ja Shirly Karvinen pitiv\u00e4t yht\u00e4 noin nelj\u00e4 vuotta. Atte Kajova<\/p>\n<p class=\"paragraph\">Karvisen juontopari <strong>Julianna Jokela<\/strong>, 29, kertoo, ett\u00e4 h\u00e4nt\u00e4 on omien erojensa kohdalla usein j\u00e4nnitt\u00e4nyt tulevaisuus niin paljon, ett\u00e4 niin sanotusti parisuhteen \u201dturvallinen helvetti\u201d tuntuu paremmalta vaihtoehdolta.<\/p>\n<p class=\"paragraph\">\u2013 Niin tai ei se v\u00e4ltt\u00e4m\u00e4tt\u00e4 ole turvallinen helvetti, vaan haluaa viimeiseen asti pit\u00e4\u00e4 kiinni, jos kuitenkin&#8230; vaikka se suhteen p\u00e4\u00e4ttyminen olisi kuinka pitk\u00e4 prosessi, niin silti toivosta luopuu, kun se oikeasti tapahtuu, Karvinen sanoo v\u00e4liin.<\/p>\n<p class=\"paragraph\">Karvinen kertoo eron olevan h\u00e4nelle vaikea puhua, koska h\u00e4nen ex-kumppaninsa on tunnettu julkisuudessa.<\/p>\n<p class=\"paragraph\">\u2013 Totta kai voin puhua omasta kokemuksestani ja mit\u00e4 itse k\u00e4yn l\u00e4pi, mutta haluan my\u00f6s kunnioittaa toisen ihmisen ja meid\u00e4n menneen ihmissuhteemme yksityisyytt\u00e4. My\u00f6s samalla olla jollain tavalla rehellinen siit\u00e4, mit\u00e4 olen tuntenut kes\u00e4n mittaan ja jatkaa siit\u00e4 eteenp\u00e4in, juontaja sanoo.<\/p>\n<p class=\"paragraph\">\u2013 Minulla oli hyv\u00e4 kes\u00e4, mutta sain kokea sen, milt\u00e4 tuntuu, kun on olemassa kaksi samanaikaista totuutta. Samaan aikaan on uuden edess\u00e4 ja luopumassa vanhasta, mik\u00e4 on aina todella surullista. Mutta silti on tosi paljon kivoja asioita el\u00e4m\u00e4ss\u00e4. Samaan aikaan on hiton surullinen, mutta my\u00f6s todella onnellinen. Se on kaksijakoinen ja joka suuntaan repiv\u00e4 tunne, h\u00e4n lis\u00e4\u00e4.<\/p>\n<p>Shirly Karvinen koki kes\u00e4ll\u00e4, milt\u00e4 tuntuu, kun on olemassa kaksi samanaikaista totuutta. Pasi Liesimaa<\/p>\n<p class=\"paragraph\">Karvinen kertoo odottavansa syksy\u00e4, sill\u00e4 h\u00e4n kokee sen olevan itselleen uudistumisen aikaa. H\u00e4nelle ahdistavin asia erossaan oli se, kun tuntemattomat ihmiset laittoivat h\u00e4nelle viesti\u00e4 tiedon tulleen julkisuuteen.<\/p>\n<p class=\"paragraph\">\u2013 On todella satuttavaa kuulla vaikka erin\u00e4isi\u00e4 juoruja tai spekulaatioita. Se on kuitenkin niin herkk\u00e4 asia.<\/p>\n<p class=\"paragraph\">Sannin ja Karvisen suhde alkoi vuonna 2021. He pitiv\u00e4t yht\u00e4 noin nelj\u00e4 vuotta.<\/p>\n<p class=\"paragraph\"><a href=\"https:\/\/www.seiska.fi\/vain-seiskassa\/yllatyssutinaa-shirly-karvinen-ja-rap-tahti-ahti-vaihtoivat-intohimoisia-suudelmia-kuvat-ja-video\/1862031\" target=\"_blank\" rel=\"noopener nofollow\">Seiska<\/a> julkaisi hein\u00e4kuussa <a href=\"https:\/\/www.iltalehti.fi\/viihdeuutiset\/4ad7adb7-20a5-4534-af32-a5fa73ab7fd0\" rel=\"nofollow noopener\" target=\"_blank\">suudelmakuvia<\/a> Karvisesta ja rap-artisti <strong>Ahti Peltosesta<\/strong>. Karvinen tai Peltonen eiv\u00e4t ole kommentoineet kuvia tai suuteluvideoita mitenk\u00e4\u00e4n.<\/p>\n","protected":false},"excerpt":{"rendered":"Shirly Karvinen rikkoo hiljaisuutensa eronsa suhteen Olipa kerran otsikko -podcastissaan. Shirly Karvinen tunnustaa, ett\u00e4 erosta puhuminen on h\u00e4nelle&hellip;\n","protected":false},"author":2,"featured_media":15632,"comment_status":"","ping_status":"","sticky":false,"template":"","format":"standard","meta":{"footnotes":""},"categories":[130],"tags":[35,1074,137,33,31,30,101,979,32,2140,139,109],"class_list":{"0":"post-15631","1":"post","2":"type-post","3":"status-publish","4":"format-standard","5":"has-post-thumbnail","7":"category-viihde","8":"tag-24h","9":"tag-avioliitto-ja-parisuhde","10":"tag-entertainment","11":"tag-fi","12":"tag-finland","13":"tag-finnish","14":"tag-ihmissuhteet","15":"tag-sahkoinen-media","16":"tag-suomi","17":"tag-tosi-tv-ohjelmat","18":"tag-tv-ohjelmat","19":"tag-viihde"},"share_on_mastodon":{"url":"","error":""},"_links":{"self":[{"href":"https:\/\/www.europesays.com\/fi\/wp-json\/wp\/v2\/posts\/15631","targetHints":{"allow":["GET"]}}],"collection":[{"href":"https:\/\/www.europesays.com\/fi\/wp-json\/wp\/v2\/posts"}],"about":[{"href":"https:\/\/www.europesays.com\/fi\/wp-json\/wp\/v2\/types\/post"}],"author":[{"embeddable":true,"href":"https:\/\/www.europesays.com\/fi\/wp-json\/wp\/v2\/users\/2"}],"replies":[{"embeddable":true,"href":"https:\/\/www.europesays.com\/fi\/wp-json\/wp\/v2\/comments?post=15631"}],"version-history":[{"count":0,"href":"https:\/\/www.europesays.com\/fi\/wp-json\/wp\/v2\/posts\/15631\/revisions"}],"wp:featuredmedia":[{"embeddable":true,"href":"https:\/\/www.europesays.com\/fi\/wp-json\/wp\/v2\/media\/15632"}],"wp:attachment":[{"href":"https:\/\/www.europesays.com\/fi\/wp-json\/wp\/v2\/media?parent=15631"}],"wp:term":[{"taxonomy":"category","embeddable":true,"href":"https:\/\/www.europesays.com\/fi\/wp-json\/wp\/v2\/categories?post=15631"},{"taxonomy":"post_tag","embeddable":true,"href":"https:\/\/www.europesays.com\/fi\/wp-json\/wp\/v2\/tags?post=15631"}],"curies":[{"name":"wp","href":"https:\/\/api.w.org\/{rel}","templated":true}]}}