{"id":15639,"date":"2025-08-25T08:41:08","date_gmt":"2025-08-25T08:41:08","guid":{"rendered":"https:\/\/www.europesays.com\/fi\/15639\/"},"modified":"2025-08-25T08:41:08","modified_gmt":"2025-08-25T08:41:08","slug":"pohjanmaan-karajaoikeus-tuomitsi-kaksi-miesta-torkeasta-lapsen-seksuaalisesta-hyvaksikaytosta-pohjanmaa","status":"publish","type":"post","link":"https:\/\/www.europesays.com\/fi\/15639\/","title":{"rendered":"Pohjanmaan k\u00e4r\u00e4j\u00e4oikeus tuomitsi kaksi miest\u00e4 t\u00f6rke\u00e4st\u00e4 lapsen seksuaalisesta hyv\u00e4ksik\u00e4yt\u00f6st\u00e4 | Pohjanmaa"},"content":{"rendered":"<p class=\"sc-jYczwO sc-dNFkOE bUKqJd eiHPxO yle__article__paragraph\">Teot olivat tapahtuneet vuosina 2014-2016. Pohjanmaan k\u00e4r\u00e4j\u00e4oikeudessa oli syytettyn\u00e4 yksitoista henkil\u00f6\u00e4, joista oikeus tuomitsi vankeusrangaistuksiin kaksi.<\/p>\n<p><img decoding=\"async\" alt=\"Rakennus ja vihreit\u00e4 puita.\" src=\"https:\/\/www.europesays.com\/fi\/wp-content\/uploads\/2025\/08\/39-13176696690e31e2baab.jpeg\" class=\"sc-dntSTA iywpZY\"\/><\/p>\n<p>Avaa kuvien katselu<\/p>\n<p>Pohjanmaan k\u00e4r\u00e4j\u00e4oikeuden p\u00e4\u00e4t\u00f6s ei ole viel\u00e4 lainvoimainen. Kuva: Chanette H\u00e4rus \/ YleJuttu tiivistettyn\u00e4:<\/p>\n<ul class=\"sc-dMmcxd iwejNa yle__article__list yle__article__list--ul\">\n<li class=\"sc-fGqoZs ftBuqH\">Pohjanmaan k\u00e4r\u00e4j\u00e4oikeus tuomitsi kaksi miest\u00e4 t\u00f6rke\u00e4st\u00e4 lapsen seksuaalisesta hyv\u00e4ksik\u00e4yt\u00f6st\u00e4. Toinen sai vuoden ja seitsem\u00e4n kuukauden vankeusrangaistuksen, toinen kahdeksan kuukauden vankeustuomion.<\/li>\n<li class=\"sc-fGqoZs ftBuqH\">Rikokset kohdistuivat 13\u201316-vuotiaaseen uhriin ja tapahtuivat vuosina 2014\u20132016. Uhri ilmoitti rikoksista viranomaisille lokakuussa 2020.<\/li>\n<li class=\"sc-fGqoZs ftBuqH\">Laajassa seksuaalirikoskokonaisuudessa oli syytettyn\u00e4 yhteens\u00e4 yksitoista henkil\u00f6\u00e4, mutta k\u00e4r\u00e4j\u00e4oikeus hylk\u00e4si kymmenen syytekohtaa n\u00e4yt\u00f6n puutteen vuoksi.<\/li>\n<li class=\"sc-fGqoZs ftBuqH\">K\u00e4r\u00e4j\u00e4oikeus katsoi, ett\u00e4 vastaajilla oli vahva selonottovelvollisuus uhrin i\u00e4st\u00e4. Tuomio ei ole viel\u00e4 lainvoimainen.<\/li>\n<\/ul>\n<p class=\"sc-jYczwO sc-ciCoXh bUKqJd cIOueB yle__article__paragraph\">T\u00e4m\u00e4 on teko\u00e4lyn avulla tuotettu, toimittajan tarkistama tiivistelm\u00e4.<\/p>\n<p class=\"sc-jYczwO sc-ciCoXh bUKqJd cIOueB yle__article__paragraph\">Pohjanmaan k\u00e4r\u00e4j\u00e4oikeus on antanut tuomionsa laajassa seksuaalirikoskokonaisuudessa, jossa oli syytettyn\u00e4 yhteens\u00e4 yksitoista henkil\u00f6\u00e4.<\/p>\n<p class=\"sc-jYczwO sc-ciCoXh bUKqJd cIOueB yle__article__paragraph\">Oikeus tuomitsi kaksi miest\u00e4 (synt. 1997 ja 1991) yhdess\u00e4 tehdyst\u00e4 t\u00f6rke\u00e4st\u00e4 lapsen seksuaalisesta hyv\u00e4ksik\u00e4yt\u00f6st\u00e4. Lis\u00e4ksi toinen tuomituista (synt. 1997) sai tuomiot kahdesta lapsen seksuaalisesta hyv\u00e4ksik\u00e4yt\u00f6st\u00e4.<\/p>\n<p class=\"sc-jYczwO sc-ciCoXh bUKqJd cIOueB yle__article__paragraph\">Teot ajoittuvat vuosille 2014\u20132016.<\/p>\n<p class=\"sc-jYczwO sc-ciCoXh bUKqJd cIOueB yle__article__paragraph\">Oikeus tuomitsi toiselle miehelle vuoden ja seitsem\u00e4n kuukautta vankeusrangaistusta, toiselle kahdeksan kuukautta vankeutta.<\/p>\n<p class=\"sc-jYczwO sc-ciCoXh bUKqJd cIOueB yle__article__paragraph\">Vastaajat m\u00e4\u00e4r\u00e4ttiin maksamaan uhrille korvauksia tilap\u00e4isest\u00e4 haitasta ja loukkauksen aiheuttamasta k\u00e4rsimyksest\u00e4. Lis\u00e4ksi heid\u00e4n tulee korvata osa valtion todistelukustannuksista sek\u00e4 osa asianomistajan oikeudenk\u00e4yntiavustajan palkkiosta.<\/p>\n<p class=\"sc-jYczwO sc-ciCoXh bUKqJd cIOueB yle__article__paragraph\">Tuomiot eiv\u00e4t ole viel\u00e4 lainvoimaisia.<\/p>\n<p>Useita syytekohtia ja pitk\u00e4 tutkinta<\/p>\n<p class=\"sc-jYczwO sc-ciCoXh bUKqJd cIOueB yle__article__paragraph\">Syytt\u00e4j\u00e4 nosti seksuaalirikoksiin liittyvi\u00e4 syytteit\u00e4 viidell\u00e4toista eri haastehakemuksella, joista kaksitoista k\u00e4siteltiin nyt annetussa tuomiossa.<\/p>\n<p class=\"sc-jYczwO sc-ciCoXh bUKqJd cIOueB yle__article__paragraph\">Asianomistaja oli ilmoittanut lokakuussa 2020 joutuneensa seksuaalirikosten uhriksi alaik\u00e4isen\u00e4 eli 13\u201316-vuotiaana.<\/p>\n<p class=\"sc-jYczwO sc-ciCoXh bUKqJd cIOueB yle__article__paragraph\">Esitutkinnassa h\u00e4n kertoi tapahtumista useaan otteeseen, ja poliisi kiersi h\u00e4nen kanssaan ep\u00e4iltyj\u00e4 tekopaikkoja Vaasassa tammikuussa 2022.<\/p>\n<p class=\"sc-jYczwO sc-ciCoXh bUKqJd cIOueB yle__article__paragraph\">Oikeudenk\u00e4ynniss\u00e4 k\u00e4siteltiin useita syytekohtia ja vastaajia, ja tekojen ajankohdat sek\u00e4 tapahtumapaikat meniv\u00e4t monin osin p\u00e4\u00e4llekk\u00e4in.<\/p>\n<p class=\"sc-jYczwO sc-ciCoXh bUKqJd cIOueB yle__article__paragraph\">Kolme vastaajista oli tekohetkell\u00e4 ainakin osittain alaik\u00e4isi\u00e4. Oikeus hylk\u00e4si kymmenen syytekohtaa.<\/p>\n<p>Vastaajilla selonottovelvollisuus uhrin i\u00e4st\u00e4<\/p>\n<p class=\"sc-jYczwO sc-ciCoXh bUKqJd cIOueB yle__article__paragraph\">Monet vastaajista kiistiv\u00e4t syytteet vedoten siihen, etteiv\u00e4t tunteneet asianomistajaa tai katsoivat t\u00e4m\u00e4n sekoittaneen tekij\u00f6it\u00e4 ja tapahtumia.<\/p>\n<p class=\"sc-jYczwO sc-ciCoXh bUKqJd cIOueB yle__article__paragraph\">Osassa tapauksista asianomistaja tunsi tekij\u00e4t vain lempinimill\u00e4, ja henkil\u00f6llisyyksi\u00e4 selviteltiin esimerkiksi sosiaalisen median kautta.<\/p>\n<p class=\"sc-jYczwO sc-ciCoXh bUKqJd cIOueB yle__article__paragraph\">Syyksiluetuissa tapauksissa vastaajat my\u00f6nsiv\u00e4t olleensa sukupuoliyhteydess\u00e4 asianomistajan kanssa, mutta kiistiv\u00e4t rikoksen. He kertoivat, etteiv\u00e4t tienneet asianomistajan oikeaa ik\u00e4\u00e4, eik\u00e4 asianomistajan itsem\u00e4\u00e4r\u00e4\u00e4misoikeutta ollut heid\u00e4n mielest\u00e4\u00e4n loukattu.<\/p>\n<p class=\"sc-jYczwO sc-ciCoXh bUKqJd cIOueB yle__article__paragraph\">K\u00e4r\u00e4j\u00e4oikeus kuitenkin katsoi, ett\u00e4 vastaajilla oli vahva selonottovelvollisuus uhrin i\u00e4st\u00e4, eik\u00e4 vastuu poistu sill\u00e4, ett\u00e4 asianomistaja mahdollisesti ilmoitti ik\u00e4ns\u00e4 v\u00e4\u00e4rin.<\/p>\n<p class=\"sc-jYczwO sc-ciCoXh bUKqJd cIOueB yle__article__paragraph\">Oikeus totesi, ett\u00e4 monen syytekohdan osalta n\u00e4ytt\u00f6 j\u00e4i ep\u00e4varmaksi, eik\u00e4 tuomiolle ollut riitt\u00e4vi\u00e4 perusteita. Lis\u00e4ksi oikeus totesi, ett\u00e4 koska tapahtumista oli kulunut jo l\u00e4hes kymmenen vuotta, se vaikutti sek\u00e4 asianomistajan ett\u00e4 todistajien muistikuvien tarkkuuteen.<\/p>\n<p class=\"sc-jYczwO sc-ciCoXh bUKqJd cIOueB yle__article__paragraph\">Vuosien viive, ep\u00e4selv\u00e4t muistikuvat ja muiden todisteiden puute aiheuttivat sen, ettei voitu luotettavasti osoittaa, ett\u00e4 juuri kyseiset vastaajat olivat syyllistyneet syytteess\u00e4 kuvattuihin tekoihin.<\/p>\n<p class=\"sc-jYczwO sc-ciCoXh bUKqJd cIOueB yle__article__paragraph\">Oikeus totesi, ett\u00e4 vaara tapahtumien ja tekij\u00f6iden sekoittumisesta oli olemassa.<\/p>\n<p class=\"sc-jYczwO sc-ciCoXh bUKqJd cIOueB yle__article__paragraph\">K\u00e4r\u00e4j\u00e4oikeuden p\u00e4\u00e4t\u00f6ksell\u00e4 oikeudenk\u00e4yntiasiakirjat, asianomistajan henkil\u00f6llisyys sek\u00e4 ratkaisun yksityiskohdat m\u00e4\u00e4r\u00e4ttiin salassa pidett\u00e4viksi 60 vuoden ajaksi vireille tulosta.<\/p>\n","protected":false},"excerpt":{"rendered":"Teot olivat tapahtuneet vuosina 2014-2016. Pohjanmaan k\u00e4r\u00e4j\u00e4oikeudessa oli syytettyn\u00e4 yksitoista henkil\u00f6\u00e4, joista oikeus tuomitsi vankeusrangaistuksiin kaksi. Avaa kuvien&hellip;\n","protected":false},"author":2,"featured_media":15640,"comment_status":"","ping_status":"","sticky":false,"template":"","format":"standard","meta":{"footnotes":""},"categories":[5],"tags":[22,23,26,27,33,31,30,17,71,4354,24,25,28,29,15,2098,18,21,449,6068,4353,32,19,20,16],"class_list":{"0":"post-15639","1":"post","2":"type-post","3":"status-publish","4":"format-standard","5":"has-post-thumbnail","7":"category-otsikot","8":"tag-breaking-news","9":"tag-breakingnews","10":"tag-featured-news","11":"tag-featurednews","12":"tag-fi","13":"tag-finland","14":"tag-finnish","15":"tag-headlines","16":"tag-kotimaa","17":"tag-lasten-seksuaalinen-hyvaksikaytto","18":"tag-latest-news","19":"tag-latestnews","20":"tag-main-news","21":"tag-mainnews","22":"tag-news","23":"tag-oikeudenkaynnit","24":"tag-otsikot","25":"tag-paauutiset","26":"tag-pohjanmaa","27":"tag-pohjanmaan-karajaoikeus","28":"tag-seksuaalirikokset","29":"tag-suomi","30":"tag-top-stories","31":"tag-topstories","32":"tag-uutiset"},"share_on_mastodon":{"url":"","error":""},"_links":{"self":[{"href":"https:\/\/www.europesays.com\/fi\/wp-json\/wp\/v2\/posts\/15639","targetHints":{"allow":["GET"]}}],"collection":[{"href":"https:\/\/www.europesays.com\/fi\/wp-json\/wp\/v2\/posts"}],"about":[{"href":"https:\/\/www.europesays.com\/fi\/wp-json\/wp\/v2\/types\/post"}],"author":[{"embeddable":true,"href":"https:\/\/www.europesays.com\/fi\/wp-json\/wp\/v2\/users\/2"}],"replies":[{"embeddable":true,"href":"https:\/\/www.europesays.com\/fi\/wp-json\/wp\/v2\/comments?post=15639"}],"version-history":[{"count":0,"href":"https:\/\/www.europesays.com\/fi\/wp-json\/wp\/v2\/posts\/15639\/revisions"}],"wp:featuredmedia":[{"embeddable":true,"href":"https:\/\/www.europesays.com\/fi\/wp-json\/wp\/v2\/media\/15640"}],"wp:attachment":[{"href":"https:\/\/www.europesays.com\/fi\/wp-json\/wp\/v2\/media?parent=15639"}],"wp:term":[{"taxonomy":"category","embeddable":true,"href":"https:\/\/www.europesays.com\/fi\/wp-json\/wp\/v2\/categories?post=15639"},{"taxonomy":"post_tag","embeddable":true,"href":"https:\/\/www.europesays.com\/fi\/wp-json\/wp\/v2\/tags?post=15639"}],"curies":[{"name":"wp","href":"https:\/\/api.w.org\/{rel}","templated":true}]}}