{"id":156399,"date":"2026-01-30T12:57:07","date_gmt":"2026-01-30T12:57:07","guid":{"rendered":"https:\/\/www.europesays.com\/fi\/156399\/"},"modified":"2026-01-30T12:57:07","modified_gmt":"2026-01-30T12:57:07","slug":"viro-kielsi-maahantulon-yli-200-venalaissotilaalta-mita-tekee-suomi","status":"publish","type":"post","link":"https:\/\/www.europesays.com\/fi\/156399\/","title":{"rendered":"Viro kielsi maahantulon yli 200 ven\u00e4l\u00e4issotilaalta, mit\u00e4 tekee Suomi?"},"content":{"rendered":"<p class=\"ai-optimize-7 ai-optimize-introduction\">Viro ajaa EU:n laajuista maahantulokieltoa Ukrainan vastaiseen sotaan osallistuneille entisille ven\u00e4l\u00e4isille sotilaille, sanoi Viron ulkoministeri <strong>Margus Tsahkna<\/strong> torstaina.<\/p>\n<p class=\"ai-optimize-8\">\u2013 But\u0161asta ei voi olla tiet\u00e4 Brysseliin, Tsahkna kertoi ja sanoi ottavansa aloitteen esille EU:n ulkoministerikokouksessa my\u00f6hemmin samana p\u00e4iv\u00e4n\u00e4.<\/p>\n<p class=\"ai-optimize-9\">\u2013 Entisten islamististen taistelijoiden tai Balkanin sotiin osallistuneiden soluttautuminen Eurooppaan on jo osoittanut meille, millaisen uhan julmuuksiin osallistuneet yksil\u00f6t muodostavat Euroopan yhteiskunnille ja turvallisuudelle, Tsahkna sanoi <a href=\"https:\/\/www.vm.ee\/en\/news\/foreign-minister-tsahkna-eu-foreign-ministers-there-must-be-no-path-bucha-brussels\" target=\"_blank\" rel=\"noopener nofollow\">Viron ulkoministeri\u00f6n<\/a> mukaan.<\/p>\n<p class=\"ai-optimize-10\">\u2013 Ven\u00e4j\u00e4n puolesta taistelevien joukossa on vankiloista rintamalle l\u00e4hetettyj\u00e4 tuomittuja rikollisia sek\u00e4 henkil\u00f6it\u00e4, jotka ovat selv\u00e4sti Eurooppaa kohtaan vihamielisi\u00e4. Entiset taistelijat edustavat sopivaa rekrytointipoolia Ven\u00e4j\u00e4n tiedustelupalveluille, ja heit\u00e4 voidaan k\u00e4ytt\u00e4\u00e4 sabotaasiin, kumoukselliseen toimintaan ja osallistumiseen j\u00e4rjest\u00e4ytyneeseen rikollisuuteen Euroopan maaper\u00e4ll\u00e4.<\/p>\n<p class=\"ai-optimize-11\">Viro itse kielsi 261 Ven\u00e4j\u00e4n asevoimissa taistelleen ihmisen maahanp\u00e4\u00e4syn <a href=\"https:\/\/www.siseministeerium.ee\/uudised\/siseministeerium-kehtestas-esimesed-sissesoidukeelud-ukrainas-sodivatele-venelastele\" target=\"_blank\" rel=\"noopener nofollow\">aiemmin tammikuussa<\/a>. Nyt Viron intressiss\u00e4 on saada taistelijoiden saapumiskielto koskemaan koko Schengen-aluetta.<\/p>\n<p class=\"ai-optimize-12\">Suomen ulkoministeri\u00f6n mukaan Viro on tuonut asian esille Pohjoismaiden ja Baltian maiden (NB8) yhteisty\u00f6ss\u00e4 sis\u00e4ministereiden kesken. Ulkoministeri\u00f6st\u00e4 kerrottiin Verkkouutisille tammikuun puoliv\u00e4liss\u00e4, ett\u00e4 Viron lains\u00e4\u00e4d\u00e4nt\u00f6 mahdollistaa henkil\u00f6kohtaiset pakotteet joiden turvin n\u00e4iden 261 taistelijan maahantulo on kielletty.<\/p>\n<p class=\"ai-optimize-13\">\u2013 Suomella ei ole k\u00e4yt\u00f6ss\u00e4 kansallisia pakotteita eik\u00e4 sit\u00e4 kautta kansallisista pakotteista johtuvia matkustuskieltoja, eli Suomen ei ole kansallisen lains\u00e4\u00e4d\u00e4nt\u00f6mme nojalla mahdollista vastaavia henkil\u00f6pakotteita asettaa, kertoi ulkoministeri\u00f6n maahantuloasioiden yksik\u00f6n p\u00e4\u00e4llikk\u00f6 <strong>Katja Luopaj\u00e4rvi<\/strong> s\u00e4hk\u00f6postitse.<\/p>\n<p class=\"ai-optimize-14\">\u2013 Pakotteet, mukaan lukien maahantulokiellot, tulisi asettaa EU-tasoisesti ja se vaatii yksimielisyytt\u00e4 kaikilta j\u00e4senmailta.<\/p>\n<p class=\"ai-optimize-15\">Torstaina my\u00f6s EU:n ulkoasioiden ja turvallisuuspolitiikan korkea edustaja <strong>Kaja Kallas<\/strong> otti kantaa Viron aloitteeseen. Kallas itse toimi Viron p\u00e4\u00e4ministerin\u00e4 2021\u20132024.<\/p>\n<p class=\"ai-optimize-16\">\u2013 Ehdotus Ven\u00e4j\u00e4n entisten taistelijoiden maahantulon kielt\u00e4misest\u00e4 Euroopan unioniin on tehty, ja monet j\u00e4senvaltiot ovat osoittaneet sille tukea, Kallas <a href=\"https:\/\/www.eeas.europa.eu\/eeas\/foreign-affairs-council-press-conference-high-representative-kaja-kallas-1_en\" target=\"_blank\" rel=\"noopener nofollow\">sanoi<\/a> lehdist\u00f6tilaisuudessa.<\/p>\n<p class=\"ai-optimize-17\">\u2013 Sovimme viev\u00e4mme t\u00e4t\u00e4 ehdotusta eteenp\u00e4in ja testaavamme j\u00e4senvaltioiden kiinnostusta. T\u00e4m\u00e4 on yksi niist\u00e4 askeleista, joita meid\u00e4n on valmisteltava, jos tulitauko tai jonkinlainen ratkaisu saadaan. Meid\u00e4n on saatava vastauksia etuk\u00e4teen.<\/p>\n<p>\u00a0<\/p>\n<p>Poimintoja videosis\u00e4ll\u00f6ist\u00e4mme<\/p>\n","protected":false},"excerpt":{"rendered":"Viro ajaa EU:n laajuista maahantulokieltoa Ukrainan vastaiseen sotaan osallistuneille entisille ven\u00e4l\u00e4isille sotilaille, sanoi Viron ulkoministeri Margus Tsahkna torstaina.&hellip;\n","protected":false},"author":2,"featured_media":156400,"comment_status":"","ping_status":"","sticky":false,"template":"","format":"standard","meta":{"footnotes":"","_share_on_mastodon":"0"},"categories":[12],"tags":[22,23,3462,26,27,33,31,30,17,24,25,28,29,15,18,21,15589,32,19,20,16,987],"class_list":["post-156399","post","type-post","status-publish","format-standard","has-post-thumbnail","category-suomi","tag-breaking-news","tag-breakingnews","tag-eu","tag-featured-news","tag-featurednews","tag-fi","tag-finland","tag-finnish","tag-headlines","tag-latest-news","tag-latestnews","tag-main-news","tag-mainnews","tag-news","tag-otsikot","tag-paauutiset","tag-pakotteet","tag-suomi","tag-top-stories","tag-topstories","tag-uutiset","tag-venajan-hyokkays"],"share_on_mastodon":{"url":"https:\/\/pubeurope.com\/@fi\/115984167352076186","error":""},"_links":{"self":[{"href":"https:\/\/www.europesays.com\/fi\/wp-json\/wp\/v2\/posts\/156399","targetHints":{"allow":["GET"]}}],"collection":[{"href":"https:\/\/www.europesays.com\/fi\/wp-json\/wp\/v2\/posts"}],"about":[{"href":"https:\/\/www.europesays.com\/fi\/wp-json\/wp\/v2\/types\/post"}],"author":[{"embeddable":true,"href":"https:\/\/www.europesays.com\/fi\/wp-json\/wp\/v2\/users\/2"}],"replies":[{"embeddable":true,"href":"https:\/\/www.europesays.com\/fi\/wp-json\/wp\/v2\/comments?post=156399"}],"version-history":[{"count":0,"href":"https:\/\/www.europesays.com\/fi\/wp-json\/wp\/v2\/posts\/156399\/revisions"}],"wp:featuredmedia":[{"embeddable":true,"href":"https:\/\/www.europesays.com\/fi\/wp-json\/wp\/v2\/media\/156400"}],"wp:attachment":[{"href":"https:\/\/www.europesays.com\/fi\/wp-json\/wp\/v2\/media?parent=156399"}],"wp:term":[{"taxonomy":"category","embeddable":true,"href":"https:\/\/www.europesays.com\/fi\/wp-json\/wp\/v2\/categories?post=156399"},{"taxonomy":"post_tag","embeddable":true,"href":"https:\/\/www.europesays.com\/fi\/wp-json\/wp\/v2\/tags?post=156399"}],"curies":[{"name":"wp","href":"https:\/\/api.w.org\/{rel}","templated":true}]}}